{"id":27633,"date":"2020-04-20T11:46:12","date_gmt":"2020-04-20T15:46:12","guid":{"rendered":"http:\/\/blogdalucianaoliveira.com.br\/blog\/?p=27633"},"modified":"2020-04-20T11:46:17","modified_gmt":"2020-04-20T15:46:17","slug":"juizes-alertam-bolsonaro-de-que-nao-admitirao-qualquer-retrocesso-institucional","status":"publish","type":"post","link":"http:\/\/blogdalucianaoliveira.com.br\/blog\/2020\/04\/20\/juizes-alertam-bolsonaro-de-que-nao-admitirao-qualquer-retrocesso-institucional\/","title":{"rendered":"Ju\u00edzes alertam Bolsonaro de que &#8220;n\u00e3o admitir\u00e3o qualquer retrocesso institucional&#8221;"},"content":{"rendered":"\n<figure class=\"wp-block-image\"><img data-recalc-dims=\"1\" decoding=\"async\" src=\"https:\/\/i0.wp.com\/publisher-publish.s3.eu-central-1.amazonaws.com\/pb-brasil247\/swp\/jtjeq9\/media\/20200420080412_115cdbfa894070851b1186d8f283f10aa09a6ef3c53a8fe1474b14a727013707.jpeg?w=600&#038;ssl=1\" alt=\"Presidente Jair Bolsonaro conversa com apoiadores ao deixar o Pal\u00e1cio da Alvorada em Bras\u00edlia\"\/><\/figure>\n\n\n\n<p><strong>247 &#8211;&nbsp;<\/strong>Ap\u00f3s Jair Bolsonaro participar de um ato neste domingo (19) contra a democracia e discursar para apoiadores que pediam interven\u00e7\u00e3o militar e o fechamento do Congresso, a Associa\u00e7\u00e3o dos Ju\u00edzes Federais do Brasil (Ajufe) e outras cinco entidades emitiram uma nota conjunta onde afirmam que \u2018n\u00e3o admitir\u00e3o qualquer retrocesso institucional ou o rompimento da ordem democr\u00e1tica\u2019. A nota pede que as autoridades p\u00fablicas se unam \u201cevitando pol\u00eamicas desnecess\u00e1rias que possam gerar s\u00e9rias crises institucionais\u201d.<\/p>\n\n\n\n<!--more-->\n\n\n\n<p>\u201cA Rep\u00fablica Federativa do Brasil constitui-se em Estado Democr\u00e1tico de Direito e tem como fundamentos a soberania, a cidadania, a dignidade da pessoa humana, os valores sociais do trabalho, da livre iniciativa e o pluralismo pol\u00edtico\u201d, destaca o texto da nota encabe\u00e7ada pela Ajufe.&nbsp;<\/p>\n\n\n\n<p>Tamb\u00e9m em nota, a Associa\u00e7\u00e3o dos Magistrados Brasileiros (AMB) se posicionou contra as manifesta\u00e7\u00f5es, que tamb\u00e9m foram dirigidas contra o Supremo Tribunal Federal, a C\u00e2mara e o Senado, e ressaltou que est\u00e1 pronta \u201cpara atuar em defesa da Constitui\u00e7\u00e3o, da magistratura e do sistema de Justi\u00e7a\u201d. \u201cO caminho correto para a busca das solu\u00e7\u00f5es \u00e9 o cumprimento rigoroso da lei e o trabalho em conjunto das institui\u00e7\u00f5es em prol da constru\u00e7\u00e3o de solu\u00e7\u00f5es\u201d, destaca a AMB.<br><\/p>\n","protected":false},"excerpt":{"rendered":"<p>247 &#8211;&nbsp;Ap\u00f3s Jair Bolsonaro participar de um ato neste domingo (19) contra a democracia e discursar para apoiadores que pediam interven\u00e7\u00e3o militar e o fechamento do Congresso, a Associa\u00e7\u00e3o dos Ju\u00edzes Federais do Brasil (Ajufe) e outras cinco entidades emitiram uma nota conjunta onde afirmam que \u2018n\u00e3o admitir\u00e3o qualquer retrocesso institucional ou o rompimento da&#8230;<a class=\"more-link\" href=\"http:\/\/blogdalucianaoliveira.com.br\/blog\/2020\/04\/20\/juizes-alertam-bolsonaro-de-que-nao-admitirao-qualquer-retrocesso-institucional\/\">Continue a leitura <span class=\"meta-nav\">&raquo;<\/span><\/a><\/p>\n","protected":false},"author":1,"featured_media":0,"comment_status":"closed","ping_status":"open","sticky":false,"template":"","format":"standard","meta":{"_exactmetrics_skip_tracking":false,"_exactmetrics_sitenote_active":false,"_exactmetrics_sitenote_note":"","_exactmetrics_sitenote_category":0,"jetpack_post_was_ever_published":false,"_jetpack_newsletter_access":"","_jetpack_dont_email_post_to_subs":false,"_jetpack_newsletter_tier_id":0,"_jetpack_memberships_contains_paywalled_content":false,"_jetpack_memberships_contains_paid_content":false,"footnotes":"","jetpack_publicize_message":"","jetpack_publicize_feature_enabled":true,"jetpack_social_post_already_shared":true,"jetpack_social_options":{"image_generator_settings":{"template":"highway","enabled":false},"version":2}},"categories":[1],"tags":[],"class_list":["post-27633","post","type-post","status-publish","format-standard","hentry","category-notas"],"jetpack_publicize_connections":[],"jetpack_sharing_enabled":true,"jetpack_featured_media_url":"","jetpack_shortlink":"https:\/\/wp.me\/p7wKYW-7bH","jetpack-related-posts":[],"_links":{"self":[{"href":"http:\/\/blogdalucianaoliveira.com.br\/blog\/wp-json\/wp\/v2\/posts\/27633","targetHints":{"allow":["GET"]}}],"collection":[{"href":"http:\/\/blogdalucianaoliveira.com.br\/blog\/wp-json\/wp\/v2\/posts"}],"about":[{"href":"http:\/\/blogdalucianaoliveira.com.br\/blog\/wp-json\/wp\/v2\/types\/post"}],"author":[{"embeddable":true,"href":"http:\/\/blogdalucianaoliveira.com.br\/blog\/wp-json\/wp\/v2\/users\/1"}],"replies":[{"embeddable":true,"href":"http:\/\/blogdalucianaoliveira.com.br\/blog\/wp-json\/wp\/v2\/comments?post=27633"}],"version-history":[{"count":1,"href":"http:\/\/blogdalucianaoliveira.com.br\/blog\/wp-json\/wp\/v2\/posts\/27633\/revisions"}],"predecessor-version":[{"id":27634,"href":"http:\/\/blogdalucianaoliveira.com.br\/blog\/wp-json\/wp\/v2\/posts\/27633\/revisions\/27634"}],"wp:attachment":[{"href":"http:\/\/blogdalucianaoliveira.com.br\/blog\/wp-json\/wp\/v2\/media?parent=27633"}],"wp:term":[{"taxonomy":"category","embeddable":true,"href":"http:\/\/blogdalucianaoliveira.com.br\/blog\/wp-json\/wp\/v2\/categories?post=27633"},{"taxonomy":"post_tag","embeddable":true,"href":"http:\/\/blogdalucianaoliveira.com.br\/blog\/wp-json\/wp\/v2\/tags?post=27633"}],"curies":[{"name":"wp","href":"https:\/\/api.w.org\/{rel}","templated":true}]}}