{"id":27637,"date":"2020-04-20T12:27:27","date_gmt":"2020-04-20T16:27:27","guid":{"rendered":"http:\/\/blogdalucianaoliveira.com.br\/blog\/?p=27637"},"modified":"2020-04-20T12:27:35","modified_gmt":"2020-04-20T16:27:35","slug":"4-pontos-sobre-o-discurso-de-bolsonaro-em-ato-a-favor-de-intervencao-militar","status":"publish","type":"post","link":"http:\/\/blogdalucianaoliveira.com.br\/blog\/2020\/04\/20\/4-pontos-sobre-o-discurso-de-bolsonaro-em-ato-a-favor-de-intervencao-militar\/","title":{"rendered":"4 pontos sobre o discurso de Bolsonaro em ato a favor de &#8216;interven\u00e7\u00e3o militar&#8217;"},"content":{"rendered":"\n<figure class=\"wp-block-image size-large\"><img data-recalc-dims=\"1\" loading=\"lazy\" decoding=\"async\" width=\"410\" height=\"230\" data-attachment-id=\"27638\" data-permalink=\"http:\/\/blogdalucianaoliveira.com.br\/blog\/2020\/04\/20\/4-pontos-sobre-o-discurso-de-bolsonaro-em-ato-a-favor-de-intervencao-militar\/image-54-5\/\" data-orig-file=\"https:\/\/i0.wp.com\/blogdalucianaoliveira.com.br\/blog\/wp-content\/uploads\/2020\/04\/image-54.jpeg?fit=410%2C230\" data-orig-size=\"410,230\" data-comments-opened=\"0\" data-image-meta=\"{&quot;aperture&quot;:&quot;0&quot;,&quot;credit&quot;:&quot;&quot;,&quot;camera&quot;:&quot;&quot;,&quot;caption&quot;:&quot;&quot;,&quot;created_timestamp&quot;:&quot;0&quot;,&quot;copyright&quot;:&quot;&quot;,&quot;focal_length&quot;:&quot;0&quot;,&quot;iso&quot;:&quot;0&quot;,&quot;shutter_speed&quot;:&quot;0&quot;,&quot;title&quot;:&quot;&quot;,&quot;orientation&quot;:&quot;0&quot;}\" data-image-title=\"image-54\" data-image-description=\"\" data-image-caption=\"\" data-medium-file=\"https:\/\/i0.wp.com\/blogdalucianaoliveira.com.br\/blog\/wp-content\/uploads\/2020\/04\/image-54.jpeg?fit=300%2C168\" data-large-file=\"https:\/\/i0.wp.com\/blogdalucianaoliveira.com.br\/blog\/wp-content\/uploads\/2020\/04\/image-54.jpeg?fit=410%2C230\" src=\"https:\/\/i0.wp.com\/blogdalucianaoliveira.com.br\/blog\/wp-content\/uploads\/2020\/04\/image-54.jpeg?resize=410%2C230\" alt=\"\" class=\"wp-image-27638\" srcset=\"https:\/\/i0.wp.com\/blogdalucianaoliveira.com.br\/blog\/wp-content\/uploads\/2020\/04\/image-54.jpeg?w=410 410w, https:\/\/i0.wp.com\/blogdalucianaoliveira.com.br\/blog\/wp-content\/uploads\/2020\/04\/image-54.jpeg?resize=300%2C168 300w\" sizes=\"auto, (max-width: 410px) 100vw, 410px\" \/><\/figure>\n\n\n\n<p>Na BBC &#8211; Em meio \u00e0 crise do novo coronav\u00edrus, o presidente Jair Bolsonaro fez um discurso em ato que pedia &#8220;interven\u00e7\u00e3o militar&#8221; e o fechamento do Congresso e do Supremo Tribunal Federal (STF) em frente ao Quartel General do Ex\u00e9rcito, em Bras\u00edlia.<\/p>\n\n\n\n<!--more-->\n\n\n\n<p>A atitude do presidente no domingo (19\/04), no mesmo dia em que o Brasil chegava a um total de mais de 2.400 mortes confirmadas devido ao coronav\u00edrus, despertou cr\u00edticas de ministros do STF, governadores e parlamentares.<\/p>\n\n\n\n<p>O professor de rela\u00e7\u00f5es internacionais na Funda\u00e7\u00e3o Getulio Vargas (FGV) Oliver Stuenkel afirmou que Bolsonaro alcan\u00e7ou o objetivo de desviar o foco da discuss\u00e3o sobre a pandemia e as medidas necess\u00e1rias para cont\u00ea-la.<\/p>\n\n\n\n<p>&#8220;Conseguiu pautar a agenda do debate p\u00fablico e desviar o foco. Diferentemente do resto do mundo, que discute como melhor responder \u00e0 pandemia, n\u00f3s estamos discutindo se haver\u00e1 golpe militar ou n\u00e3o&#8221;, escreveu Stuenkel no Twitter.<\/p>\n\n\n\n<p>Leia, a seguir, os principais pontos sobre o discurso do presidente e as rea\u00e7\u00f5es (ou sil\u00eancios) que ele gerou:<\/p>\n\n\n\n<h2 class=\"wp-block-heading\">1. &#8216;N\u00e3o queremos negociar nada&#8217;<\/h2>\n\n\n\n<p>Bolsonaro foi at\u00e9 o QG do Ex\u00e9rcito, em Bras\u00edlia, e discursou em cima da ca\u00e7amba de uma caminhonete a manifestantes que pediam &#8220;interven\u00e7\u00e3o militar&#8221;.&nbsp;<\/p>\n\n\n\n<p>&#8220;N\u00f3s n\u00e3o queremos negociar nada. N\u00f3s queremos a\u00e7\u00e3o pelo Brasil&#8221;, disse o presidente, em discurso que foi transmitido ao vivo em rede social.<\/p>\n\n\n\n<p>Ele voltou a usar frases como &#8220;chega da velha pol\u00edtica&#8221; e disse aos manifestantes: &#8220;eu estou aqui porque acredito em voc\u00eas e voc\u00eas est\u00e3o aqui porque acreditam no Brasil&#8221;.<\/p>\n\n\n\n<p>Pr\u00f3ximo a faixas que pediam que os militares agissem contra STF e Congresso, Bolsonaro falou em manter a democracia. &#8220;Contem com o seu presidente para fazer tudo aquilo que for necess\u00e1rio para manter a democracia e garantir o que h\u00e1 de mais sagrado, a nossa liberdade.&#8221;<\/p>\n\n\n\n<p>O protesto, no entanto, estava repleto de cartazes contra a democracia. Eles diziam diziam &#8220;fora STF&#8221;, &#8220;fora Maia&#8221; e pediam o retorno do AI-5, que foi&nbsp;<a href=\"https:\/\/www.bbc.com\/portuguese\/brasil-50747553\">o ato institucional que endureceu o regime militar<\/a>&nbsp;e autorizou uma s\u00e9rie de medidas de exce\u00e7\u00e3o, permitindo o fechamento do Congresso, a cassa\u00e7\u00e3o de mandatos parlamentares, interven\u00e7\u00f5es do governo federal nos Estados, pris\u00f5es at\u00e9 ent\u00e3o consideradas ilegais e suspens\u00e3o dos direitos pol\u00edticos dos cidad\u00e3os sem necessidade de justificativa.<\/p>\n\n\n\n<p>Um dos cartazes pedia &#8220;interven\u00e7\u00e3o militar com Bolsonaro no poder&#8221;.<\/p>\n\n\n\n<figure class=\"wp-block-embed-twitter wp-block-embed is-type-rich is-provider-twitter\"><div class=\"wp-block-embed__wrapper\">\n<blockquote class=\"twitter-tweet\" data-width=\"550\" data-dnt=\"true\"><p lang=\"pt\" dir=\"ltr\">&#8211; QG do <a href=\"https:\/\/twitter.com\/exercitooficial?ref_src=twsrc%5Etfw\">@exercitooficial<\/a> (DF): <a href=\"https:\/\/t.co\/WkcQKiHJtR\">pic.twitter.com\/WkcQKiHJtR<\/a><\/p>&mdash; Jair M. Bolsonaro (@jairbolsonaro) <a href=\"https:\/\/twitter.com\/jairbolsonaro\/status\/1251917672083861505?ref_src=twsrc%5Etfw\">April 19, 2020<\/a><\/blockquote><script async src=\"https:\/\/platform.twitter.com\/widgets.js\" charset=\"utf-8\"><\/script>\n<\/div><\/figure>\n\n\n\n<p>Nesta segunda-feira (20), ao deixar o Pal\u00e1cio da Alvorada, Bolsonaro foi falar com a imprensa e defendeu Supremo e Congresso &#8220;abertos e transparentes&#8221;.<\/p>\n\n\n\n<p>&#8220;Sem essa conversa de fechar. Aqui n\u00e3o tem que fechar nada, d\u00e1 licen\u00e7a a\u00ed. Aqui \u00e9 democracia, \u00e9 respeito \u00e0 Constitui\u00e7\u00e3o Brasileira&#8221;, respondeu a um apoiador que pediu o fechamento do STF.<\/p>\n\n\n\n<p>Bolsonaro disse que &#8220;falta intelig\u00eancia&#8221; para quem o acusa de ser ditatorial. &#8220;O pessoal geralmente conspira para chegar ao poder. Eu j\u00e1 sou o presidente da Rep\u00fablica.&#8221;&nbsp;<\/p>\n\n\n\n<p>Afirmou, ainda, que o povo estava nas ruas, em grande parte, &#8220;pedindo a volta ao trabalho&#8221; e que a situa\u00e7\u00e3o econ\u00f4mica do Brasil est\u00e1 se agravando.<\/p>\n\n\n\n<p>Bolsonaro disse que todo e qualquer movimento tem &#8220;infiltrados&#8221; e que as pessoas t\u00eam liberdade de express\u00e3o. &#8220;Queremos voltar ao trabalho, o povo quer isso. Estavam l\u00e1 saudando o Ex\u00e9rcito brasileiro, \u00e9 isso e mais nada. Fora isso, \u00e9 invencionice.&#8221;<\/p>\n\n\n\n<h2 class=\"wp-block-heading\">2. Tosse e aglomera\u00e7\u00e3o<\/h2>\n\n\n\n<p>A aglomera\u00e7\u00e3o de manifesta\u00e7\u00f5es, como a que Bolsonaro participou, vai contra as recomenda\u00e7\u00f5es do Minist\u00e9rio da Sa\u00fade e da Organiza\u00e7\u00e3o Mundial da Sa\u00fade (OMS).&nbsp;<\/p>\n\n\n\n<p>Durante a participa\u00e7\u00e3o, o presidente chegou a tossir e passar as m\u00e3os no nariz. Em determinado momento, ele tamb\u00e9m cumprimentou um policial com aperto de m\u00e3os.<\/p>\n\n\n\n<p>N\u00e3o \u00e9 novidade, contudo, que o presidente n\u00e3o est\u00e1 cumprindo recomenda\u00e7\u00f5es de distanciamento social. Ele tem feito sa\u00eddas em Bras\u00edlia e no entorno da capital &#8211; em uma delas, foi a uma padaria, tirou fotos com funcion\u00e1rios, bebeu refrigerante e comeu.&nbsp;<\/p>\n\n\n\n<p>Ele refor\u00e7ou o discurso contra o isolamento social e disse que todas as atividades econ\u00f4micas s\u00e3o essenciais. O presidente vem defendendo que \u00e9 necess\u00e1rio &#8220;preservar a economia&#8221; durante a pandemia.<\/p>\n\n\n\n<figure class=\"wp-block-image\"><img data-recalc-dims=\"1\" decoding=\"async\" src=\"https:\/\/i0.wp.com\/ichef.bbci.co.uk\/news\/410\/cpsprodpb\/6897\/production\/_111857762_e4873693-0ddf-4258-94e9-bccf27240a9e.jpg?w=600&#038;ssl=1\" alt=\"Bolsonaro cobre a boca com a mao\"\/><figcaption>Image captionBolsonaro tossiu durante discurso em ato<\/figcaption><\/figure>\n\n\n\n<p>A OMS, por\u00e9m, afirma que o distanciamento social \u00e9 importante para reduzir o n\u00famero de mortes. Diante dessa necessidade de redu\u00e7\u00e3o da atividade, economistas e entidades recomendam que os governos promovam medidas de apoio \u00e0 popula\u00e7\u00e3o que pode ficar sem renda ou com renda reduzida.<\/p>\n\n\n\n<h2 class=\"wp-block-heading\">3. Rea\u00e7\u00e3o<\/h2>\n\n\n\n<p>O presidente da C\u00e2mara, Rodrigo Maia (DEM-RJ) disse ontem que repudia atos em defesa da ditadura.<\/p>\n\n\n\n<p>&#8220;O mundo inteiro est\u00e1 unido contra o coronav\u00edrus. No Brasil, temos de lutar contra o corona e o v\u00edrus do autoritarismo. \u00c9 mais trabalhoso, mas venceremos. Em nome da C\u00e2mara dos Deputados, repudio todo e qualquer ato que defenda a ditadura, atentando contra a Constitui\u00e7\u00e3o&#8221;, escreveu no Twitter.<\/p>\n\n\n\n<p>No momento em que o governo e o Congresso devem apresentar medidas para responder \u00e0 crise gerada pelo coronav\u00edrus, Maia e Bolsonaro v\u00eam travando briga p\u00fablica.<\/p>\n\n\n\n<figure class=\"wp-block-embed-twitter wp-block-embed is-type-rich is-provider-twitter\"><div class=\"wp-block-embed__wrapper\">\n<blockquote class=\"twitter-tweet\" data-width=\"550\" data-dnt=\"true\"><p lang=\"pt\" dir=\"ltr\">Lament\u00e1vel que o presidente da rep\u00fablica apoie um ato antidemocr\u00e1tico, que afronta a democracia e exalta o AI-5. Repudio tamb\u00e9m os ataques ao Congresso Nacional e ao Supremo Tribunal Federal. O Brasil precisa vencer a pandemia e deve preservar sua democracia\ud83c\udde7\ud83c\uddf7<\/p>&mdash; Jo\u00e3o Doria (@jdoriajr) <a href=\"https:\/\/twitter.com\/jdoriajr\/status\/1251960774349774848?ref_src=twsrc%5Etfw\">April 19, 2020<\/a><\/blockquote><script async src=\"https:\/\/platform.twitter.com\/widgets.js\" charset=\"utf-8\"><\/script>\n<\/div><\/figure>\n\n\n\n<p>Mais um pol\u00edtico com quem Bolsonaro vem trocando cr\u00edticas, o governador de S\u00e3o Paulo, Jo\u00e3o Doria, tamb\u00e9m reagiu \u00e0 atitude do presidente no domingo.<\/p>\n\n\n\n<p>&#8220;Lament\u00e1vel que o presidente da Rep\u00fablica apoie um ato antidemocr\u00e1tico, que afronta a democracia e exalta o AI-5. Repudio tamb\u00e9m os ataques ao Congresso Nacional e ao Supremo Tribunal Federal. O Brasil precisa vencer a pandemia e deve preservar sua democracia.&#8221;<\/p>\n\n\n\n<p>Ministros do STF tamb\u00e9m reagiram. O ministro Lu\u00eds Roberto Barroso escreveu que &#8220;\u00e9 assustador ver manifesta\u00e7\u00f5es pela volta do regime militar, ap\u00f3s 30 anos de democracia&#8221;.&nbsp;<\/p>\n\n\n\n<p>&#8220;Defender a Constitui\u00e7\u00e3o e as institui\u00e7\u00f5es democr\u00e1ticas faz parte do meu papel e do meu dever. Pior do que o grito dos maus \u00e9 o sil\u00eancio dos bons (Martin Luther King)&#8221;, escreveu.&nbsp;<\/p>\n\n\n\n<p>&#8220;S\u00f3 pode desejar interven\u00e7\u00e3o militar quem perdeu a f\u00e9 no futuro e sonha com um passado que nunca houve. Ditaduras v\u00eam com viol\u00eancia contra os advers\u00e1rios, censura e intoler\u00e2ncia. Pessoas de bem e que amam o Brasil n\u00e3o desejam isso.&#8221;<\/p>\n\n\n\n<figure class=\"wp-block-embed-twitter wp-block-embed is-type-rich is-provider-twitter\"><div class=\"wp-block-embed__wrapper\">\n<blockquote class=\"twitter-tweet\" data-width=\"550\" data-dnt=\"true\"><p lang=\"pt\" dir=\"ltr\">A crise do <a href=\"https:\/\/twitter.com\/hashtag\/coronavirus?src=hash&amp;ref_src=twsrc%5Etfw\">#coronavirus<\/a> s\u00f3 vai ser superada com responsabilidade pol\u00edtica, uni\u00e3o de todos e solidariedade. Invocar o AI-5 e a volta da Ditadura \u00e9 rasgar o compromisso com a Constitui\u00e7\u00e3o e com a ordem democr\u00e1tica <a href=\"https:\/\/twitter.com\/hashtag\/DitaduraNuncaMais?src=hash&amp;ref_src=twsrc%5Etfw\">#DitaduraNuncaMais<\/a>.<\/p>&mdash; Gilmar Mendes (@gilmarmendes) <a href=\"https:\/\/twitter.com\/gilmarmendes\/status\/1251981156234539008?ref_src=twsrc%5Etfw\">April 19, 2020<\/a><\/blockquote><script async src=\"https:\/\/platform.twitter.com\/widgets.js\" charset=\"utf-8\"><\/script>\n<\/div><\/figure>\n\n\n\n<h2 class=\"wp-block-heading\">4. Sil\u00eancio nas For\u00e7as Armadas<\/h2>\n\n\n\n<figure class=\"wp-block-image\"><img data-recalc-dims=\"1\" decoding=\"async\" src=\"https:\/\/i0.wp.com\/ichef.bbci.co.uk\/news\/410\/cpsprodpb\/DD1E\/production\/_111860665_dcd86c88-3bcf-41a7-9155-485f53cc45f1.jpg?w=600&#038;ssl=1\" alt=\"manifestantes carregam cartaz que pede interven\u00e7\u00e3o militar com Bolsonaro presidente.\"\/><figcaption>Image captionAto na capital federal estava repleto de cartazes contra a democracia<\/figcaption><\/figure>\n\n\n\n<p>Considerando que o presidente discursou em frente ao QG do Ex\u00e9rcito e em uma manifesta\u00e7\u00e3o pr\u00f3-interven\u00e7\u00e3o militar, os pronunciamentos das autoridades militares, como o ministro da Defesa e o comandante do Ex\u00e9rcito, Edson Pujol, s\u00e3o muito aguardados. A data tamb\u00e9m marcava o Dia do Ex\u00e9rcito, comemorado em 19 de abril.<\/p>\n\n\n\n<p>A Defesa e o Ex\u00e9rcito, no entanto, n\u00e3o se pronunciaram sobre o assunto at\u00e9 a manh\u00e3 desta segunda-feira (20).<\/p>\n\n\n\n<p>Um m\u00eas antes do epis\u00f3dio,&nbsp;<a href=\"https:\/\/www.bbc.com\/portuguese\/brasil-51951352\">o ministro da Defesa, general Fernando Azevedo e Silva, disse \u00e0 BBC News Brasil que &#8220;manifesta\u00e7\u00f5es em frente a quart\u00e9is n\u00e3o ajudam&#8221;<\/a>.&nbsp;<\/p>\n\n\n\n<p>&#8220;O momento \u00e9 de uni\u00e3o para juntos vencermos o desafio do coronav\u00edrus. Manifesta\u00e7\u00f5es em frente a quart\u00e9is n\u00e3o ajudam&#8221;, disse o ministro, naquela ocasi\u00e3o. &#8220;Vivemos em um ambiente democr\u00e1tico e de liberdade. As For\u00e7as Armadas, por outro lado, s\u00e3o institui\u00e7\u00f5es de Estado e devem sempre permanecer fortemente arraigadas nos pilares b\u00e1sicos da hierarquia e da disciplina.&#8221;<\/p>\n\n\n\n<p>O ex-ministro da Secretaria de Governo general Carlos Alberto dos Santos Cruz, demitido no ano passado, escreveu no Twitter na manh\u00e3 desta segunda que &#8220;o Ex\u00e9rcito \u00e9 institui\u00e7\u00e3o do Estado. N\u00e3o participa das disputas de rotina. Democracia se faz com disputas civilizadas, equil\u00edbrio de Poderes e aperfei\u00e7oamento das institui\u00e7\u00f5es. O EB (@exercitooficial) tem prest\u00edgio porque \u00e9 exemplar, honrado e um dos pilares da democracia.&#8221;<\/p>\n\n\n\n<p><\/p>\n","protected":false},"excerpt":{"rendered":"<p>Na BBC &#8211; Em meio \u00e0 crise do novo coronav\u00edrus, o presidente Jair Bolsonaro fez um discurso em ato que pedia &#8220;interven\u00e7\u00e3o militar&#8221; e o fechamento do Congresso e do Supremo Tribunal Federal (STF) em frente ao Quartel General do Ex\u00e9rcito, em Bras\u00edlia.<\/p>\n","protected":false},"author":1,"featured_media":0,"comment_status":"closed","ping_status":"open","sticky":false,"template":"","format":"standard","meta":{"_exactmetrics_skip_tracking":false,"_exactmetrics_sitenote_active":false,"_exactmetrics_sitenote_note":"","_exactmetrics_sitenote_category":0,"jetpack_post_was_ever_published":false,"_jetpack_newsletter_access":"","_jetpack_dont_email_post_to_subs":false,"_jetpack_newsletter_tier_id":0,"_jetpack_memberships_contains_paywalled_content":false,"_jetpack_memberships_contains_paid_content":false,"footnotes":"","jetpack_publicize_message":"","jetpack_publicize_feature_enabled":true,"jetpack_social_post_already_shared":true,"jetpack_social_options":{"image_generator_settings":{"template":"highway","enabled":false},"version":2}},"categories":[1],"tags":[],"class_list":["post-27637","post","type-post","status-publish","format-standard","hentry","category-notas"],"jetpack_publicize_connections":[],"jetpack_sharing_enabled":true,"jetpack_featured_media_url":"","jetpack_shortlink":"https:\/\/wp.me\/p7wKYW-7bL","jetpack-related-posts":[],"_links":{"self":[{"href":"http:\/\/blogdalucianaoliveira.com.br\/blog\/wp-json\/wp\/v2\/posts\/27637","targetHints":{"allow":["GET"]}}],"collection":[{"href":"http:\/\/blogdalucianaoliveira.com.br\/blog\/wp-json\/wp\/v2\/posts"}],"about":[{"href":"http:\/\/blogdalucianaoliveira.com.br\/blog\/wp-json\/wp\/v2\/types\/post"}],"author":[{"embeddable":true,"href":"http:\/\/blogdalucianaoliveira.com.br\/blog\/wp-json\/wp\/v2\/users\/1"}],"replies":[{"embeddable":true,"href":"http:\/\/blogdalucianaoliveira.com.br\/blog\/wp-json\/wp\/v2\/comments?post=27637"}],"version-history":[{"count":1,"href":"http:\/\/blogdalucianaoliveira.com.br\/blog\/wp-json\/wp\/v2\/posts\/27637\/revisions"}],"predecessor-version":[{"id":27639,"href":"http:\/\/blogdalucianaoliveira.com.br\/blog\/wp-json\/wp\/v2\/posts\/27637\/revisions\/27639"}],"wp:attachment":[{"href":"http:\/\/blogdalucianaoliveira.com.br\/blog\/wp-json\/wp\/v2\/media?parent=27637"}],"wp:term":[{"taxonomy":"category","embeddable":true,"href":"http:\/\/blogdalucianaoliveira.com.br\/blog\/wp-json\/wp\/v2\/categories?post=27637"},{"taxonomy":"post_tag","embeddable":true,"href":"http:\/\/blogdalucianaoliveira.com.br\/blog\/wp-json\/wp\/v2\/tags?post=27637"}],"curies":[{"name":"wp","href":"https:\/\/api.w.org\/{rel}","templated":true}]}}