{"id":27641,"date":"2020-04-20T19:17:59","date_gmt":"2020-04-20T23:17:59","guid":{"rendered":"http:\/\/blogdalucianaoliveira.com.br\/blog\/?p=27641"},"modified":"2020-04-20T19:18:03","modified_gmt":"2020-04-20T23:18:03","slug":"a-quarentena-afrouxada","status":"publish","type":"post","link":"http:\/\/blogdalucianaoliveira.com.br\/blog\/2020\/04\/20\/a-quarentena-afrouxada\/","title":{"rendered":"A quarentena afrouxada"},"content":{"rendered":"\n<figure class=\"wp-block-image size-large\"><img data-recalc-dims=\"1\" loading=\"lazy\" decoding=\"async\" width=\"480\" height=\"320\" data-attachment-id=\"27642\" data-permalink=\"http:\/\/blogdalucianaoliveira.com.br\/blog\/2020\/04\/20\/a-quarentena-afrouxada\/image-55-5\/\" data-orig-file=\"https:\/\/i0.wp.com\/blogdalucianaoliveira.com.br\/blog\/wp-content\/uploads\/2020\/04\/image-55.jpeg?fit=480%2C320\" data-orig-size=\"480,320\" data-comments-opened=\"0\" data-image-meta=\"{&quot;aperture&quot;:&quot;0&quot;,&quot;credit&quot;:&quot;&quot;,&quot;camera&quot;:&quot;&quot;,&quot;caption&quot;:&quot;&quot;,&quot;created_timestamp&quot;:&quot;0&quot;,&quot;copyright&quot;:&quot;&quot;,&quot;focal_length&quot;:&quot;0&quot;,&quot;iso&quot;:&quot;0&quot;,&quot;shutter_speed&quot;:&quot;0&quot;,&quot;title&quot;:&quot;&quot;,&quot;orientation&quot;:&quot;0&quot;}\" data-image-title=\"image-55\" data-image-description=\"\" data-image-caption=\"\" data-medium-file=\"https:\/\/i0.wp.com\/blogdalucianaoliveira.com.br\/blog\/wp-content\/uploads\/2020\/04\/image-55.jpeg?fit=300%2C200\" data-large-file=\"https:\/\/i0.wp.com\/blogdalucianaoliveira.com.br\/blog\/wp-content\/uploads\/2020\/04\/image-55.jpeg?fit=480%2C320\" src=\"https:\/\/i0.wp.com\/blogdalucianaoliveira.com.br\/blog\/wp-content\/uploads\/2020\/04\/image-55.jpeg?resize=480%2C320\" alt=\"\" class=\"wp-image-27642\" srcset=\"https:\/\/i0.wp.com\/blogdalucianaoliveira.com.br\/blog\/wp-content\/uploads\/2020\/04\/image-55.jpeg?w=480 480w, https:\/\/i0.wp.com\/blogdalucianaoliveira.com.br\/blog\/wp-content\/uploads\/2020\/04\/image-55.jpeg?resize=300%2C200 300w, https:\/\/i0.wp.com\/blogdalucianaoliveira.com.br\/blog\/wp-content\/uploads\/2020\/04\/image-55.jpeg?resize=450%2C300 450w\" sizes=\"auto, (max-width: 480px) 100vw, 480px\" \/><\/figure>\n\n\n\n<p>O isolamento social no Brasil atingiu um pico no final de mar\u00e7o, e desde ent\u00e3o afrouxou. Mais pessoas passaram a circular nas ruas e no com\u00e9rcio em abril, contrariando as recomenda\u00e7\u00f5es da Organiza\u00e7\u00e3o Mundial da Sa\u00fade (OMS). <br><\/p>\n\n\n\n<p><br>Na Revista Piau\u00ed, por <strong>LUIGI MAZZA E RENATA BUONO<\/strong><\/p>\n\n\n\n<p>No dia 9, v\u00e9spera do feriado de P\u00e1scoa, o movimento nos mercados e farm\u00e1cias cresceu tanto que superou em 11% a m\u00e9dia dos dias anteriores \u00e0 pandemia. Tamb\u00e9m h\u00e1 mais pessoas usando transporte p\u00fablico. Na cidade de S\u00e3o Paulo, os \u00f4nibus tiveram um acr\u00e9scimo de 213 mil passageiros desde o come\u00e7o do m\u00eas. No Rio de Janeiro, os trens que conectam a capital aos munic\u00edpios da Baixada Fluminense est\u00e3o mais cheios a cada dia: para cada 29 pessoas que embarcaram no final de mar\u00e7o, 34 o fizeram na segunda semana de abril. O\u00a0<em>=igualdades\u00a0<\/em>faz um retrato do atual momento da quarentena brasileira, cada vez menos r\u00edgida e mais pr\u00f3xima da fase cr\u00edtica da pandemia.<\/p>\n\n\n\n<figure class=\"wp-block-image\"><img data-recalc-dims=\"1\" decoding=\"async\" src=\"https:\/\/i0.wp.com\/piaui.folha.uol.com.br\/wp-content\/uploads\/2020\/04\/arte-1.-A-quarentena-afrouxada.jpg?w=600&#038;ssl=1\" alt=\"\" class=\"wp-image-380543\"\/><\/figure>\n\n\n\n<p>At\u00e9&nbsp;<strong>29 de mar\u00e7o<\/strong>, o fluxo de brasileiros em&nbsp;<strong>mercados e farm\u00e1cias<\/strong>&nbsp;tinha ca\u00eddo&nbsp;<strong>35%<\/strong>&nbsp;por causa da quarentena, segundo os dados de movimento de usu\u00e1rios do Google. Mas a frequ\u00eancias a esses estabelecimentos aumentou aos poucos. No dia&nbsp;<strong>9 de abril<\/strong>, v\u00e9spera da P\u00e1scoa, houve um pico, e o movimento nesses locais ficou&nbsp;<strong>11% acima da m\u00e9dia<\/strong>&nbsp;dos dias anteriores \u00e0 pandemia.<\/p>\n\n\n\n<figure class=\"wp-block-image\"><img data-recalc-dims=\"1\" decoding=\"async\" src=\"https:\/\/i0.wp.com\/piaui.folha.uol.com.br\/wp-content\/uploads\/2020\/04\/arte-2.-A-quarentena-afrouxada.jpg?w=600&#038;ssl=1\" alt=\"\" class=\"wp-image-380544\"\/><\/figure>\n\n\n\n<p>No&nbsp;<strong>estado de S\u00e3o Paulo<\/strong>, o movimento em&nbsp;<strong>mercados e farm\u00e1cias<\/strong>&nbsp;tinha ca\u00eddo&nbsp;<strong>36%<\/strong>&nbsp;at\u00e9&nbsp;<strong>29 de mar\u00e7o<\/strong>. No dia&nbsp;<strong>9 de abril<\/strong>, o fluxo de paulistas nesses estabelecimentos teve um pico, ficando&nbsp;<strong>16% acima da m\u00e9dia<\/strong>&nbsp;dos dias anteriores \u00e0 pandemia.<\/p>\n\n\n\n<figure class=\"wp-block-image\"><img data-recalc-dims=\"1\" decoding=\"async\" src=\"https:\/\/i0.wp.com\/piaui.folha.uol.com.br\/wp-content\/uploads\/2020\/04\/arte-3.-A-quarentena-afrouxada.jpg?w=600&#038;ssl=1\" alt=\"\" class=\"wp-image-380545\"\/><\/figure>\n\n\n\n<p>O&nbsp;<strong>\u00edndice de isolamento social<\/strong>&nbsp;no Brasil atingiu um pico no final de mar\u00e7o, mas desde ent\u00e3o vem caindo, de acordo com os dados de localiza\u00e7\u00e3o da empresa de tecnologia In Loco. No dia&nbsp;<strong>23 de mar\u00e7o<\/strong>, uma segunda-feira,&nbsp;<strong>a cada 100<\/strong>&nbsp;brasileiros,&nbsp;<strong>56<\/strong>&nbsp;estavam estavam&nbsp;<strong>isolados<\/strong>. No dia&nbsp;<strong>13 de abril<\/strong>, tamb\u00e9m segunda-feira, a propor\u00e7\u00e3o era de apenas&nbsp;<strong>46<\/strong>&nbsp;<strong>a cada 100<\/strong>.<\/p>\n\n\n\n<figure class=\"wp-block-image\"><img data-recalc-dims=\"1\" decoding=\"async\" src=\"https:\/\/i0.wp.com\/piaui.folha.uol.com.br\/wp-content\/uploads\/2020\/04\/arte-4.-A-quarentena-afrouxada.jpg?w=600&#038;ssl=1\" alt=\"\" class=\"wp-image-380546\"\/><\/figure>\n\n\n\n<p>No dia&nbsp;<strong>13 de abril<\/strong>, o&nbsp;<strong>Tocantins<\/strong>&nbsp;era o estado com&nbsp;<strong>menor \u00edndice<\/strong>&nbsp;de isolamento, com&nbsp;<strong>35<\/strong>pessoas isoladas&nbsp;<strong>a cada 100<\/strong>. O&nbsp;<strong>Distrito Federal<\/strong>, o estado mais isolado, tinha&nbsp;<strong>56<\/strong>&nbsp;<strong>a cada 100<\/strong>&nbsp;pessoas dentro de casa.<\/p>\n\n\n\n<figure class=\"wp-block-image\"><img data-recalc-dims=\"1\" decoding=\"async\" src=\"https:\/\/i0.wp.com\/piaui.folha.uol.com.br\/wp-content\/uploads\/2020\/04\/arte-5.-A-quarentena-afrouxada.jpg?w=600&#038;ssl=1\" alt=\"\" class=\"wp-image-380547\"\/><\/figure>\n\n\n\n<p>No&nbsp;<strong>estado do Rio de Janeiro<\/strong>,&nbsp;<strong>a cada 100<\/strong>pessoas que circulavam de&nbsp;<strong>trem<\/strong>&nbsp;antes da quarentena, apenas&nbsp;<strong>29 continuaram<\/strong>circulando, no dia&nbsp;<strong>23 de mar\u00e7o<\/strong>. Tr\u00eas semanas depois, em&nbsp;<strong>13 de abril<\/strong>, o fluxo j\u00e1 tinha aumentado para&nbsp;<strong>34<\/strong>&nbsp;<strong>a cada 100<\/strong>fluminenses.<\/p>\n\n\n\n<figure class=\"wp-block-image\"><img data-recalc-dims=\"1\" decoding=\"async\" src=\"https:\/\/i0.wp.com\/piaui.folha.uol.com.br\/wp-content\/uploads\/2020\/04\/arte-6.-A-quarentena-afrouxada-VA.jpg?w=600&#038;ssl=1\" alt=\"\" class=\"wp-image-380563\"\/><\/figure>\n\n\n\n<p>Em m\u00e9dia,&nbsp;<strong>os \u00f4nibus<\/strong>&nbsp;da cidade de&nbsp;<strong>S\u00e3o Paulo<\/strong>&nbsp;transportam, em m\u00e9dia,&nbsp;<strong>8,5 milh\u00f5es de passageiros<\/strong>&nbsp;nos dias \u00fateis. Em&nbsp;<strong>30 de mar\u00e7o<\/strong>, devido \u00e0 quarentena, o fluxo foi de apenas&nbsp;<strong>2,4 milh\u00f5es<\/strong>. Mas esse n\u00famero cresceu, chegando a&nbsp;<strong>2,6 milh\u00f5es<\/strong>&nbsp;de passageiros no dia&nbsp;<strong>13 de abril<\/strong>. Ou seja, houve um&nbsp;<strong>acr\u00e9scimo de<\/strong>&nbsp;<strong>mais de 213 mil passageiros<\/strong>&nbsp;\u2013 o equivalente a aproximadamente&nbsp;<strong>5.235 \u00f4nibus cheios<\/strong>, com todos os assentos ocupados.<\/p>\n\n\n\n<figure class=\"wp-block-image\"><img data-recalc-dims=\"1\" decoding=\"async\" src=\"https:\/\/i0.wp.com\/piaui.folha.uol.com.br\/wp-content\/uploads\/2020\/04\/arte-7.-A-quarentena-afrouxada.jpg?w=600&#038;ssl=1\" alt=\"\" class=\"wp-image-380549\"\/><\/figure>\n\n\n\n<p>No&nbsp;<strong>Cear\u00e1<\/strong>, desde o in\u00edcio da quarentena, a Pol\u00edcia Militar registrou,&nbsp;<strong>a cada hora<\/strong>,&nbsp;<strong>8 ocorr\u00eancias<\/strong>&nbsp;de estabelecimentos que desrespeitavam o isolamento social. Em&nbsp;<strong>S\u00e3o Paulo<\/strong>, foram&nbsp;<strong>87 ocorr\u00eancias<\/strong>&nbsp;desse tipo a cada hora, na \u00faltima semana de mar\u00e7o.<\/p>\n\n\n\n<figure class=\"wp-block-image\"><img data-recalc-dims=\"1\" decoding=\"async\" src=\"https:\/\/i0.wp.com\/piaui.folha.uol.com.br\/wp-content\/uploads\/2020\/04\/arte-8.-A-quarentena-afrouxada.jpg?w=600&#038;ssl=1\" alt=\"\" class=\"wp-image-380550\"\/><\/figure>\n\n\n\n<p>Em&nbsp;<strong>Pernambuco<\/strong>, o isolamento fez cair o n\u00famero de&nbsp;<strong>furtos de celulares<\/strong>.&nbsp;<strong>Para cada 10 furtos<\/strong>&nbsp;desse tipo ocorridos em mar\u00e7o do ano passado,&nbsp;<strong>6<\/strong>&nbsp;ocorreram em mar\u00e7o deste ano.<\/p>\n\n\n\n<figure class=\"wp-block-image\"><img data-recalc-dims=\"1\" decoding=\"async\" src=\"https:\/\/i0.wp.com\/piaui.folha.uol.com.br\/wp-content\/uploads\/2020\/04\/arte-9.-A-quarentena-afrouxada.jpg?w=600&#038;ssl=1\" alt=\"\" class=\"wp-image-380551\"\/><\/figure>\n\n\n\n<p>Apesar do menor movimento nas ruas,&nbsp;<strong>Pernambuco<\/strong>&nbsp;teve um aumento no n\u00famero de&nbsp;<strong>homic\u00eddios<\/strong>&nbsp;durante a quarentena.&nbsp;<strong>Para cada 10 assassinatos<\/strong>&nbsp;cometidos em mar\u00e7o do ano passado, houve&nbsp;<strong>12<\/strong>&nbsp;em mar\u00e7o deste ano.<\/p>\n\n\n\n<p><strong>Fontes:<\/strong>&nbsp;Community Mobility Reports (Google); In Loco; Supervia; Secretaria Municipal de Transportes de S\u00e3o Paulo; Pol\u00edcia Militar do Cear\u00e1; Pol\u00edcia Militar de S\u00e3o Paulo, via Fiquem Sabendo; Secretaria de Defesa Social de Pernambuco.<\/p>\n","protected":false},"excerpt":{"rendered":"<p>O isolamento social no Brasil atingiu um pico no final de mar\u00e7o, e desde ent\u00e3o afrouxou. Mais pessoas passaram a circular nas ruas e no com\u00e9rcio em abril, contrariando as recomenda\u00e7\u00f5es da Organiza\u00e7\u00e3o Mundial da Sa\u00fade (OMS). Na Revista Piau\u00ed, por LUIGI MAZZA E RENATA BUONO No dia 9, v\u00e9spera do feriado de P\u00e1scoa, o&#8230;<a class=\"more-link\" href=\"http:\/\/blogdalucianaoliveira.com.br\/blog\/2020\/04\/20\/a-quarentena-afrouxada\/\">Continue a leitura <span class=\"meta-nav\">&raquo;<\/span><\/a><\/p>\n","protected":false},"author":1,"featured_media":0,"comment_status":"closed","ping_status":"open","sticky":false,"template":"","format":"standard","meta":{"_exactmetrics_skip_tracking":false,"_exactmetrics_sitenote_active":false,"_exactmetrics_sitenote_note":"","_exactmetrics_sitenote_category":0,"jetpack_post_was_ever_published":false,"_jetpack_newsletter_access":"","_jetpack_dont_email_post_to_subs":false,"_jetpack_newsletter_tier_id":0,"_jetpack_memberships_contains_paywalled_content":false,"_jetpack_memberships_contains_paid_content":false,"footnotes":"","jetpack_publicize_message":"","jetpack_publicize_feature_enabled":true,"jetpack_social_post_already_shared":true,"jetpack_social_options":{"image_generator_settings":{"template":"highway","enabled":false},"version":2}},"categories":[1],"tags":[],"class_list":["post-27641","post","type-post","status-publish","format-standard","hentry","category-notas"],"jetpack_publicize_connections":[],"jetpack_sharing_enabled":true,"jetpack_featured_media_url":"","jetpack_shortlink":"https:\/\/wp.me\/p7wKYW-7bP","jetpack-related-posts":[],"_links":{"self":[{"href":"http:\/\/blogdalucianaoliveira.com.br\/blog\/wp-json\/wp\/v2\/posts\/27641","targetHints":{"allow":["GET"]}}],"collection":[{"href":"http:\/\/blogdalucianaoliveira.com.br\/blog\/wp-json\/wp\/v2\/posts"}],"about":[{"href":"http:\/\/blogdalucianaoliveira.com.br\/blog\/wp-json\/wp\/v2\/types\/post"}],"author":[{"embeddable":true,"href":"http:\/\/blogdalucianaoliveira.com.br\/blog\/wp-json\/wp\/v2\/users\/1"}],"replies":[{"embeddable":true,"href":"http:\/\/blogdalucianaoliveira.com.br\/blog\/wp-json\/wp\/v2\/comments?post=27641"}],"version-history":[{"count":1,"href":"http:\/\/blogdalucianaoliveira.com.br\/blog\/wp-json\/wp\/v2\/posts\/27641\/revisions"}],"predecessor-version":[{"id":27643,"href":"http:\/\/blogdalucianaoliveira.com.br\/blog\/wp-json\/wp\/v2\/posts\/27641\/revisions\/27643"}],"wp:attachment":[{"href":"http:\/\/blogdalucianaoliveira.com.br\/blog\/wp-json\/wp\/v2\/media?parent=27641"}],"wp:term":[{"taxonomy":"category","embeddable":true,"href":"http:\/\/blogdalucianaoliveira.com.br\/blog\/wp-json\/wp\/v2\/categories?post=27641"},{"taxonomy":"post_tag","embeddable":true,"href":"http:\/\/blogdalucianaoliveira.com.br\/blog\/wp-json\/wp\/v2\/tags?post=27641"}],"curies":[{"name":"wp","href":"https:\/\/api.w.org\/{rel}","templated":true}]}}