{"id":27644,"date":"2020-04-20T22:22:25","date_gmt":"2020-04-21T02:22:25","guid":{"rendered":"http:\/\/blogdalucianaoliveira.com.br\/blog\/?p=27644"},"modified":"2020-04-20T22:22:33","modified_gmt":"2020-04-21T02:22:33","slug":"new-york-times-enquanto-bolsonaro-cumpre-as-promessas-sobre-a-amazonia-indigenas-brasileiros-temem-um-etnocidio","status":"publish","type":"post","link":"http:\/\/blogdalucianaoliveira.com.br\/blog\/2020\/04\/20\/new-york-times-enquanto-bolsonaro-cumpre-as-promessas-sobre-a-amazonia-indigenas-brasileiros-temem-um-etnocidio\/","title":{"rendered":"New York Times: Enquanto Bolsonaro cumpre as promessas sobre a Amaz\u00f4nia, ind\u00edgenas brasileiros temem um \u2018etnoc\u00eddio\u2019"},"content":{"rendered":"\n<figure class=\"wp-block-image size-large\"><img loading=\"lazy\" decoding=\"async\" width=\"1440\" height=\"1440\" data-attachment-id=\"27645\" data-permalink=\"http:\/\/blogdalucianaoliveira.com.br\/blog\/2020\/04\/20\/new-york-times-enquanto-bolsonaro-cumpre-as-promessas-sobre-a-amazonia-indigenas-brasileiros-temem-um-etnocidio\/image-56-5\/\" data-orig-file=\"https:\/\/i0.wp.com\/blogdalucianaoliveira.com.br\/blog\/wp-content\/uploads\/2020\/04\/image-56.jpeg?fit=1440%2C1440\" data-orig-size=\"1440,1440\" data-comments-opened=\"0\" data-image-meta=\"{&quot;aperture&quot;:&quot;0&quot;,&quot;credit&quot;:&quot;&quot;,&quot;camera&quot;:&quot;&quot;,&quot;caption&quot;:&quot;&quot;,&quot;created_timestamp&quot;:&quot;0&quot;,&quot;copyright&quot;:&quot;&quot;,&quot;focal_length&quot;:&quot;0&quot;,&quot;iso&quot;:&quot;0&quot;,&quot;shutter_speed&quot;:&quot;0&quot;,&quot;title&quot;:&quot;&quot;,&quot;orientation&quot;:&quot;0&quot;}\" data-image-title=\"image-56\" data-image-description=\"\" data-image-caption=\"\" data-medium-file=\"https:\/\/i0.wp.com\/blogdalucianaoliveira.com.br\/blog\/wp-content\/uploads\/2020\/04\/image-56.jpeg?fit=300%2C300\" data-large-file=\"https:\/\/i0.wp.com\/blogdalucianaoliveira.com.br\/blog\/wp-content\/uploads\/2020\/04\/image-56.jpeg?fit=600%2C600\" src=\"https:\/\/i2.wp.com\/blogdalucianaoliveira.com.br\/blog\/wp-content\/uploads\/2020\/04\/image-56.jpeg?fit=600%2C600\" alt=\"\" class=\"wp-image-27645\" srcset=\"https:\/\/i0.wp.com\/blogdalucianaoliveira.com.br\/blog\/wp-content\/uploads\/2020\/04\/image-56.jpeg?w=1440 1440w, https:\/\/i0.wp.com\/blogdalucianaoliveira.com.br\/blog\/wp-content\/uploads\/2020\/04\/image-56.jpeg?resize=300%2C300 300w, https:\/\/i0.wp.com\/blogdalucianaoliveira.com.br\/blog\/wp-content\/uploads\/2020\/04\/image-56.jpeg?resize=1024%2C1024 1024w, https:\/\/i0.wp.com\/blogdalucianaoliveira.com.br\/blog\/wp-content\/uploads\/2020\/04\/image-56.jpeg?resize=150%2C150 150w, https:\/\/i0.wp.com\/blogdalucianaoliveira.com.br\/blog\/wp-content\/uploads\/2020\/04\/image-56.jpeg?resize=768%2C768 768w, https:\/\/i0.wp.com\/blogdalucianaoliveira.com.br\/blog\/wp-content\/uploads\/2020\/04\/image-56.jpeg?w=1200 1200w\" sizes=\"auto, (max-width: 600px) 100vw, 600px\" \/><\/figure>\n\n\n\n<p>O presidente Jair Bolsonaro atua de forma agressiva para abrir a floresta amaz\u00f4nica ao desenvolvimento comercial e representa uma amea\u00e7a existencial para as tribos da regi\u00e3o.<\/p>\n\n\n\n<!--more-->\n\n\n\n<p>Por&nbsp;<a href=\"https:\/\/www.nytimes.com\/by\/ernesto-londono\">Ernesto Londo\u00f1o<\/a><\/p>\n\n\n\n<p>By\u00a0Let\u00edcia Casado<\/p>\n\n\n\n<p>TERRIT\u00d3RIO URU EU WAU WAU, Brasil \u2014 O cartaz na entrada de uma pequena aldeia ind\u00edgena na Amaz\u00f4nia se tornou uma rel\u00edquia em menos de uma d\u00e9cada, e n\u00e3o reflete mais uma realidade.<\/p>\n\n\n\n<p>\u201cAqui tem investimento do governo federal\u201d, proclama a placa, erguida em 2012, agora coberta por folhas de palmeiras ca\u00eddas.<\/p>\n\n\n\n<p>De fato, este pequeno povoado no estado de Rond\u00f4nia, chamado Alto Jamari, lar para cerca de 10 fam\u00edlias da tribo Uru Eu Wau Wau, mal sobrevive, assim como muitas outras aldeias que resistem na regi\u00e3o e que durante d\u00e9cadas serviram de ref\u00fagio para a cultura dos povos ind\u00edgenas e de<a href=\"http:\/\/www.edf.org\/sites\/default\/files\/tropical-forest-carbon-in-indigenous-territories-a-global-analysis.pdf\">\u00a0baluarte contra o desmatamento<\/a>\u00a0no Brasil.<\/p>\n\n\n\n<p>Enquanto a presen\u00e7a federal encolhe, por um lado mais forasteiros invadem as terras, ansiosos pela explora\u00e7\u00e3o ilegal dos recursos da floresta, e o coronav\u00edrus fecha o cerco por outro, tendo j\u00e1 alcan\u00e7ado algumas aldeias remotas com sua amea\u00e7a mortal.<\/p>\n\n\n\n<figure class=\"wp-block-image\"><img data-recalc-dims=\"1\" decoding=\"async\" src=\"https:\/\/i0.wp.com\/static01-nyt-com.cdn.ampproject.org\/i\/s\/static01.nyt.com\/images\/2020\/03\/07\/world\/18Brazil-Promises-PT-02\/00brazil-promises9-mobileMasterAt3x.jpg?w=600&#038;ssl=1\" alt=\"Membros da tribo Uru Eu Wau Wau procuram madeireiros ilegais que invadiram suas terras.\"\/><figcaption>Membros da tribo Uru Eu Wau Wau procuram madeireiros ilegais que invadiram suas terras.Credit&#8230;Victor Moriyama para The New York Times<\/figcaption><\/figure>\n\n\n\n<p>Os l\u00edderes locais e os defensores dos ind\u00edgenas apontam um \u00fanico respons\u00e1vel pelo agravamento dessa situa\u00e7\u00e3o: o presidente Jair Bolsonaro.<\/p>\n\n\n\n<p>Durante sua campanha eleitoral, Bolsonaro prometeu abrir a Amaz\u00f4nia para um maior desenvolvimento comercial, incluindo minera\u00e7\u00e3o e agricultura em larga escala.<\/p>\n\n\n\n<p>\u201cOnde h\u00e1 terra ind\u00edgena\u201d, disse Bolsonaro, \u201ch\u00e1 riqueza por baixo\u201d.<\/p>\n\n\n\n<p>Desde que assumiu a presid\u00eancia h\u00e1 pouco mais de um ano, Bolsonaro atua agressivamente para promover essas metas de desenvolvimento, adotando pol\u00edticas que os cr\u00edticos temem tenha desencadeado uma nova era de etnoc\u00eddio das comunidades ind\u00edgenas.<\/p>\n\n\n\n<p>J\u00e1 de in\u00edcio agiu para desmantelar o sistema de prote\u00e7\u00e3o para as comunidades ind\u00edgenas consagrado pela Constitui\u00e7\u00e3o brasileira, efetuando cortes no financiamento da Funda\u00e7\u00e3o Nacional do \u00cdndio, a ag\u00eancia federal respons\u00e1vel por defender os direitos ind\u00edgenas.<\/p>\n\n\n\n<p>Como presidente, Bolsonaro prometeu n\u00e3o demarcar \u201cum cent\u00edmetro\u201d a mais de terras ind\u00edgenas protegidas, argumentando que viver em isolamento \u00e9 um anacronismo no s\u00e9culo XXI e um obst\u00e1culo ao crescimento econ\u00f3mico.<\/p>\n\n\n\n<p>\u201c\u00cdndio n\u00e3o pode ficar na sua terra como um ser humano pr\u00e9-hist\u00f3rico\u201d,&nbsp;<a href=\"https:\/\/valor.globo.com\/politica\/noticia\/2020\/02\/18\/indio-nao-pode-ficar-na-sua-terra-como-ser-pre-historico-diz-bolsonaro.ghtml\">declarou Bolsonaro em fevereiro.<\/a><\/p>\n\n\n\n<p>Ainda em fevereiro, Bolsonaro apresentou um projeto de lei ao Congresso que, na pr\u00e1tica, poderia legalizar\u00a0<a href=\"https:\/\/www.nytimes.com\/2018\/11\/10\/world\/americas\/brazil-indigenous-mining-bolsonaro.html\">os empreendimentos clandestinos de minera\u00e7\u00e3o que polu\u00edram rios<\/a>\u00a0e destru\u00edram grandes \u00e1reas da Amaz\u00f4nia.<\/p>\n\n\n\n<p>A legisla\u00e7\u00e3o proposta, cuja tramita\u00e7\u00e3o no Congresso parece ter esbarrado em falta de entusiasmo enquanto o pa\u00eds combate o coronav\u00edrus, tamb\u00e9m permitiria a explora\u00e7\u00e3o de petr\u00f3leo e g\u00e1s e a instala\u00e7\u00e3o de usinas hidroel\u00e9tricas em territ\u00f3rios ind\u00edgenas. Segundo o projeto de lei, as comunidades nativas seriam consultadas sobre os empreendimentos \u2014&nbsp;<a href=\"https:\/\/agenciabrasil.ebc.com.br\/politica\/noticia\/2020-02\/bolsonaro-envia-projeto-que-regulamenta-exploracao-de-terras-indigenas\">mas perdem o poder de veto.<\/a><\/p>\n\n\n\n<p>No ano passado, Bolsonaro exultou ter \u201c<a href=\"https:\/\/www.nytimes.com\/2019\/08\/27\/world\/americas\/bolsonaro-brazil-environment.html\">acabado<\/a>\u201d com o que chamou de \u201cmultas astron\u00f4micas\u201d contra empresas que violam as leis ambientais da Amaz\u00f4nia, removendo um dos poucos elementos de dissuas\u00e3o que os grileiros enfrentam.<\/p>\n\n\n\n<p>O presidente do Brasil cumpre suas promessas de expans\u00e3o do desenvolvimento na Amaz\u00f4nia. E para muitos dos povos ind\u00edgenas que l\u00e1 vivem, a era Bolsonaro se tornou uma amea\u00e7a existencial.<\/p>\n\n\n\n<p>O QUE ENCONTRAMOS<\/p>\n\n\n\n<h2 class=\"wp-block-heading\" id=\"link-641a9dc6\">\u2018Arrasando nossa floresta\u2019<\/h2>\n\n\n\n<figure class=\"wp-block-image\"><img data-recalc-dims=\"1\" decoding=\"async\" src=\"https:\/\/i0.wp.com\/static01-nyt-com.cdn.ampproject.org\/i\/s\/static01.nyt.com\/images\/2020\/03\/05\/world\/18Brazil-Promises-PT-03\/Brazil-Promises3-mobileMasterAt3x.jpg?w=600&#038;ssl=1\" alt=\"Crian\u00e7as Uru Eu Wau Wau brincam\"\/><\/figure>\n\n\n\n<p>A Constitui\u00e7\u00e3o do Brasil de 1988 confere amplos direitos aos povos ind\u00edgenas, uma forma de repara\u00e7\u00e3o por s\u00e9culos de tratamento brutal.<\/p>\n\n\n\n<p>Embora esses direitos nunca tenham sido totalmente respeitados, na era Bolsonaro est\u00e3o sendo eviscerados, segundo ativistas e l\u00edderes ind\u00edgenas.<\/p>\n\n\n\n<p>Para comunidades com popula\u00e7\u00f5es pequenas, como os Uru Eu Wau Wau, que come\u00e7aram a nova d\u00e9cada com uns 200 membros, a posi\u00e7\u00e3o do governo poderia significar o total desaparecimento da tribo.<\/p>\n\n\n\n<p>Na maior das seis aldeias Uru Eu Wau Wau, a escola \u2014 uma instala\u00e7\u00e3o moderna cercada por um conjunto de cabanas modestas \u2014 est\u00e1 vazia. Os professores pararam de vir ano passado porque n\u00e3o estavam sendo pagos.<\/p>\n\n\n\n<p>As visitas de m\u00e9dicos e enfermeiros rarearam, em grande parte porque os m\u00e9dicos cubanos que atend\u00edam em aldeias remotas deixaram o pa\u00eds abruptamente pouco antes da posse de Bolsonaro em janeiro de 2019,<a href=\"https:\/\/www.nytimes.com\/2019\/06\/11\/world\/americas\/brazil-cuba-doctors-jair-bolsonaro.html\">&nbsp;diante de amea\u00e7as<\/a>&nbsp;do novo presidente.<\/p>\n\n\n\n<p>As incurs\u00f5es ilegais de madeireiros cada vez mais frequentes nas margens dos territ\u00f3rios ind\u00edgenas colocaram seus habitantes em p\u00e9 de guerra.<\/p>\n\n\n\n<p>\u201cEles est\u00e3o arrasando nossa floresta\u201d, disse Juvitai Uru Eu Wau Wau, de 19 anos, do alto de uma rede enquanto uma crian\u00e7a empurrava um triciclo empoeirado ao redor de um grupo de pequenas cabanas. Seguindo o costume ind\u00edgena, Juvitai tem o nome da tribo como sobrenome.<\/p>\n\n\n\n<p>As crian\u00e7as da aldeia se contagiaram com a ang\u00fastia coletiva, disse Juvitai, e constantemente perguntam se os dias em relativo isolamento estariam chegando ao fim.<\/p>\n\n\n\n<p>\u201cEu digo para eles ficarem calmos\u201d, disse Juvitai, com inseguran\u00e7a na voz. \u201cEsta \u00e9 nossa terra. A gente fica aqui\u201d.<\/p>\n\n\n\n<p>O QUE ENCONTRAMOS<\/p>\n\n\n\n<h2 class=\"wp-block-heading\" id=\"link-7c1d556b\">\u2018Um governo a favor do desmatamento\u2019<\/h2>\n\n\n\n<figure class=\"wp-block-image\"><img data-recalc-dims=\"1\" decoding=\"async\" src=\"https:\/\/i0.wp.com\/static01-nyt-com.cdn.ampproject.org\/i\/s\/static01.nyt.com\/images\/2020\/03\/05\/world\/18Brazil-Promises-PT-04\/Brazil-Promises3-02-mobileMasterAt3x.jpg?w=600&#038;ssl=1\" alt=\"Pessoas descansando numa aldeia Uru Eu Wau Wau\"\/><figcaption>Pessoas descansando numa aldeia Uru Eu Wau WauCredit&#8230;Victor Moriyama para The New York Times<\/figcaption><\/figure>\n\n\n\n<p>Na imagem de sat\u00e9lite, o territ\u00f3rio Uru Eu Wau Wau se destaca como uma ilha verde esmeralda cercada por trechos de floresta arrasada, a maior parte das quais hoje s\u00e3o&nbsp;<a href=\"https:\/\/www.nytimes.com\/2019\/10\/10\/world\/americas\/amazon-fires-brazil-cattle.html\">fazendas de gado.<\/a><\/p>\n\n\n\n<p>Em 1991, o governo federal demarcou oficialmente o territ\u00f3rio Uru Eu Wau Wau. Ele abrange uma \u00e1rea de 18.000 quil\u00f4metros quadrados \u2014 um pouco menor que o estado de Nova Jersey \u2014 onde a tribo construiu um conjunto de pequenas aldeias. Este reconhecimento federal em teoria confere um grau de autonomia pol\u00edtica, proibe a entrada de estranhos sem autoriza\u00e7\u00e3o expl\u00edcita e impede atividades comerciais em larga escala.<\/p>\n\n\n\n<p>O territ\u00f3rio, tecnicamente de propriedade do governo federal, \u00e9 hoje o lar de uns 200 membros da tribo Uru Eu Wau Wau al\u00e9m de outras tribos menores e isoladas, cujo tamanho exato da popula\u00e7\u00e3o \u00e9 desconhecido.<\/p>\n\n\n\n<p>Os Uru Eu Wau Wau tem sofrido incurs\u00f5es ilegais de madeireiros h\u00e1 anos. Mas em fevereiro do ano passado ficou claro que a tribo estava enfrentando uma amea\u00e7a muito mais s\u00e9ria quando cerca de 200 homens irromperam em seu territ\u00f3rio aparentemente com inten\u00e7\u00e3o de estabelecer um assentamento permanente.<\/p>\n\n\n\n<p>Os protestos dos Uru Eu Wau Wau alertaram a m\u00eddia brasileira, e a Pol\u00edcia Federal interveio com a expuls\u00e3o. Mas a\u00e7\u00f5es de fiscaliza\u00e7\u00e3o como essas s\u00e3o raras e o patrulhamento efetivo de uma regi\u00e3o t\u00e3o vasta \u00e9 imposs\u00edvel para as autoridades, o que tanto os madeireiros como as tribos bem sabem.<\/p>\n\n\n\n<p>T\u00e3o logo a pol\u00edcia se ausentou, a placa oficial que sinalizava a \u00e1rea de prote\u00e7\u00e3o em uma das principais entradas do territ\u00f3rio ind\u00edgena foi crivada de balas. Foi uma mensagem amarga para os Uru Eu Wau Wau.<\/p>\n\n\n\n<p>\u201cO que estamos vendo \u00e9 o resultado de um governo que \u00e9 a favor do desmatamento na Amaz\u00f4nia\u201d, disse Bitate Uru Eu Wau Wau, l\u00edder da comunidade. \u201cIsso incentivou invasores a entrar em territ\u00f3rios ind\u00edgenas\u201d.<\/p>\n\n\n\n<p>O QUE ENCONTRAMOS<\/p>\n\n\n\n<h2 class=\"wp-block-heading\" id=\"link-6cb632c3\">Infratores se \u2018amparam em um fator pol\u00edtico\u2019<\/h2>\n\n\n\n<figure class=\"wp-block-image\"><img data-recalc-dims=\"1\" decoding=\"async\" src=\"https:\/\/i0.wp.com\/static01-nyt-com.cdn.ampproject.org\/i\/s\/static01.nyt.com\/images\/2020\/03\/05\/world\/18Brazil-Promises-PT-05\/Brazil-Promises3-03-mobileMasterAt3x.jpg?w=600&#038;ssl=1\" alt=\"Gado leiteiro no limite das terras ind\u00edgenas no estado de Rond\u00f4nia\"\/><figcaption>Gado leiteiro no limite das terras ind\u00edgenas no estado de Rond\u00f4niaCredit&#8230;Victor Moriyama para The New York Times<\/figcaption><\/figure>\n\n\n\n<p>Segundo procuradores do Minist\u00e9rio P\u00fablico Federal do estado, as incurs\u00f5es pertencem a uma onda de invas\u00f5es ilegais que devastam \u00e1reas protegidas, extraem a madeira e subdividem a terra em lotes sob t\u00edtulos falsos.<\/p>\n\n\n\n<p>H\u00e1 anos que madeireiros, mineradores, pecuaristas e outros usam essa abordagem na Amaz\u00f4nia, geralmente com sucesso, uma vez que legisladores frequentemente criam arranjos que facilitam a legaliza\u00e7\u00e3o da propriedade das terras em posse ilegal.<\/p>\n\n\n\n<p>Ainda que as t\u00e1ticas n\u00e3o sejam novas, os promotores alertam para a ousadia crescente dos invasores desde a elei\u00e7\u00e3o de Bolsonaro, favorecidos tanto pela redu\u00e7\u00e3o do tamanho das multas quanto pela clara mudan\u00e7a da atitude do governo em rela\u00e7\u00e3o ao desenvolvimento.<\/p>\n\n\n\n<p>\u201cO objetivo \u00e9 criar o fato consumado\u201d, disse Daniel Azevedo, procurador federal em Porto Velho, capital de Rond\u00f4nia, que se especializa em crimes ambientais e contra ind\u00edgenas.<\/p>\n\n\n\n<p>O desmatamento em territ\u00f3rios ind\u00edgenas no Brasil aumentou fortemente nos \u00faltimo meses. De agosto de 2018 a junho de 2019, foram derrubados 4.200 quil\u00f4metros quadrados de cobertura florestal, segundo o Instituto Nacional de Pesquisas Espaciais, um aumento de 74 por cento em rela\u00e7\u00e3o ao mesmo per\u00edodo do ano anterior.<\/p>\n\n\n\n<p>O territ\u00f3rio Uru Eu Wau Wau est\u00e1 entre os dez mais atingidos pelo desmatamento naquele per\u00edodo.<\/p>\n\n\n\n<p>Azevedo relata que as autoridades policiais podem instaurar processos contra os respons\u00e1veis mais not\u00f3rios pelo desmatamento, mas observa que as autoridades est\u00e3o mal equipadas para reverter as for\u00e7as que impulsionam o desmatamento num momento em que os invasores se sentem apoiados pelas autoridades eleitas.<\/p>\n\n\n\n<p>\u201cEles se amparam em um fator pol\u00edtico, percebendo que os pol\u00edticos locais, senadores e at\u00e9 o presidente apoiam sua causa\u201d, disse Azevedo.<\/p>\n\n\n\n<p>Os Uru Eu Wau Wau s\u00e3o uma das v\u00e1rias comunidades ind\u00edgenas que sofreram um forte aumento nas incurs\u00f5es e amea\u00e7as na era Bolsonaro. Mais ao norte, as tribos Yanomami e Munduruku foram invadidas por&nbsp;<a href=\"https:\/\/news.mongabay.com\/2019\/07\/yanomami-amazon-reserve-invaded-by-20000-miners-bolsonaro-fails-to-act\/\">milhares de garimpeiros.<\/a><\/p>\n\n\n\n<p>Em 2019,&nbsp;<a href=\"https:\/\/g1.globo.com\/natureza\/noticia\/2019\/12\/10\/mortes-de-liderancas-indigenas-batem-recorde-em-2019-diz-pastoral-da-terra.ghtml\">pelo menos sete l\u00edderes ind\u00edgenas&nbsp;<\/a>foram assassinados em conflitos de terras.<\/p>\n\n\n\n<p>Em uma reuni\u00e3o no ano passado com os governadores dos nove estados amaz\u00f4nicos, Bolsonaro deixou claro que via as terras ind\u00edgenas como um empecilho para o potencial do Brasil.<\/p>\n\n\n\n<p>\u201cO \u00edndio n\u00e3o faz lobby, n\u00e3o fala a nossa l\u00edngua e consegue hoje em dia ter 14 por cento do territ\u00f3rio nacional\u201d, declarou, utilizando uma cifra ligeiramente maior do que os dados do pr\u00f3prio governo. \u201cUma das inten\u00e7\u00f5es \u00e9 nos inviabilizar\u201d.<\/p>\n\n\n\n<h2 class=\"wp-block-heading\" id=\"link-410cb8ac\">\u2018Eles n\u00e3o trazem dinheiro para o Brasil, apenas preju\u00edzos\u2019<\/h2>\n\n\n\n<figure class=\"wp-block-image\"><img data-recalc-dims=\"1\" decoding=\"async\" src=\"https:\/\/i0.wp.com\/static01-nyt-com.cdn.ampproject.org\/i\/s\/static01.nyt.com\/images\/2020\/04\/18\/world\/18Brazil-Promises-PT-10\/18brazil-promises-daCunha-mobileMasterAt3x.jpg?w=600&#038;ssl=1\" alt=\"Daniel da Cunha mora nos arredores do territ\u00f3rio dos Uru Eu Wau Wau\"\/><figcaption>Daniel da Cunha mora nos arredores do territ\u00f3rio dos Uru Eu Wau WauCredit&#8230;Victor Moriyama para The New York Times<\/figcaption><\/figure>\n\n\n\n<p>Bolsonaro&nbsp;<a href=\"https:\/\/www.nytimes.com\/2018\/10\/28\/world\/americas\/jair-bolsonaro-brazil-election.html\">venceu as elei\u00e7\u00f5es&nbsp;<\/a>com o 55 por cento dos votos, e alguns de seus apoiadores concordam com sua percep\u00e7\u00e3o de que as comunidades ind\u00edgenas n\u00e3o devem controlar os 13 ou 14 por cento da terra do pa\u00eds demarcados como terras ind\u00edgenas.<\/p>\n\n\n\n<p>Daniel da Cunha, de 60 anos, que mora nos arredores do territ\u00f3rio dos Uru Eu Wau Wau, disse que essas terras devem ser repartidas para que desempregados possam aproveit\u00e1-las em atividades lucrativas.<\/p>\n\n\n\n<p>\u201cEles n\u00e3o trabalham\u201d, disse dos ind\u00edgenas. \u201cEles n\u00e3o trazem dinheiro para o Brasil, apenas preju\u00edzos\u201d.<\/p>\n\n\n\n<p>Alguns parlamentares argumentam que Bolsonaro tem raz\u00e3o em querer reverter a pol\u00edtica ind\u00edgena brasileira, mas preferem uma abordagem mais moderada.<\/p>\n\n\n\n<p>Arthur Oliveira Maia, um congressista de centro-direita do estado da Bahia, disse que, de acordo com o atual quadro jur\u00eddico, ningu\u00e9m, incluindo as pr\u00f3prias tribos ind\u00edgenas, pode lucrar dos territ\u00f3rios reservados.<\/p>\n\n\n\n<p>\u201cO processo de explora\u00e7\u00e3o comercial das terras ind\u00edgenas poderia ser feito gradativamente, usando 10 ou 15 por cento da \u00e1rea\u201d, disse.<\/p>\n\n\n\n<p>Ele acrescentou que preferiria come\u00e7ar pela agricultura, que tende a ter um impacto ambiental menor do que a minera\u00e7\u00e3o.<\/p>\n\n\n\n<p><br>\u201cHoje os \u00edndios passam dificuldades\u201d, disse ele. \u201cA emancipa\u00e7\u00e3o dessas pessoas \u00e9 poss\u00edvel s\u00f3 por meio da economia\u201d.<\/p>\n\n\n\n<p>O QUE ENCONTRAMOS<\/p>\n\n\n\n<h2 class=\"wp-block-heading\" id=\"link-57a323ba\">Um passado de horrores, um presente de cortes<\/h2>\n\n\n\n<figure class=\"wp-block-image\"><img data-recalc-dims=\"1\" decoding=\"async\" src=\"https:\/\/i0.wp.com\/static01-nyt-com.cdn.ampproject.org\/i\/s\/static01.nyt.com\/images\/2020\/03\/08\/world\/18Brazil-Promises-PT-00\/00BRAZIL-PROMISES-PORTRAITS-mobileMasterAt3x.jpg?w=600&#038;ssl=1\" alt=\"Membros da tribo Uru Eu Wau Wau, do canto superior esquerdo no sentido hor\u00e1rio: Tap\u00e9, Oatuto, Tebu, Poajup, Mande\u00ed e Felipe. Todos compartilham o nome da tribo como sobrenome.\"\/><figcaption>Membros da tribo Uru Eu Wau Wau, do canto superior esquerdo no sentido hor\u00e1rio: Tap\u00e9, Oatuto, Tebu, Poajup, Mande\u00ed e Felipe. Todos compartilham o nome da tribo como sobrenome.Credit&#8230;Victor Moriyama para The New York Times<\/figcaption><\/figure>\n\n\n\n<p>\u00c9 de longa data que Bolsonaro fala com desprezo dos povos ind\u00edgenas. Em 1998, quando era um parlamentar inexpressivo de extrema direita, Bolsonaro disse que era uma \u201cpena que a cavalaria brasileira n\u00e3o tenha sido t\u00e3o eficiente quanto a americana, que exterminou os \u00edndios\u201d.<\/p>\n\n\n\n<p>O que Bolsonaro deixa de reconhecer \u00e9 que os povos ind\u00edgenas do Brasil foram quase exterminados ap\u00f3s a chegada dos europeus no in\u00edcio do s\u00e9culo XVI.<\/p>\n\n\n\n<p>A popula\u00e7\u00e3o ind\u00edgena no Brasil contempor\u00e2neo caiu drasticamente de um total cujas estimativas variam de 3 a at\u00e9 11 milh\u00f5es no s\u00e9culo XVI, para 70 mil na d\u00e9cada de 1950, com tribos inteiras exterminadas, al\u00e9m de um sem-n\u00famero de ind\u00edgenas escravizados.<\/p>\n\n\n\n<p>Depois que generais tomaram o poder no Brasil nos anos 60, o governo militar repressivo \u2014 que Bolsonaro celebra h\u00e1 tempos \u2014 tratou os ind\u00edgenas na Amaz\u00f4nia como obst\u00e1culos ao crescimento econ\u00f4mico.<\/p>\n\n\n\n<p>A Constitui\u00e7\u00e3o de 1988 procurou corrigir alguns desses erros.<\/p>\n\n\n\n<p>Ela deu fim \u00e0 pol\u00edtica da era militar que incentivava a assimila\u00e7\u00e3o dos ind\u00edgenas e reconheceu seus \u201ccostumes, l\u00ednguas, cren\u00e7as e tradi\u00e7\u00f5es\u201d.<\/p>\n\n\n\n<p>A Constitui\u00e7\u00e3o tamb\u00e9m estabeleceu um processo de demarca\u00e7\u00e3o de terras que, ao longo dos anos, criou a vasta colcha de retalhos de 567 territ\u00f3rios ind\u00edgenas protegidos. Em 2010, quando Brasil realizou seu \u00faltimo censo,\u00a0<a href=\"https:\/\/censo2010.ibge.gov.br\/noticias-censo?busca=1&amp;id=3&amp;idnoticia=2194&amp;t=censo-2010-poblacao-indigena-896-9-mil-tem-305-etnias-fala-274&amp;view=noticia\">cerca de 517.000<\/a>\u00a0dos 897.000 ind\u00edgenas do pa\u00eds moravam nessas terras.<\/p>\n\n\n\n<p>No seu primeiro dia como presidente, Bolsonaro transferiu o processo de demarca\u00e7\u00e3o de terras da Funda\u00e7\u00e3o Nacional do \u00cdndio, conhecida como FUNAI, para o Minist\u00e9rio da Agricultura, que \u00e9 fortemente influenciado pelo lobby do agroneg\u00f3cio. A Suprema Corte bloqueou a a\u00e7\u00e3o, considerando-a inconstitucional, mas todos os casos pendentes de demarca\u00e7\u00e3o permanecem congelados.<\/p>\n\n\n\n<p>Al\u00e9m da dificuldade em neutralizar a FUNAI, Bolsonaro encontrou outros contratempos ou demoras. L\u00edderes do Congresso sinalizaram que&nbsp;<a href=\"https:\/\/g1.globo.com\/politica\/noticia\/2020\/02\/18\/momento-nao-e-adequado-para-discutir-projeto-sobre-mineracao-em-terras-indigenas-diz-maia.ghtml\">n\u00e3o t\u00eam pressa<\/a>&nbsp;em avan\u00e7ar na aprecia\u00e7\u00e3o do projeto de lei para autorizar propostas de desenvolvimento energ\u00e9tico em terras ind\u00edgenas.<\/p>\n\n\n\n<p>Mas o poder da presid\u00eancia ainda lhe oferece amplas oportunidades para promover sua vis\u00e3o.<\/p>\n\n\n\n<p>O governo&nbsp;<a href=\"https:\/\/www.nytimes.com\/2020\/02\/05\/world\/americas\/Brazil-indigenous-missionary.html\">nomeou recentemente um ex-mission\u00e1rio crist\u00e3o<\/a>, Ricardo Lopes Dias, para chefiar a divis\u00e3o encarregada de proteger tribos isoladas. Embora Dias tenha prometido n\u00e3o usar seu posto para fazer proselitismo, a nomea\u00e7\u00e3o causou temores de que o governo permitir\u00e1 o acesso de mission\u00e1rios a tribos isoladas cujas vulnerabilidades ao contato podem lev\u00e1-las a serem dizimadas por doen\u00e7as comuns.<\/p>\n\n\n\n<p>Um porta-voz da FUNAI disse que a ag\u00eancia est\u00e1 investindo em programas de empreendedorismo e sustentabilidade como a pesca artesanal e fabrica\u00e7\u00e3o de mel em pequena escala, que visam incentivar a autonomia das comunidades ind\u00edgenas.<\/p>\n\n\n\n<p>Mesmo antes que Bolsonaro se tornasse presidente, a FUNAI j\u00e1 vinha sofrendo h\u00e1 anos com redu\u00e7\u00e3o de pessoal e or\u00e7amentos apertados que for\u00e7aram a ag\u00eancia a abandonar v\u00e1rios postos avan\u00e7ados em \u00e1reas remotas e a diminuir a frequ\u00eancia das visitas \u00e0s aldeias.<\/p>\n\n\n\n<p>Enquanto o or\u00e7amento da FUNAI se manteve relativamente est\u00e1vel nos \u00faltimos anos, o governo Bolsonaro fez um corte profundo nas despesas programadas para 2020, destinando 15 milh\u00f5es de d\u00f3lares para programas de defesa dos direitos ind\u00edgenas, cerca de 40 por cento menos do que no ano passado.<\/p>\n\n\n\n<p>A associa\u00e7\u00e3o dos servidores da ag\u00eancia declarou em um comunicado que a redu\u00e7\u00e3o significa que a FUNAI ter\u00e1 uma presen\u00e7a cada vez mais ex\u00edgua em campo, deixando as comunidades sitiadas por grileiros mais expostas.<\/p>\n\n\n\n<p>\u201cEsta \u00e9 a primeira vez que o planejamento governamental\u201d,\u00a0<a href=\"https:\/\/indigenistasassociados.org.br\/2019\/10\/23\/proposta-de-plano-plurianual-e-de-orcamento-de-2020-enfraquece-a-funai\/\">disse a associa\u00e7\u00e3o de funcion\u00e1rios<\/a>, \u201cn\u00e3o contempla direitos ind\u00edgenas garantidos pela Constitui\u00e7\u00e3o\u201d.<\/p>\n\n\n\n<h2 class=\"wp-block-heading\" id=\"link-222355e1\">\u2018Se n\u00e3o matamos, vai piorar\u2019<\/h2>\n\n\n\n<figure class=\"wp-block-image\"><img data-recalc-dims=\"1\" decoding=\"async\" src=\"https:\/\/i0.wp.com\/static01-nyt-com.cdn.ampproject.org\/i\/s\/static01.nyt.com\/images\/2020\/03\/05\/world\/18Brazil-Promises-PT-06\/00Brazil-Promises2-mobileMasterAt3x.jpg?w=600&#038;ssl=1\" alt=\"Awapy Uru Eu Wau Wau aquecendo flechas que carregam um veneno natural extra\u00eddo de uma \u00e1rvore local.\"\/><figcaption>Awapy Uru Eu Wau Wau aquecendo flechas que carregam um veneno natural extra\u00eddo de uma \u00e1rvore local.Credit&#8230;Victor Moriyama para The New York Times<\/figcaption><\/figure>\n\n\n\n<p>Sempre que os Uru Eu Wau Wau descobrem novas incurs\u00f5es no seu territ\u00f3rio, partem a p\u00e9 para examinar os danos e queimar acampamentos de colonos. Enquanto um grupo se preparava ao amanhecer para uma expedi\u00e7\u00e3o recente, os guerreiros da tribo passaram veneno nas pontas das flechas.<\/p>\n\n\n\n<p>Ivaneide Bandeira Cardozo, uma ativista que frequentemente acompanha os Uru Eu Wau Wau, empalideceu, preocupada com o resultado de um confronto com madeireiros.<\/p>\n\n\n\n<p>\u201cVoc\u00eas tem de me prometer que, se voc\u00eas se encontram com um deles, voc\u00eas n\u00e3o matar\u00e3o\u201d, implorou.<\/p>\n\n\n\n<p>\u201cSe n\u00e3o matamos, vai piorar dia ap\u00f3s dia\u201d, respondeu um dos homens.<\/p>\n\n\n\n<p>Ao fim de uma \u00e1rdua caminhada de seis horas por floresta fechada, atravessando rios e nuvens de insetos, os os Uru Eu Wau Wau chegaram a um grande trecho de terra recentemente reduzido a cinzas.<\/p>\n\n\n\n<p>Os Uru Eu Wau Wau pouco puderam fazer al\u00e9m de tirar fotos dos danos e incendiar o pequeno acampamento.<\/p>\n\n\n\n<p>Questionada sobre o poss\u00edvel efeito das pol\u00edticas do governo Bolsonaro em comunidades como essas, Ivaneide Cardozo, que apoia a tribo h\u00e1 d\u00e9cadas, mostrou abatimento.<\/p>\n\n\n\n<p>\u201cO objetivo deles \u00e9 for\u00e7\u00e1-los a sair das suas terras e transform\u00e1-los em cidad\u00e3os comuns na periferia das cidades, em mendigos\u201d, disse ela. \u201cPara mim, isso equivale a uma pol\u00edtica de genoc\u00eddio e etnoc\u00eddio\u201d.<\/p>\n\n\n\n<p>Borea Uru Eu Wau Wau, uma dos membros mais antigos da tribo, tem cicatrizes nas costas de ferimentos de bala que sofreu durante uma emboscada armada por seringueiros na d\u00e9cada de 1980. Uma irm\u00e3, uma tia e a av\u00f3 foram mortas na \u00e9poca, ela lembra.<\/p>\n\n\n\n<p>Desde o in\u00edcio da nova onda de incurs\u00f5es, Borea tem tido&nbsp;<em>flashbacks<\/em>, revivendo a experi\u00eancia que a deixou com uma vis\u00e3o fatalista do futuro.<\/p>\n\n\n\n<p>\u201cLeva muito tempo para esperar pela justi\u00e7a, pela qual esperamos e esperamos\u201d, disse ela, falando em tom um pouco acima de um sussurro. \u201c\u00c9 mais f\u00e1cil matar\u201d.<\/p>\n\n\n\n<p><strong>A conclus\u00e3o<\/strong>: Bolsonaro est\u00e1 determinado a expandir a explora\u00e7\u00e3o econ\u00f4mica da Amaz\u00f4nia a todo custo.<\/p>\n\n\n\n<p>Ernesto Londo\u00f1o reportou desde o territ\u00f3rio Uru Eu Wau Wau, e Let\u00edcia Casado, de Bras\u00edlia.<\/p>\n\n\n\n<p>Ernesto Londo\u00f1o is the Brazil bureau chief, based in Rio de Janeiro. He was previously&nbsp;an editorial writer and, before joining The Times in 2014, reported for The Washington Post.&nbsp;<a href=\"https:\/\/twitter.com\/londonoe\" rel=\"noreferrer noopener\" target=\"_blank\">@londonoe<\/a>&nbsp;\u2022&nbsp;<a href=\"https:\/\/www.facebook.com\/londono\" rel=\"noreferrer noopener\" target=\"_blank\">Facebook<\/a><\/p>\n","protected":false},"excerpt":{"rendered":"<p>O presidente Jair Bolsonaro atua de forma agressiva para abrir a floresta amaz\u00f4nica ao desenvolvimento comercial e representa uma amea\u00e7a existencial para as tribos da regi\u00e3o.<\/p>\n","protected":false},"author":1,"featured_media":0,"comment_status":"closed","ping_status":"open","sticky":false,"template":"","format":"standard","meta":{"_exactmetrics_skip_tracking":false,"_exactmetrics_sitenote_active":false,"_exactmetrics_sitenote_note":"","_exactmetrics_sitenote_category":0,"jetpack_post_was_ever_published":false,"_jetpack_newsletter_access":"","_jetpack_dont_email_post_to_subs":false,"_jetpack_newsletter_tier_id":0,"_jetpack_memberships_contains_paywalled_content":false,"_jetpack_memberships_contains_paid_content":false,"footnotes":"","jetpack_publicize_message":"","jetpack_publicize_feature_enabled":true,"jetpack_social_post_already_shared":true,"jetpack_social_options":{"image_generator_settings":{"template":"highway","enabled":false},"version":2}},"categories":[1],"tags":[],"class_list":["post-27644","post","type-post","status-publish","format-standard","hentry","category-notas"],"jetpack_publicize_connections":[],"jetpack_sharing_enabled":true,"jetpack_featured_media_url":"","jetpack_shortlink":"https:\/\/wp.me\/p7wKYW-7bS","jetpack-related-posts":[],"_links":{"self":[{"href":"http:\/\/blogdalucianaoliveira.com.br\/blog\/wp-json\/wp\/v2\/posts\/27644","targetHints":{"allow":["GET"]}}],"collection":[{"href":"http:\/\/blogdalucianaoliveira.com.br\/blog\/wp-json\/wp\/v2\/posts"}],"about":[{"href":"http:\/\/blogdalucianaoliveira.com.br\/blog\/wp-json\/wp\/v2\/types\/post"}],"author":[{"embeddable":true,"href":"http:\/\/blogdalucianaoliveira.com.br\/blog\/wp-json\/wp\/v2\/users\/1"}],"replies":[{"embeddable":true,"href":"http:\/\/blogdalucianaoliveira.com.br\/blog\/wp-json\/wp\/v2\/comments?post=27644"}],"version-history":[{"count":1,"href":"http:\/\/blogdalucianaoliveira.com.br\/blog\/wp-json\/wp\/v2\/posts\/27644\/revisions"}],"predecessor-version":[{"id":27646,"href":"http:\/\/blogdalucianaoliveira.com.br\/blog\/wp-json\/wp\/v2\/posts\/27644\/revisions\/27646"}],"wp:attachment":[{"href":"http:\/\/blogdalucianaoliveira.com.br\/blog\/wp-json\/wp\/v2\/media?parent=27644"}],"wp:term":[{"taxonomy":"category","embeddable":true,"href":"http:\/\/blogdalucianaoliveira.com.br\/blog\/wp-json\/wp\/v2\/categories?post=27644"},{"taxonomy":"post_tag","embeddable":true,"href":"http:\/\/blogdalucianaoliveira.com.br\/blog\/wp-json\/wp\/v2\/tags?post=27644"}],"curies":[{"name":"wp","href":"https:\/\/api.w.org\/{rel}","templated":true}]}}