{"id":27647,"date":"2020-04-21T12:30:56","date_gmt":"2020-04-21T16:30:56","guid":{"rendered":"http:\/\/blogdalucianaoliveira.com.br\/blog\/?p=27647"},"modified":"2020-04-21T12:31:05","modified_gmt":"2020-04-21T16:31:05","slug":"como-a-cultura-e-os-habitos-chineses-influenciam-contra-o-coronavirus","status":"publish","type":"post","link":"http:\/\/blogdalucianaoliveira.com.br\/blog\/2020\/04\/21\/como-a-cultura-e-os-habitos-chineses-influenciam-contra-o-coronavirus\/","title":{"rendered":"Como a cultura e os h\u00e1bitos chineses influenciam contra o coronav\u00edrus"},"content":{"rendered":"\n<figure class=\"wp-block-image size-large\"><img data-recalc-dims=\"1\" loading=\"lazy\" decoding=\"async\" width=\"600\" height=\"337\" data-attachment-id=\"27648\" data-permalink=\"http:\/\/blogdalucianaoliveira.com.br\/blog\/2020\/04\/21\/como-a-cultura-e-os-habitos-chineses-influenciam-contra-o-coronavirus\/image-57-5\/\" data-orig-file=\"https:\/\/i0.wp.com\/blogdalucianaoliveira.com.br\/blog\/wp-content\/uploads\/2020\/04\/image-57.jpeg?fit=739%2C415\" data-orig-size=\"739,415\" data-comments-opened=\"0\" data-image-meta=\"{&quot;aperture&quot;:&quot;0&quot;,&quot;credit&quot;:&quot;&quot;,&quot;camera&quot;:&quot;&quot;,&quot;caption&quot;:&quot;&quot;,&quot;created_timestamp&quot;:&quot;0&quot;,&quot;copyright&quot;:&quot;&quot;,&quot;focal_length&quot;:&quot;0&quot;,&quot;iso&quot;:&quot;0&quot;,&quot;shutter_speed&quot;:&quot;0&quot;,&quot;title&quot;:&quot;&quot;,&quot;orientation&quot;:&quot;0&quot;}\" data-image-title=\"image-57\" data-image-description=\"\" data-image-caption=\"\" data-medium-file=\"https:\/\/i0.wp.com\/blogdalucianaoliveira.com.br\/blog\/wp-content\/uploads\/2020\/04\/image-57.jpeg?fit=300%2C168\" data-large-file=\"https:\/\/i0.wp.com\/blogdalucianaoliveira.com.br\/blog\/wp-content\/uploads\/2020\/04\/image-57.jpeg?fit=600%2C337\" src=\"https:\/\/i0.wp.com\/blogdalucianaoliveira.com.br\/blog\/wp-content\/uploads\/2020\/04\/image-57.jpeg?resize=600%2C337\" alt=\"\" class=\"wp-image-27648\" srcset=\"https:\/\/i0.wp.com\/blogdalucianaoliveira.com.br\/blog\/wp-content\/uploads\/2020\/04\/image-57.jpeg?w=739 739w, https:\/\/i0.wp.com\/blogdalucianaoliveira.com.br\/blog\/wp-content\/uploads\/2020\/04\/image-57.jpeg?resize=300%2C168 300w, https:\/\/i0.wp.com\/blogdalucianaoliveira.com.br\/blog\/wp-content\/uploads\/2020\/04\/image-57.jpeg?resize=534%2C300 534w\" sizes=\"auto, (max-width: 600px) 100vw, 600px\" \/><\/figure>\n\n\n\n<p><em>Um fato curioso \u00e9 que na cultura chinesa h\u00e1 uma ideia de que o pa\u00eds \u00e9 uma grande fam\u00edlia, um coletivo para o qual devemos ser sempre leais<\/em>.<\/p>\n\n\n\n<!--more-->\n\n\n\n<p>GGN, <strong>Por Gilberto Carvalho<\/strong><\/p>\n\n\n\n<p><strong><a href=\"https:\/\/www.linkedin.com\/pulse\/o-que-china-fez-meu-amigo-gilberto-carvalho-%25E5%2590%2589%25E5%25B0%2594\/?trackingId=WtacPbUwTuOh2RQpKyYDTg%3D%3D&amp;fbclid=IwAR3HwOYxm04kjxzBvquh724lm2hDz8DN47W4TUbPWYvzbiPzN3zl--BG-Jc\">O que a China fez, meu amigo?<\/a><\/strong><\/p>\n\n\n\n<p>Ao entrar na terceira semana de quarentena, os brasileiros come\u00e7aram a entender o que os chineses (e os estrangeiros que vivem por aqui) passaram durante essa dura primeira fase da batalha contra um v\u00edrus resistente e extremamente veloz.<\/p>\n\n\n\n<p>Logo no in\u00edcio da primeira semana, conversei seriamente com parentes e amigos no intuito de passar um pouco da nossa experi\u00eancia direto do \u201cfuturo\u201d e como foi importante o esfor\u00e7o coletivo, a atitude solid\u00e1ria e a disciplina para que, em pouco mais de dois meses, a vida come\u00e7asse a voltar ao normal.<\/p>\n\n\n\n<p>Numa dessas conversas, um amigo confessou n\u00e3o compreender como um pa\u00eds de dimens\u00f5es continentais e mais de um bilh\u00e3o de pessoas conseguiu manter a popula\u00e7\u00e3o sob controle durante todo esse per\u00edodo.<\/p>\n\n\n\n<p>Come\u00e7amos a discutir diversos pontos e pude afirmar algumas quest\u00f5es muito pr\u00e1ticas, como a velocidade de execu\u00e7\u00e3o dos planos, as medidas extremas na cidade de Wuhan e, na sequencia, em toda a prov\u00edncia de Hubei, isolando-a do resto do pa\u00eds. Raz\u00e3o pela qual a regi\u00e3o concentrou mais de 80% dos casos e mais de 95% das mortes relacionadas a COVID-19.<\/p>\n\n\n\n<p>Outro ponto relevante que observamos foi o quanto o olho do Estado est\u00e1 sempre atento e como existe uma fobia da popula\u00e7\u00e3o em rela\u00e7\u00e3o \u00e0 puni\u00e7\u00f5es. O monitoramento e o rastreamento, que j\u00e1 eram constantes, foram ampliados. Volunt\u00e1rios auxiliavam no controle de fluxo nos condom\u00ednios e ruas, medindo temperatura e barrando quem n\u00e3o deveria circular pelo local.<\/p>\n\n\n\n<p>Por ser uma quest\u00e3o complexa, quer\u00edamos ir al\u00e9m daquele simplismo de apenas apontar o fato da China ser um pa\u00eds com regime autorit\u00e1rio e regras menos flex\u00edveis que outras na\u00e7\u00f5es de dimens\u00f5es similares como a raz\u00e3o para o sucesso do movimento de isolamento e o consequente estancamento da dissemina\u00e7\u00e3o do v\u00edrus.<\/p>\n\n\n\n<p>Existem fatores antropol\u00f3gicos envolvidos e, durante o nosso papo, tive a oportunidade de refletir sobre a sociedade na qual estou inserido e sua cultura, al\u00e9m das pessoas com as quais eu me relaciono e observo nos meus anos de China.<\/p>\n\n\n\n<p>Eu tenho muitos colegas chineses, sou l\u00edder de um time de chineses e sou subordinado a chineses, assim pude observar, desde dentro, uma sociedade que confia em seus l\u00edderes, n\u00e3o apenas nos l\u00edderes pol\u00edticos. Por aqui tem-se a convic\u00e7\u00e3o de que as pessoas que est\u00e3o no poder far\u00e3o o melhor poss\u00edvel para o bem da popula\u00e7\u00e3o diante de uma situa\u00e7\u00e3o cr\u00edtica. Vale dizer que o apoio n\u00e3o \u00e9 ilimitado e incondicional, como mostrou a como\u00e7\u00e3o nas m\u00eddias sociais ap\u00f3s a morte do m\u00e9dico de Wuhan, que tentou alertar para o risco do v\u00edrus. Ainda assim \u00e9 um padr\u00e3o muito acima do resto do mundo, com um raro senso de lealdade.<\/p>\n\n\n\n<p>Essa confian\u00e7a na figura do l\u00edder, o respeito \u00e0 autoridade, na minha vis\u00e3o, tem uma origem mais confucionista do que comunista, pois acredito ser anterior a funda\u00e7\u00e3o da Rep\u00fablica Popular da China.<\/p>\n\n\n\n<p>Toda essa predisposi\u00e7\u00e3o para aceitar e seguir regras determinadas, evidentemente, \u00e9 muito apreciada pelo Partido Comunista, que sabe utilizar desse advento para mobilizar massas em torno de um objetivo, ou uma guerra, como foi encarada a luta contra a COVID-19. Muitas vezes a propaganda, para os ouvidos estrangeiros, parece um discurso raso, mas nutre o patriotismo\u00a0e incute na popula\u00e7\u00e3o o sentido de miss\u00e3o, os motivando para enfrentar os desafios em per\u00edodos complexos.<\/p>\n\n\n\n<p>Um fato curioso \u00e9 que na cultura chinesa h\u00e1 uma ideia de que o pa\u00eds \u00e9 uma grande fam\u00edlia, um coletivo para o qual devemos ser sempre leais. Podemos ver isso refletido na palavra\u00a0<em>pa\u00eds<\/em>, que em mandarim \u00e9 \u56fd\u5bb6 (<em>guojia<\/em>). Sendo que \u5bb6(<em>jia<\/em>) significa fam\u00edlia.<\/p>\n\n\n\n<p>\u00c9 poss\u00edvel observar uma diferen\u00e7a bem importante na vis\u00e3o de um chin\u00eas e um ocidental sobre a rela\u00e7\u00e3o entre o indiv\u00edduo e o coletivo. Os asi\u00e1ticos enxergam que o interesse coletivo tem um peso maior na compara\u00e7\u00e3o com as liberdades individuais. Isso influencia diretamente na maneira que a popula\u00e7\u00e3o encara certas restri\u00e7\u00f5es. Acredita-se que o cumprimento das regras \u00e9 um sinal de respeito aos demais e com isso preservamos a sa\u00fade, o bem-estar e a seguran\u00e7a de toda a comunidade.<\/p>\n\n\n\n<p>Mas na luta contra a epidemia era claro que havia tamb\u00e9m um senso de autopreserva\u00e7\u00e3o, ligado \u00e0 sa\u00fade. Esse \u00e9 o fator que conecta os chineses ao restante do mundo. O que os diferencia \u00e9 a disciplina e determina\u00e7\u00e3o.<\/p>\n\n\n\n<p>\u00c9 importante lembrar que estamos falando de um povo que passou por grandes provas e grandes priva\u00e7\u00f5es. Ainda h\u00e1 muitas pessoas que viveram o per\u00edodo da Revolu\u00e7\u00e3o Cultural entre os que estiveram em isolamento. S\u00e3o pessoas que n\u00e3o desistem facilmente e com uma grande toler\u00e2ncia a sacrif\u00edcios.<\/p>\n\n\n\n<p>Tamb\u00e9m vejo o empirismo ajudando neste momento de crise, pelo fato dos chineses terem passado por uma outra epidemia h\u00e1 18 anos. A SARS ajudou na incorpora\u00e7\u00e3o de novos h\u00e1bitos, ampliados agora, al\u00e9m de prepar\u00e1-los psicologicamente para um per\u00edodo longo de restri\u00e7\u00f5es.<\/p>\n\n\n\n<p>Mesmo com toda essa experi\u00eancia e disciplina o caminho \u00e9 longo, tortuoso e ningu\u00e9m sai inc\u00f3lume. Casos de div\u00f3rcio, viol\u00eancia dom\u00e9stica e insanidade mental aumentaram muito nos \u00faltimos meses. Apesar disso, por aqui, esses obst\u00e1culos s\u00e3o percebidos como feridas de uma guerra pelo bem do povo. Qualquer restri\u00e7\u00e3o, controle r\u00edgido ou quebra de privacidade s\u00e3o encarados com grande esp\u00edrito p\u00fablico. O cidad\u00e3o sente-se parte de uma grande fam\u00edlia que luta pela sobreviv\u00eancia.<\/p>\n\n\n\n<p>E \u00e0 medida que as not\u00edcias chegam e mostram as dificuldades de outros pa\u00edses na conten\u00e7\u00e3o dessa dissemina\u00e7\u00e3o, um sentimento de confian\u00e7a aflora, confirmando que o sacrif\u00edcio n\u00e3o foi em v\u00e3o e que, mais uma vez, os l\u00edderes estavam certos.<\/p>\n\n\n\n<p>Meu amigo j\u00e1 n\u00e3o estava mais na linha nesse momento\u2026<\/p>\n\n\n\n<p>\u2026e eu s\u00f3 queria dizer a ele que a guerra ainda est\u00e1 longe de acabar!<\/p>\n","protected":false},"excerpt":{"rendered":"<p>Um fato curioso \u00e9 que na cultura chinesa h\u00e1 uma ideia de que o pa\u00eds \u00e9 uma grande fam\u00edlia, um coletivo para o qual devemos ser sempre leais.<\/p>\n","protected":false},"author":1,"featured_media":0,"comment_status":"closed","ping_status":"open","sticky":false,"template":"","format":"standard","meta":{"_exactmetrics_skip_tracking":false,"_exactmetrics_sitenote_active":false,"_exactmetrics_sitenote_note":"","_exactmetrics_sitenote_category":0,"jetpack_post_was_ever_published":false,"_jetpack_newsletter_access":"","_jetpack_dont_email_post_to_subs":false,"_jetpack_newsletter_tier_id":0,"_jetpack_memberships_contains_paywalled_content":false,"_jetpack_memberships_contains_paid_content":false,"footnotes":"","jetpack_publicize_message":"","jetpack_publicize_feature_enabled":true,"jetpack_social_post_already_shared":true,"jetpack_social_options":{"image_generator_settings":{"template":"highway","enabled":false},"version":2}},"categories":[1],"tags":[],"class_list":["post-27647","post","type-post","status-publish","format-standard","hentry","category-notas"],"jetpack_publicize_connections":[],"jetpack_sharing_enabled":true,"jetpack_featured_media_url":"","jetpack_shortlink":"https:\/\/wp.me\/p7wKYW-7bV","jetpack-related-posts":[],"_links":{"self":[{"href":"http:\/\/blogdalucianaoliveira.com.br\/blog\/wp-json\/wp\/v2\/posts\/27647","targetHints":{"allow":["GET"]}}],"collection":[{"href":"http:\/\/blogdalucianaoliveira.com.br\/blog\/wp-json\/wp\/v2\/posts"}],"about":[{"href":"http:\/\/blogdalucianaoliveira.com.br\/blog\/wp-json\/wp\/v2\/types\/post"}],"author":[{"embeddable":true,"href":"http:\/\/blogdalucianaoliveira.com.br\/blog\/wp-json\/wp\/v2\/users\/1"}],"replies":[{"embeddable":true,"href":"http:\/\/blogdalucianaoliveira.com.br\/blog\/wp-json\/wp\/v2\/comments?post=27647"}],"version-history":[{"count":1,"href":"http:\/\/blogdalucianaoliveira.com.br\/blog\/wp-json\/wp\/v2\/posts\/27647\/revisions"}],"predecessor-version":[{"id":27649,"href":"http:\/\/blogdalucianaoliveira.com.br\/blog\/wp-json\/wp\/v2\/posts\/27647\/revisions\/27649"}],"wp:attachment":[{"href":"http:\/\/blogdalucianaoliveira.com.br\/blog\/wp-json\/wp\/v2\/media?parent=27647"}],"wp:term":[{"taxonomy":"category","embeddable":true,"href":"http:\/\/blogdalucianaoliveira.com.br\/blog\/wp-json\/wp\/v2\/categories?post=27647"},{"taxonomy":"post_tag","embeddable":true,"href":"http:\/\/blogdalucianaoliveira.com.br\/blog\/wp-json\/wp\/v2\/tags?post=27647"}],"curies":[{"name":"wp","href":"https:\/\/api.w.org\/{rel}","templated":true}]}}