{"id":27650,"date":"2020-04-21T12:42:37","date_gmt":"2020-04-21T16:42:37","guid":{"rendered":"http:\/\/blogdalucianaoliveira.com.br\/blog\/?p=27650"},"modified":"2020-04-21T12:42:45","modified_gmt":"2020-04-21T16:42:45","slug":"efeito-bolsonaro-brasil-cai-em-ranking-de-liberdade-de-imprensa","status":"publish","type":"post","link":"http:\/\/blogdalucianaoliveira.com.br\/blog\/2020\/04\/21\/efeito-bolsonaro-brasil-cai-em-ranking-de-liberdade-de-imprensa\/","title":{"rendered":"Efeito Bolsonaro: Brasil cai em ranking de liberdade de imprensa"},"content":{"rendered":"\n<figure class=\"wp-block-image size-large\"><img data-recalc-dims=\"1\" loading=\"lazy\" decoding=\"async\" width=\"600\" height=\"360\" data-attachment-id=\"27651\" data-permalink=\"http:\/\/blogdalucianaoliveira.com.br\/blog\/2020\/04\/21\/efeito-bolsonaro-brasil-cai-em-ranking-de-liberdade-de-imprensa\/image-58-5\/\" data-orig-file=\"https:\/\/i0.wp.com\/blogdalucianaoliveira.com.br\/blog\/wp-content\/uploads\/2020\/04\/image-58.jpeg?fit=1024%2C614\" data-orig-size=\"1024,614\" data-comments-opened=\"0\" data-image-meta=\"{&quot;aperture&quot;:&quot;0&quot;,&quot;credit&quot;:&quot;&quot;,&quot;camera&quot;:&quot;&quot;,&quot;caption&quot;:&quot;&quot;,&quot;created_timestamp&quot;:&quot;0&quot;,&quot;copyright&quot;:&quot;&quot;,&quot;focal_length&quot;:&quot;0&quot;,&quot;iso&quot;:&quot;0&quot;,&quot;shutter_speed&quot;:&quot;0&quot;,&quot;title&quot;:&quot;&quot;,&quot;orientation&quot;:&quot;0&quot;}\" data-image-title=\"image-58\" data-image-description=\"\" data-image-caption=\"\" data-medium-file=\"https:\/\/i0.wp.com\/blogdalucianaoliveira.com.br\/blog\/wp-content\/uploads\/2020\/04\/image-58.jpeg?fit=300%2C180\" data-large-file=\"https:\/\/i0.wp.com\/blogdalucianaoliveira.com.br\/blog\/wp-content\/uploads\/2020\/04\/image-58.jpeg?fit=600%2C360\" src=\"https:\/\/i0.wp.com\/blogdalucianaoliveira.com.br\/blog\/wp-content\/uploads\/2020\/04\/image-58.jpeg?resize=600%2C360\" alt=\"\" class=\"wp-image-27651\" srcset=\"https:\/\/i0.wp.com\/blogdalucianaoliveira.com.br\/blog\/wp-content\/uploads\/2020\/04\/image-58.jpeg?w=1024 1024w, https:\/\/i0.wp.com\/blogdalucianaoliveira.com.br\/blog\/wp-content\/uploads\/2020\/04\/image-58.jpeg?resize=300%2C180 300w, https:\/\/i0.wp.com\/blogdalucianaoliveira.com.br\/blog\/wp-content\/uploads\/2020\/04\/image-58.jpeg?resize=768%2C461 768w, https:\/\/i0.wp.com\/blogdalucianaoliveira.com.br\/blog\/wp-content\/uploads\/2020\/04\/image-58.jpeg?resize=500%2C300 500w\" sizes=\"auto, (max-width: 600px) 100vw, 600px\" \/><\/figure>\n\n\n\n<p><br>\u2018Clima de \u00f3dio e suspeitas alimentado por Bolsonaro\u2019, diz o relat\u00f3rio que explica a 107\u00aa posi\u00e7\u00e3o do Pa\u00eds \u2013 abaixo de Hungria e Israel.<\/p>\n\n\n\n<!--more-->\n\n\n\n<p>Carta Capital <\/p>\n\n\n\n<p>Pelo segundo ano seguido, o Brasil perdeu posi\u00e7\u00f5es em um ranking de liberdade de imprensa publicado pela organiza\u00e7\u00e3o Rep\u00f3rteres Sem Fronteiras, que analisa, entre outras quest\u00f5es, qu\u00e3o plurais s\u00e3o as vozes jornal\u00edsticas no Pa\u00eds e as poss\u00edveis agress\u00f5es \u2013 f\u00edsicas e verbais \u2013 contra profissionais da m\u00eddia.<\/p>\n\n\n\n<p>Na an\u00e1lise sobre o Brasil, a primeira linha esclarece qual o motivo da 107\u00aa posi\u00e7\u00e3o que o pa\u00eds angariou: \u201cclima de \u00f3dio e suspeitas alimentado por Bolsonaro\u201d. Foram duas casas abaixo do que a posi\u00e7\u00e3o de 2018. O documento destaca que, desde as elei\u00e7\u00f5es, Bolsonaro se alimenta do \u201cdiscurso de \u00f3dio, desinforma\u00e7\u00e3o, viol\u00eancia contra jornalistas e desprezo pelos direitos humanos\u201d, o que iniciou uma \u201cera sombria\u201d na hist\u00f3ria da democracia e da liberdade de imprensa no Brasil.<\/p>\n\n\n\n<p>A \u201cconcentra\u00e7\u00e3o de m\u00eddia em grandes fam\u00edlias\u201d tamb\u00e9m chamou a aten\u00e7\u00e3o do relat\u00f3rio, que destacou que algumas s\u00e3o \u201cligadas intimamente \u00e0 classe pol\u00edtica\u201d. Tamb\u00e9m foi apontada a persegui\u00e7\u00e3o feita \u00e0 confidencialidade da imprensa em rela\u00e7\u00e3o \u00e0s fontes \u2013 uma refer\u00eancia velada \u00e0 Vaza Jato e \u00e0s persegui\u00e7\u00f5es aos jornalistas que conduziram a investiga\u00e7\u00e3o em 2019.<\/p>\n\n\n\n<p>A posi\u00e7\u00e3o brasileira \u00e9 abaixo da observada em pa\u00edses com presidentes autorit\u00e1rios, como a Hungria (89\u00ba), do primeiro-ministro Viktor Orb\u00e1n, que chegou a aprovar com o parlamento uma lei que encarcera, por cinco anos, propagadores do que ele classificaria como \u201cnot\u00edcias falsas\u201d sobre o coronav\u00edrus. Israel, controlada pelo acusado de corrup\u00e7\u00e3o Benjamin Netanyahu, figura na 88\u00aa posi\u00e7\u00e3o.<\/p>\n\n\n\n<p>No cen\u00e1rio latino, o Brasil se encontra atr\u00e1s do Uruguai (19\u00ba), Suriname (20\u00ba),\u00a0 das Guianas (49\u00ba),\u00a0Chile (54\u00ba), Argentina (64\u00ba), Peru (90\u00ba), Equador (94\u00ba) e Paraguai (100\u00ba), e est\u00e1 \u00e0 frente apenas da Bol\u00edvia (114\u00ba), que sofreu um golpe de Estado recentemente, Col\u00f4mbia (130\u00ba) e da Venezuela (147\u00ba).<\/p>\n\n\n\n<p>No topo da lista, figuram Noruega, Finl\u00e2ndia e Dinamarca, respectivamente. Na ponta, est\u00e3o a China, Eritreia e Turcomenist\u00e3o \u2013 o mesmo pa\u00eds que&nbsp;<a href=\"https:\/\/www.cartacapital.com.br\/mundo\/pais-da-asia-central-proibe-uso-da-palavra-coronavirus\/\">proibiu o uso da palavra \u201ccoronav\u00edrus\u201d<\/a>no&nbsp;meio da pandemia.<\/p>\n\n\n\n<p>Segundo o Rep\u00f3rteres sem Fronteiras, que faz o citado ranking desde 2002, s\u00e3o considerados o pluralismo, a independ\u00eancia da m\u00eddia, o ambiente midi\u00e1tico e poss\u00edveis censuras internas nas reda\u00e7\u00f5es, a cobertura parlamentar, a transpar\u00eancia e a qualidade da infraestrutura que d\u00e1 apoio \u00e0 produ\u00e7\u00e3o de not\u00edcias e informa\u00e7\u00f5es.<\/p>\n\n\n\n<p>\u201c[O ranking] n\u00e3o ranqueia pol\u00edticas p\u00fablicas, mesmo se as medidas governamentais tiverem maior impacto na posi\u00e7\u00e3o do pa\u00eds, e n\u00e3o \u00e9 um indicador da qualidade do jornalismo em cada Pa\u00eds ou regi\u00e3o\u201d, destacam.<\/p>\n","protected":false},"excerpt":{"rendered":"<p>\u2018Clima de \u00f3dio e suspeitas alimentado por Bolsonaro\u2019, diz o relat\u00f3rio que explica a 107\u00aa posi\u00e7\u00e3o do Pa\u00eds \u2013 abaixo de Hungria e Israel.<\/p>\n","protected":false},"author":1,"featured_media":0,"comment_status":"closed","ping_status":"open","sticky":false,"template":"","format":"standard","meta":{"_exactmetrics_skip_tracking":false,"_exactmetrics_sitenote_active":false,"_exactmetrics_sitenote_note":"","_exactmetrics_sitenote_category":0,"jetpack_post_was_ever_published":false,"_jetpack_newsletter_access":"","_jetpack_dont_email_post_to_subs":false,"_jetpack_newsletter_tier_id":0,"_jetpack_memberships_contains_paywalled_content":false,"_jetpack_memberships_contains_paid_content":false,"footnotes":"","jetpack_publicize_message":"","jetpack_publicize_feature_enabled":true,"jetpack_social_post_already_shared":true,"jetpack_social_options":{"image_generator_settings":{"template":"highway","enabled":false},"version":2}},"categories":[1],"tags":[],"class_list":["post-27650","post","type-post","status-publish","format-standard","hentry","category-notas"],"jetpack_publicize_connections":[],"jetpack_sharing_enabled":true,"jetpack_featured_media_url":"","jetpack_shortlink":"https:\/\/wp.me\/p7wKYW-7bY","jetpack-related-posts":[],"_links":{"self":[{"href":"http:\/\/blogdalucianaoliveira.com.br\/blog\/wp-json\/wp\/v2\/posts\/27650","targetHints":{"allow":["GET"]}}],"collection":[{"href":"http:\/\/blogdalucianaoliveira.com.br\/blog\/wp-json\/wp\/v2\/posts"}],"about":[{"href":"http:\/\/blogdalucianaoliveira.com.br\/blog\/wp-json\/wp\/v2\/types\/post"}],"author":[{"embeddable":true,"href":"http:\/\/blogdalucianaoliveira.com.br\/blog\/wp-json\/wp\/v2\/users\/1"}],"replies":[{"embeddable":true,"href":"http:\/\/blogdalucianaoliveira.com.br\/blog\/wp-json\/wp\/v2\/comments?post=27650"}],"version-history":[{"count":1,"href":"http:\/\/blogdalucianaoliveira.com.br\/blog\/wp-json\/wp\/v2\/posts\/27650\/revisions"}],"predecessor-version":[{"id":27652,"href":"http:\/\/blogdalucianaoliveira.com.br\/blog\/wp-json\/wp\/v2\/posts\/27650\/revisions\/27652"}],"wp:attachment":[{"href":"http:\/\/blogdalucianaoliveira.com.br\/blog\/wp-json\/wp\/v2\/media?parent=27650"}],"wp:term":[{"taxonomy":"category","embeddable":true,"href":"http:\/\/blogdalucianaoliveira.com.br\/blog\/wp-json\/wp\/v2\/categories?post=27650"},{"taxonomy":"post_tag","embeddable":true,"href":"http:\/\/blogdalucianaoliveira.com.br\/blog\/wp-json\/wp\/v2\/tags?post=27650"}],"curies":[{"name":"wp","href":"https:\/\/api.w.org\/{rel}","templated":true}]}}