{"id":27655,"date":"2020-04-21T18:54:09","date_gmt":"2020-04-21T22:54:09","guid":{"rendered":"http:\/\/blogdalucianaoliveira.com.br\/blog\/?p=27655"},"modified":"2020-04-21T18:54:16","modified_gmt":"2020-04-21T22:54:16","slug":"prefeito-de-manaus-chora-pede-ajuda-e-diz-que-bolsonaro-tem-de-ser-presidente-de-verdade-e-respeitar-coveiros","status":"publish","type":"post","link":"http:\/\/blogdalucianaoliveira.com.br\/blog\/2020\/04\/21\/prefeito-de-manaus-chora-pede-ajuda-e-diz-que-bolsonaro-tem-de-ser-presidente-de-verdade-e-respeitar-coveiros\/","title":{"rendered":"Prefeito de Manaus chora, pede ajuda e diz que Bolsonaro tem de ser presidente de verdade e respeitar coveiros"},"content":{"rendered":"\n<figure class=\"wp-block-image size-large\"><img data-recalc-dims=\"1\" loading=\"lazy\" decoding=\"async\" width=\"600\" height=\"400\" data-attachment-id=\"27656\" data-permalink=\"http:\/\/blogdalucianaoliveira.com.br\/blog\/2020\/04\/21\/prefeito-de-manaus-chora-pede-ajuda-e-diz-que-bolsonaro-tem-de-ser-presidente-de-verdade-e-respeitar-coveiros\/ee90cdd3-f2f1-4ae5-ae6b-e1f35f1f8d5b\/\" data-orig-file=\"https:\/\/i0.wp.com\/blogdalucianaoliveira.com.br\/blog\/wp-content\/uploads\/2020\/04\/EE90CDD3-F2F1-4AE5-AE6B-E1F35F1F8D5B.jpeg?fit=640%2C427\" data-orig-size=\"640,427\" data-comments-opened=\"0\" data-image-meta=\"{&quot;aperture&quot;:&quot;0&quot;,&quot;credit&quot;:&quot;&quot;,&quot;camera&quot;:&quot;&quot;,&quot;caption&quot;:&quot;&quot;,&quot;created_timestamp&quot;:&quot;0&quot;,&quot;copyright&quot;:&quot;&quot;,&quot;focal_length&quot;:&quot;0&quot;,&quot;iso&quot;:&quot;0&quot;,&quot;shutter_speed&quot;:&quot;0&quot;,&quot;title&quot;:&quot;&quot;,&quot;orientation&quot;:&quot;0&quot;}\" data-image-title=\"EE90CDD3-F2F1-4AE5-AE6B-E1F35F1F8D5B\" data-image-description=\"\" data-image-caption=\"\" data-medium-file=\"https:\/\/i0.wp.com\/blogdalucianaoliveira.com.br\/blog\/wp-content\/uploads\/2020\/04\/EE90CDD3-F2F1-4AE5-AE6B-E1F35F1F8D5B.jpeg?fit=300%2C200\" data-large-file=\"https:\/\/i0.wp.com\/blogdalucianaoliveira.com.br\/blog\/wp-content\/uploads\/2020\/04\/EE90CDD3-F2F1-4AE5-AE6B-E1F35F1F8D5B.jpeg?fit=600%2C400\" src=\"https:\/\/i0.wp.com\/blogdalucianaoliveira.com.br\/blog\/wp-content\/uploads\/2020\/04\/EE90CDD3-F2F1-4AE5-AE6B-E1F35F1F8D5B.jpeg?resize=600%2C400\" alt=\"\" class=\"wp-image-27656\" srcset=\"https:\/\/i0.wp.com\/blogdalucianaoliveira.com.br\/blog\/wp-content\/uploads\/2020\/04\/EE90CDD3-F2F1-4AE5-AE6B-E1F35F1F8D5B.jpeg?w=640 640w, https:\/\/i0.wp.com\/blogdalucianaoliveira.com.br\/blog\/wp-content\/uploads\/2020\/04\/EE90CDD3-F2F1-4AE5-AE6B-E1F35F1F8D5B.jpeg?resize=300%2C200 300w, https:\/\/i0.wp.com\/blogdalucianaoliveira.com.br\/blog\/wp-content\/uploads\/2020\/04\/EE90CDD3-F2F1-4AE5-AE6B-E1F35F1F8D5B.jpeg?resize=450%2C300 450w\" sizes=\"auto, (max-width: 600px) 100vw, 600px\" \/><\/figure>\n\n\n\n<p>FSP &#8211; O prefeito de\u00a0<a href=\"https:\/\/www1.folha.uol.com.br\/colunas\/painel\/2020\/04\/ministerio-da-infraestrutura-deve-construir-hospital-de-campanha-para-indigenas-em-manaus.shtml\">Manaus<\/a>, Arthur Virg\u00edlio Neto (PSDB-AM\u200b), diz que a capital do\u00a0<a href=\"https:\/\/www1.folha.uol.com.br\/colunas\/painel\/2020\/04\/amazonas-esta-pertinho-de-colapsar-diz-governador.shtml\">Amazonas<\/a>\u00a0j\u00e1 n\u00e3o vive uma emerg\u00eancia, mas um estado de calamidade. A cidade tem, at\u00e9 o momento, 1.809 casos de contamina\u00e7\u00e3o pelo coronav\u00edrus, al\u00e9m de 163 \u00f3bitos. O estado tem taxa de ocupa\u00e7\u00e3o de 91% de seus leitos de UTI, c\u00e1lculo que Virg\u00edlio considera exageradamente otimista.<\/p>\n\n\n\n<!--more-->\n\n\n\n<p>O tucano revela ao&nbsp;<a href=\"https:\/\/www1.folha.uol.com.br\/colunas\/painel\/\">Painel<\/a>&nbsp;uma outra conta que ele afirma ter ficado assombrado: no domingo (19), 17% (ao menos 20 indiv\u00edduos) das 122 pessoas enterradas em Manaus morreram em suas casas. Na segunda (20), a taxa subiu para 36,5% (ao menos 38 pessoas) dos 106 mortos. &#8220;S\u00e3o n\u00fameros que mostram o colapso. Estamos chegando no ponto muito doloroso, ao qual n\u00e3o precisar\u00edamos ter chegado se tiv\u00e9ssemos praticado a horizontalidade da quarentena, no qual o m\u00e9dico ter\u00e1 que se fazer a pergunta: salvo o jovem ou o velho? &#8220;, diz. &#8220;Estamos em ponto de barb\u00e1rie.&#8221;<\/p>\n\n\n\n<p>Nem todos os casos de mortos citados pelo prefeito receberam at\u00e9 o momento a confirma\u00e7\u00e3o de terem rela\u00e7\u00e3o com o coronav\u00edrus. No entanto, Virg\u00edlio afirma acreditar que, sim, a contamina\u00e7\u00e3o pelo Covid-19 seria o motivo.<\/p>\n\n\n\n<p>Virg\u00edlio reuniu-se nesta segunda-feira (20) com o vice-presidente, Hamilton Mour\u00e3o, para apresentar as demandas da cidade na pandemia. Pediu aparelhos de tomografia, profissionais treinados, equipamentos de prote\u00e7\u00e3o individual e rem\u00e9dios. &#8220;O Tamiflu (nome comercial do oseltamivir) estamos dando contado&#8221;, diz.<\/p>\n\n\n\n<p>&#8220;O Amazonas pede socorro. SOS Amazonas. Aceitamos volunt\u00e1rios, m\u00e9dicos, aparelhos que estejam em bom funcionamento ou novos&#8221;, completa. Ele afirma que escrever\u00e1 uma carta aos l\u00edderes do G20 solicitando ajuda.<\/p>\n\n\n\n<p>Virg\u00edlio diz ter aproveitado o encontro para desabafar contra&nbsp;<a href=\"https:\/\/www1.folha.uol.com.br\/colunas\/painel\/2020\/04\/bolsonaro-diz-ter-dados-de-inteligencia-de-plano-de-maia-doria-e-stf-contra-ele.shtml\">Jair&nbsp;<\/a><a href=\"https:\/\/www1.folha.uol.com.br\/colunas\/painel\/2020\/04\/bolsonaro-diz-ter-dados-de-inteligencia-de-plano-de-maia-doria-e-stf-contra-ele.shtml\">Bolsonaro<\/a>. Ele, cujo pai, o senador Arthur Virg\u00edlio Filho, teve o mandato cassado pela ditadura militar, revoltou-se com a presen\u00e7a do presidente no&nbsp;<a href=\"https:\/\/www1.folha.uol.com.br\/poder\/2020\/04\/nao-queremos-negociar-nada-diz-bolsonaro-em-carreata-anti-isolamento-em-brasilia.shtml\">ato pr\u00f3-golpe militar<\/a>de domingo (19).<\/p>\n\n\n\n<figure class=\"wp-block-image\"><img data-recalc-dims=\"1\" decoding=\"async\" src=\"https:\/\/i0.wp.com\/f.i.uol.com.br\/fotografia\/2020\/04\/21\/15875013385e9f591a35d2d_1587501338_3x2_md.jpg?w=600&#038;ssl=1\" alt=\"Covas abertas no Cemit\u00e9rio Parque de Manaus, na manh\u00e3 desta ter\u00e7a-feira (21), no bairro Tarum\u00e3, zona oeste de Manaus\"\/><figcaption>Covas abertas no Cemit\u00e9rio Parque de Manaus, na manh\u00e3 desta ter\u00e7a-feira (21), no bairro Tarum\u00e3, zona oeste de Manaus &#8211;&nbsp;Sandro Pereira\/Fotoarena\/Ag\u00eancia O Globo<\/figcaption><\/figure>\n\n\n\n<p>&#8220;N\u00e3o podia deixar de condenar o presidente participar de um com\u00edcio, aglomerando, e ainda por cima tecendo loas a essa coisa absurda que foi o AI-5. Cassou meu pai, cassou M\u00e1rio Covas, pessoas acima de quaisquer suspeitas, e que serviam o pa\u00eds&#8221;, diz.<\/p>\n\n\n\n<p>&#8220;\u00c9 de extremo mau gosto o presidente participar de um com\u00edcio, insistentemente contrariando a Organiza\u00e7\u00e3o Mundial de Sa\u00fade e os esfor\u00e7os que fazem governadores e prefeitos&#8221;, afirma Virg\u00edlio. &#8220;Bolsonaro toca diariamente nas minhas feridas.&#8221;<\/p>\n\n\n\n<p>Segundo Virg\u00edlio, Mour\u00e3o ouviu calado.<\/p>\n\n\n\n<p>Horas depois do desabafo, Bolsonaro voltaria a incomodar o prefeito ao&nbsp;<a href=\"https:\/\/www1.folha.uol.com.br\/cotidiano\/2020\/04\/nao-sou-coveiro-diz-bolsonaro-sobre-qual-seria-numero-aceitavel-de-mortes-por-coronavirus.shtml\">dizer que n\u00e3o \u00e9 coveiro<\/a>ap\u00f3s ter sido perguntado pela Folha sobre o n\u00famero aceit\u00e1vel de mortes por coronav\u00edrus.<\/p>\n\n\n\n<p>&#8220;Queria dizer para ele que tenho muitos coveiros adoecidos. Alguns em estado grave. Tenho muito respeito pelos coveiros. N\u00e3o sei se ele serviria para ser coveiro. Talvez n\u00e3o servisse. Tomara que ele assuma as fun\u00e7\u00f5es de verdadeiro presidente da Rep\u00fablica. Uma delas \u00e9 respeitar os coveiros&#8221;, afirma Virg\u00edlio. Ao falar sobre esses funcion\u00e1rios, come\u00e7ou a chorar.<\/p>\n\n\n\n<p>&#8220;N\u00e3o fui criado sob essa l\u00f3gica do &#8216;homem n\u00e3o chora&#8217;. Nessa crise tem acontecido isso. \u00c0s vezes, consigo controlar. N\u00e3o que precisasse controlar. Muitas vezes, n\u00e3o consigo&#8221;, afirma.<\/p>\n\n\n\n<p>Sobre as valas que t\u00eam sido abertas pela prefeitura para comportar o aumento do n\u00famero de corpos, o prefeito diz que est\u00e3o sendo usadas retroescavadeiras para dar conta do servi\u00e7o.<\/p>\n\n\n\n<p>&#8220;Tem ali o retrato da fam\u00edlia, p\u00f5e o retrato da pessoa para poder ser homenageada em 2 de novembro [dia de finados], para n\u00e3o ficar aquela coisa que me lembra a ditadura militar, em que a fam\u00edlia sabe que morreu mas n\u00e3o sabe onde est\u00e1 o corpo. \u00c9 um trabalho incessante para evitar o caos funer\u00e1rio&#8221;, diz Virg\u00edlio.<\/p>\n\n\n\n<p>Segundo ele, os caix\u00f5es ser\u00e3o colocados pr\u00f3ximos uns aos outros, &#8220;bem juntos&#8221;, mas ressalta que haver\u00e1 separa\u00e7\u00e3o entre as valas.<\/p>\n\n\n\n<p>Com&nbsp;<strong>Mariana Carneiro<\/strong>&nbsp;e&nbsp;<strong>Guilherme Seto<\/strong><\/p>\n","protected":false},"excerpt":{"rendered":"<p>FSP &#8211; O prefeito de\u00a0Manaus, Arthur Virg\u00edlio Neto (PSDB-AM\u200b), diz que a capital do\u00a0Amazonas\u00a0j\u00e1 n\u00e3o vive uma emerg\u00eancia, mas um estado de calamidade. A cidade tem, at\u00e9 o momento, 1.809 casos de contamina\u00e7\u00e3o pelo coronav\u00edrus, al\u00e9m de 163 \u00f3bitos. O estado tem taxa de ocupa\u00e7\u00e3o de 91% de seus leitos de UTI, c\u00e1lculo que Virg\u00edlio&#8230;<a class=\"more-link\" href=\"http:\/\/blogdalucianaoliveira.com.br\/blog\/2020\/04\/21\/prefeito-de-manaus-chora-pede-ajuda-e-diz-que-bolsonaro-tem-de-ser-presidente-de-verdade-e-respeitar-coveiros\/\">Continue a leitura <span class=\"meta-nav\">&raquo;<\/span><\/a><\/p>\n","protected":false},"author":1,"featured_media":0,"comment_status":"closed","ping_status":"open","sticky":false,"template":"","format":"standard","meta":{"_exactmetrics_skip_tracking":false,"_exactmetrics_sitenote_active":false,"_exactmetrics_sitenote_note":"","_exactmetrics_sitenote_category":0,"jetpack_post_was_ever_published":false,"_jetpack_newsletter_access":"","_jetpack_dont_email_post_to_subs":false,"_jetpack_newsletter_tier_id":0,"_jetpack_memberships_contains_paywalled_content":false,"_jetpack_memberships_contains_paid_content":false,"footnotes":"","jetpack_publicize_message":"","jetpack_publicize_feature_enabled":true,"jetpack_social_post_already_shared":true,"jetpack_social_options":{"image_generator_settings":{"template":"highway","enabled":false},"version":2}},"categories":[1],"tags":[],"class_list":["post-27655","post","type-post","status-publish","format-standard","hentry","category-notas"],"jetpack_publicize_connections":[],"jetpack_sharing_enabled":true,"jetpack_featured_media_url":"","jetpack_shortlink":"https:\/\/wp.me\/p7wKYW-7c3","jetpack-related-posts":[],"_links":{"self":[{"href":"http:\/\/blogdalucianaoliveira.com.br\/blog\/wp-json\/wp\/v2\/posts\/27655","targetHints":{"allow":["GET"]}}],"collection":[{"href":"http:\/\/blogdalucianaoliveira.com.br\/blog\/wp-json\/wp\/v2\/posts"}],"about":[{"href":"http:\/\/blogdalucianaoliveira.com.br\/blog\/wp-json\/wp\/v2\/types\/post"}],"author":[{"embeddable":true,"href":"http:\/\/blogdalucianaoliveira.com.br\/blog\/wp-json\/wp\/v2\/users\/1"}],"replies":[{"embeddable":true,"href":"http:\/\/blogdalucianaoliveira.com.br\/blog\/wp-json\/wp\/v2\/comments?post=27655"}],"version-history":[{"count":1,"href":"http:\/\/blogdalucianaoliveira.com.br\/blog\/wp-json\/wp\/v2\/posts\/27655\/revisions"}],"predecessor-version":[{"id":27657,"href":"http:\/\/blogdalucianaoliveira.com.br\/blog\/wp-json\/wp\/v2\/posts\/27655\/revisions\/27657"}],"wp:attachment":[{"href":"http:\/\/blogdalucianaoliveira.com.br\/blog\/wp-json\/wp\/v2\/media?parent=27655"}],"wp:term":[{"taxonomy":"category","embeddable":true,"href":"http:\/\/blogdalucianaoliveira.com.br\/blog\/wp-json\/wp\/v2\/categories?post=27655"},{"taxonomy":"post_tag","embeddable":true,"href":"http:\/\/blogdalucianaoliveira.com.br\/blog\/wp-json\/wp\/v2\/tags?post=27655"}],"curies":[{"name":"wp","href":"https:\/\/api.w.org\/{rel}","templated":true}]}}