{"id":27662,"date":"2020-04-21T19:59:30","date_gmt":"2020-04-21T23:59:30","guid":{"rendered":"http:\/\/blogdalucianaoliveira.com.br\/blog\/?p=27662"},"modified":"2020-04-21T19:59:42","modified_gmt":"2020-04-21T23:59:42","slug":"tce-ro-alerta-o-governo-do-estado-para-que-disponibilize-informacoes-sobre-contratacoes-feitas-devido-a-pandemia-calamidade-publica","status":"publish","type":"post","link":"http:\/\/blogdalucianaoliveira.com.br\/blog\/2020\/04\/21\/tce-ro-alerta-o-governo-do-estado-para-que-disponibilize-informacoes-sobre-contratacoes-feitas-devido-a-pandemia-calamidade-publica\/","title":{"rendered":"TCE-RO alerta o Governo do Estado para que disponibilize informa\u00e7\u00f5es sobre contrata\u00e7\u00f5es feitas devido \u00e0 pandemia\/calamidade p\u00fablica"},"content":{"rendered":"\n<h4 class=\"wp-block-heading\"><\/h4>\n\n\n\n<figure class=\"wp-block-image size-large\"><img data-recalc-dims=\"1\" loading=\"lazy\" decoding=\"async\" width=\"575\" height=\"302\" data-attachment-id=\"27663\" data-permalink=\"http:\/\/blogdalucianaoliveira.com.br\/blog\/2020\/04\/21\/tce-ro-alerta-o-governo-do-estado-para-que-disponibilize-informacoes-sobre-contratacoes-feitas-devido-a-pandemia-calamidade-publica\/4e19ef30-8e5d-497f-9589-70119ec765ac\/\" data-orig-file=\"https:\/\/i0.wp.com\/blogdalucianaoliveira.com.br\/blog\/wp-content\/uploads\/2020\/04\/4E19EF30-8E5D-497F-9589-70119EC765AC.jpeg?fit=575%2C302\" data-orig-size=\"575,302\" data-comments-opened=\"0\" data-image-meta=\"{&quot;aperture&quot;:&quot;0&quot;,&quot;credit&quot;:&quot;&quot;,&quot;camera&quot;:&quot;&quot;,&quot;caption&quot;:&quot;&quot;,&quot;created_timestamp&quot;:&quot;0&quot;,&quot;copyright&quot;:&quot;&quot;,&quot;focal_length&quot;:&quot;0&quot;,&quot;iso&quot;:&quot;0&quot;,&quot;shutter_speed&quot;:&quot;0&quot;,&quot;title&quot;:&quot;&quot;,&quot;orientation&quot;:&quot;0&quot;}\" data-image-title=\"4E19EF30-8E5D-497F-9589-70119EC765AC\" data-image-description=\"\" data-image-caption=\"\" data-medium-file=\"https:\/\/i0.wp.com\/blogdalucianaoliveira.com.br\/blog\/wp-content\/uploads\/2020\/04\/4E19EF30-8E5D-497F-9589-70119EC765AC.jpeg?fit=300%2C158\" data-large-file=\"https:\/\/i0.wp.com\/blogdalucianaoliveira.com.br\/blog\/wp-content\/uploads\/2020\/04\/4E19EF30-8E5D-497F-9589-70119EC765AC.jpeg?fit=575%2C302\" src=\"https:\/\/i0.wp.com\/blogdalucianaoliveira.com.br\/blog\/wp-content\/uploads\/2020\/04\/4E19EF30-8E5D-497F-9589-70119EC765AC.jpeg?resize=575%2C302\" alt=\"\" class=\"wp-image-27663\" srcset=\"https:\/\/i0.wp.com\/blogdalucianaoliveira.com.br\/blog\/wp-content\/uploads\/2020\/04\/4E19EF30-8E5D-497F-9589-70119EC765AC.jpeg?w=575 575w, https:\/\/i0.wp.com\/blogdalucianaoliveira.com.br\/blog\/wp-content\/uploads\/2020\/04\/4E19EF30-8E5D-497F-9589-70119EC765AC.jpeg?resize=300%2C158 300w, https:\/\/i0.wp.com\/blogdalucianaoliveira.com.br\/blog\/wp-content\/uploads\/2020\/04\/4E19EF30-8E5D-497F-9589-70119EC765AC.jpeg?resize=571%2C300 571w\" sizes=\"auto, (max-width: 575px) 100vw, 575px\" \/><\/figure>\n\n\n\n<p>Da assessoria &#8211; Em expediente encaminhado \u00e0 Controladoria-Geral do Estado (CGE-RO), o Tribunal de Contas (TCE-RO) alerta quanto \u00e0 necessidade de que a administra\u00e7\u00e3o estadual disponibilize, em tempo real, informa\u00e7\u00f5es relacionadas a eventuais contrata\u00e7\u00f5es diretas efetivadas em decorr\u00eancia da pandemia causada pelo novo coronav\u00edrus (Covid-19) ou ainda do estado de calamidade p\u00fablica (Decreto n. 24.887\/2020), mantendo, portanto, o portal da transpar\u00eancia devidamente atualizado e adequado \u00e0s exig\u00eancias legais.<\/p>\n\n\n\n<!--more-->\n\n\n\n<p>O alerta se deu em raz\u00e3o da constata\u00e7\u00e3o, pela Secretaria-Geral de Controle Externo do TCE-RO, da aus\u00eancia de atualiza\u00e7\u00e3o no Portal da Transpar\u00eancia da homologa\u00e7\u00e3o de uma dispensa de licita\u00e7\u00e3o, no valor total de R$ 20.335.750,00, cujo termo fora ratificado pela Secretaria de Estado da Sa\u00fade (Sesau), acompanhado da nota de empenho.<\/p>\n\n\n\n<p>Ainda lembra o TCE-RO que a n\u00e3o disponibiliza\u00e7\u00e3o da informa\u00e7\u00e3o confronta normativo da pr\u00f3pria CGE-RO que, a fim de atender o interesse p\u00fablico e o dever de transpar\u00eancia e integridade do er\u00e1rio nesse momento excepcional, tra\u00e7ou diretrizes para que as unidades administrativas or\u00e7ament\u00e1rias do Estado obede\u00e7am aos procedimentos inerentes \u00e0s boas pr\u00e1ticas de instru\u00e7\u00e3o, governan\u00e7a e transpar\u00eancia relacionadas a eventuais contrata\u00e7\u00f5es diretas, por emerg\u00eancia ou calamidade p\u00fablica.<\/p>\n\n\n\n<p><strong>RANKING<\/strong><\/p>\n\n\n\n<p>Ressalta, por fim, a import\u00e2ncia da transpar\u00eancia em rela\u00e7\u00e3o aos gastos p\u00fablicos nesse momento, j\u00e1 que, conforme conformou constatou a Open Knowledge Brasil (OKBR), organiza\u00e7\u00e3o que atua na \u00e1rea de transpar\u00eancia e abertura de dados p\u00fablicos, 90% dos estados e o pr\u00f3prio governo federal ainda n\u00e3o publicam dados que permitam acompanhar em detalhes a dissemina\u00e7\u00e3o da pandemia de Covid-19 pelo pa\u00eds.<\/p>\n\n\n\n<p>E, a partir do levantamento realizado em rela\u00e7\u00e3o \u00e0 publica\u00e7\u00e3o dos dados, foi realizado um ranking de transpar\u00eancia da Covid-19, ficando o Estado de Rond\u00f4nia na \u00faltima classifica\u00e7\u00e3o, com pontua\u00e7\u00e3o 0 e n\u00edvel opaco.<\/p>\n","protected":false},"excerpt":{"rendered":"<p>Da assessoria &#8211; Em expediente encaminhado \u00e0 Controladoria-Geral do Estado (CGE-RO), o Tribunal de Contas (TCE-RO) alerta quanto \u00e0 necessidade de que a administra\u00e7\u00e3o estadual disponibilize, em tempo real, informa\u00e7\u00f5es relacionadas a eventuais contrata\u00e7\u00f5es diretas efetivadas em decorr\u00eancia da pandemia causada pelo novo coronav\u00edrus (Covid-19) ou ainda do estado de calamidade p\u00fablica (Decreto n. 24.887\/2020),&#8230;<a class=\"more-link\" href=\"http:\/\/blogdalucianaoliveira.com.br\/blog\/2020\/04\/21\/tce-ro-alerta-o-governo-do-estado-para-que-disponibilize-informacoes-sobre-contratacoes-feitas-devido-a-pandemia-calamidade-publica\/\">Continue a leitura <span class=\"meta-nav\">&raquo;<\/span><\/a><\/p>\n","protected":false},"author":1,"featured_media":0,"comment_status":"closed","ping_status":"open","sticky":false,"template":"","format":"standard","meta":{"_exactmetrics_skip_tracking":false,"_exactmetrics_sitenote_active":false,"_exactmetrics_sitenote_note":"","_exactmetrics_sitenote_category":0,"jetpack_post_was_ever_published":false,"_jetpack_newsletter_access":"","_jetpack_dont_email_post_to_subs":false,"_jetpack_newsletter_tier_id":0,"_jetpack_memberships_contains_paywalled_content":false,"_jetpack_memberships_contains_paid_content":false,"footnotes":"","jetpack_publicize_message":"","jetpack_publicize_feature_enabled":true,"jetpack_social_post_already_shared":true,"jetpack_social_options":{"image_generator_settings":{"template":"highway","enabled":false},"version":2}},"categories":[1],"tags":[],"class_list":["post-27662","post","type-post","status-publish","format-standard","hentry","category-notas"],"jetpack_publicize_connections":[],"jetpack_sharing_enabled":true,"jetpack_featured_media_url":"","jetpack_shortlink":"https:\/\/wp.me\/p7wKYW-7ca","jetpack-related-posts":[],"_links":{"self":[{"href":"http:\/\/blogdalucianaoliveira.com.br\/blog\/wp-json\/wp\/v2\/posts\/27662","targetHints":{"allow":["GET"]}}],"collection":[{"href":"http:\/\/blogdalucianaoliveira.com.br\/blog\/wp-json\/wp\/v2\/posts"}],"about":[{"href":"http:\/\/blogdalucianaoliveira.com.br\/blog\/wp-json\/wp\/v2\/types\/post"}],"author":[{"embeddable":true,"href":"http:\/\/blogdalucianaoliveira.com.br\/blog\/wp-json\/wp\/v2\/users\/1"}],"replies":[{"embeddable":true,"href":"http:\/\/blogdalucianaoliveira.com.br\/blog\/wp-json\/wp\/v2\/comments?post=27662"}],"version-history":[{"count":1,"href":"http:\/\/blogdalucianaoliveira.com.br\/blog\/wp-json\/wp\/v2\/posts\/27662\/revisions"}],"predecessor-version":[{"id":27664,"href":"http:\/\/blogdalucianaoliveira.com.br\/blog\/wp-json\/wp\/v2\/posts\/27662\/revisions\/27664"}],"wp:attachment":[{"href":"http:\/\/blogdalucianaoliveira.com.br\/blog\/wp-json\/wp\/v2\/media?parent=27662"}],"wp:term":[{"taxonomy":"category","embeddable":true,"href":"http:\/\/blogdalucianaoliveira.com.br\/blog\/wp-json\/wp\/v2\/categories?post=27662"},{"taxonomy":"post_tag","embeddable":true,"href":"http:\/\/blogdalucianaoliveira.com.br\/blog\/wp-json\/wp\/v2\/tags?post=27662"}],"curies":[{"name":"wp","href":"https:\/\/api.w.org\/{rel}","templated":true}]}}