{"id":27667,"date":"2020-04-22T09:54:10","date_gmt":"2020-04-22T13:54:10","guid":{"rendered":"http:\/\/blogdalucianaoliveira.com.br\/blog\/?p=27667"},"modified":"2020-04-22T09:54:18","modified_gmt":"2020-04-22T13:54:18","slug":"coronavirus-por-que-paises-liderados-por-mulheres-se-destacam-no-combate-a-pandemia","status":"publish","type":"post","link":"http:\/\/blogdalucianaoliveira.com.br\/blog\/2020\/04\/22\/coronavirus-por-que-paises-liderados-por-mulheres-se-destacam-no-combate-a-pandemia\/","title":{"rendered":"Coronav\u00edrus: por que pa\u00edses liderados por mulheres se destacam no combate \u00e0 pandemia?"},"content":{"rendered":"\n<figure class=\"wp-block-image\"><img data-recalc-dims=\"1\" decoding=\"async\" src=\"https:\/\/i0.wp.com\/ichef.bbci.co.uk\/news\/660\/cpsprodpb\/12FE5\/production\/_111879777_whatsubject.jpg?w=600&#038;ssl=1\" alt=\"Colagem de fotos de lideran\u00e7as femininas ao redor do mundo\"\/><\/figure>\n\n\n\n<p>Da Nova Zel\u00e2ndia \u00e0 Alemanha, Taiwan ou Noruega, alguns pa\u00edses liderados por mulheres est\u00e3o vendo relativamente menos mortes pela covid-19.<\/p>\n\n\n\n<p>Na BBC<\/p>\n\n\n\n<p>E estas lideran\u00e7as est\u00e3o sendo elogiadas na m\u00eddia e nas redes sociais por suas atitudes, bem como pelas medidas que introduziram em face da atual crise global de&nbsp;<a href=\"https:\/\/www.bbc.co.uk\/portuguese\/topics\/c4794229-7f87-43ce-ac0a-6cfcd6d3cef2\">sa\u00fade<\/a>.<\/p>\n\n\n\n<p>Um artigo recente da colunista Avivah Wittenberg-Cox na revista Forbes as considerou &#8220;exemplos de verdadeira lideran\u00e7a&#8221;.<\/p>\n\n\n\n<p>&#8220;As mulheres est\u00e3o se colocando \u00e0 frente para mostrar ao mundo como gerenciar um caminho confuso para a nossa fam\u00edlia humana&#8221;, escreveu.<\/p>\n\n\n\n<p>As mulheres representam 70% dos profissionais de sa\u00fade em todo o mundo. J\u00e1 no mundo pol\u00edtico, em 2018, elas eram apenas dez dos 153 chefes de Estado eleitos, de acordo com a Uni\u00e3o Interparlamentar.<\/p>\n\n\n\n<p>Apenas um quarto dos membros dos Parlamentos do mundo s\u00e3o mulheres.<\/p>\n\n\n\n<p>Embora tamb\u00e9m haja outros fatores sociais e econ\u00f4micos que favore\u00e7am estes pa\u00edses no enfrentamento \u00e0 pandemia, analistas acreditam que as trajet\u00f3rias sociais das mulheres \u2014 e n\u00e3o qualquer condicionamento biol\u00f3gico \u2014 tornem sua conduta como l\u00edderes tamb\u00e9m diferentes. Entenda o porqu\u00ea.<br><\/p>\n\n\n\n<h2 class=\"wp-block-heading\">Resposta precoce<\/h2>\n\n\n\n<figure class=\"wp-block-image\"><img data-recalc-dims=\"1\" decoding=\"async\" src=\"https:\/\/i0.wp.com\/ichef.bbci.co.uk\/news\/624\/cpsprodpb\/156F5\/production\/_111879778_gettyimages-1209095424.jpg?w=600&#038;ssl=1\" alt=\"Rua vazia na Isl\u00e2ndia\"\/><figcaption>Image captionA Isl\u00e2ndia adotou medidas rigorosas mesmo antes do registro de primeiro caso da covid-19<\/figcaption><\/figure>\n\n\n\n<p>A primeiro-ministra da Isl\u00e2ndia, Katr\u00edn Jakobsd\u00f3ttir, apostou logo cedo em testar massivamente sua popula\u00e7\u00e3o.<\/p>\n\n\n\n<p>Apesar da pequena popula\u00e7\u00e3o, de 360 mil habitantes, a Isl\u00e2ndia evitou a complac\u00eancia: medidas contra a covid-19, como a proibi\u00e7\u00e3o de reuni\u00f5es de 20 pessoas ou mais, foram tomadas no final de janeiro, antes mesmo do registro do primeiro caso da doen\u00e7a.<\/p>\n\n\n\n<p>At\u00e9 20 de abril, nove pessoas haviam morrido da infec\u00e7\u00e3o pelo novo coronav\u00edrus na Isl\u00e2ndia.<\/p>\n\n\n\n<p>J\u00e1 em Taiwan, que oficialmente faz parte da China, mas, na pr\u00e1tica, funciona (ainda) como um pa\u00eds soberano, a presidente Tsai Ing-wen criou imediatamente um centro de controle de epidemias e tomou medidas para rastrear infec\u00e7\u00f5es.<\/p>\n\n\n\n<p>Taiwan tamb\u00e9m aumentou a produ\u00e7\u00e3o de equipamentos de prote\u00e7\u00e3o individual (EPI), como m\u00e1scaras. At\u00e9 agora, registrou apenas seis mortes entre seus 24 milh\u00f5es de habitantes.<\/p>\n\n\n\n<p>Enquanto isso, na Nova Zel\u00e2ndia, a primeira-ministra, Jacinda Ardern, adotou uma posi\u00e7\u00e3o dif\u00edcil diante da covid-19. Em vez de &#8220;achatar a curva&#8221; dos casos, como muitos pa\u00edses estavam buscando fazer, a abordagem de Ardern foi mais contundente, para eliminar a curva.<\/p>\n\n\n\n<p>O&nbsp;<a href=\"https:\/\/www.bbc.com\/portuguese\/internacional-52258490\">pa\u00eds imp\u00f4s uma s\u00e9rie de duras medidas&nbsp;<\/a>quando as mortes no pa\u00eds por covid-19 eram apenas seis \u2014 em 20 de abril, elas totalizavam 12.<\/p>\n\n\n\n<figure class=\"wp-block-image\"><img data-recalc-dims=\"1\" decoding=\"async\" src=\"https:\/\/i0.wp.com\/ichef.bbci.co.uk\/news\/624\/cpsprodpb\/4C94\/production\/_111840691_gettyimages-1209534259.jpg?w=600&#038;ssl=1\" alt=\"Tsai Ing-wen (no centro) aparece entre soldados e funcion\u00e1rios do governo posando para foto, todos de m\u00e1scara\"\/><figcaption>Image caption\u00c0 frente de Taiwan, Tsai Ing-wen (no centro) aparece na foto entre soldados e funcion\u00e1rios do governo<\/figcaption><\/figure>\n\n\n\n<p>Mas, al\u00e9m de ter mulheres como l\u00edderes, esses pa\u00edses que est\u00e3o respondendo melhor \u00e0 crise t\u00eam outras coisas em comum. Todos s\u00e3o economias desenvolvidas, com um sistema de assist\u00eancia social estabelecido e alta pontua\u00e7\u00e3o na maioria dos indicadores de desenvolvimento humano.<\/p>\n\n\n\n<p>S\u00e3o pa\u00edses que tamb\u00e9m tendem a ter sistemas de sa\u00fade fortes, mais preparados para lidar com emerg\u00eancias.<\/p>\n\n\n\n<p>Mas qual \u00e9 a parcela do papel das lideran\u00e7as mulheres no relativo sucesso destes pa\u00edses no combate ao coronav\u00edrus?<\/p>\n\n\n\n<figure class=\"wp-block-image\"><img data-recalc-dims=\"1\" decoding=\"async\" src=\"https:\/\/i0.wp.com\/ichef.bbci.co.uk\/news\/624\/cpsprodpb\/1812C\/production\/_111840689_gettyimages-1206918108.jpg?w=600&#038;ssl=1\" alt=\"Mulher de m\u00e1scara passa ao lado de cartaz em parede com sinaliza\u00e7\u00e3o para local de testes\"\/><figcaption>Image captionLocal de realiza\u00e7\u00e3o de testes em Berlim, Alemanha; a testagem massiva foi parte fundamental da estrat\u00e9gia conduzida por Angela Merkel no pa\u00eds<\/figcaption><\/figure>\n\n\n\n<h2 class=\"wp-block-heading\">&#8216;Tem tudo a ver com diversidade&#8217;<\/h2>\n\n\n\n<p>A maneira como essas l\u00edderes eleitas praticam pol\u00edtica desempenha um papel, dizem analistas.<\/p>\n\n\n\n<p>&#8220;N\u00e3o acho que as mulheres tenham um estilo de lideran\u00e7a diferente do dos homens. Mas quando elas est\u00e3o representadas em posi\u00e7\u00f5es de lideran\u00e7a, isso traz diversidade \u00e0 tomada de decis\u00f5es&#8221;, diz Geeta Rao Gupta, diretora executiva do Programa 3D para Meninas e Mulheres e membro s\u00eanior da Funda\u00e7\u00e3o das Na\u00e7\u00f5es Unidas.<\/p>\n\n\n\n<p>&#8220;Isso traz melhores decis\u00f5es, porque voc\u00ea tem a vis\u00e3o tanto de homens quanto de mulheres&#8221;, disse ela \u00e0 BBC.<\/p>\n\n\n\n<p>\u00c9 um contraste com a postura explosiva e a nega\u00e7\u00e3o a fatos cient\u00edficos adotadas por alguns de seus colegas do g\u00eanero masculino, como os presidentes dos EUA e Brasil, Donald Trump e Jair Bolsonaro.<\/p>\n\n\n\n<p>Rosie Campbell, diretora do Instituto Global para Lideran\u00e7a Feminina no King&#8217;s College London, concorda que &#8220;os estilos de lideran\u00e7a n\u00e3o s\u00e3o inerentes a homens e mulheres&#8221;.<\/p>\n\n\n\n<p>&#8220;Mas, devido \u00e0 forma como somos socializados, \u00e9 mais aceit\u00e1vel que as mulheres sejam l\u00edderes mais emp\u00e1ticas e colaborativas. E infelizmente h\u00e1 mais homens que se enquadram na categoria narcisista e hipercompetitiva&#8221;, diz Campbell.<\/p>\n\n\n\n<p>Ela acredita que essa caracter\u00edstica na lideran\u00e7a masculina &#8220;foi exacerbada pela tend\u00eancia populista na pol\u00edtica&#8221;.<\/p>\n\n\n\n<h2 class=\"wp-block-heading\">A pol\u00edtica &#8216;ultramacho&#8217;<\/h2>\n\n\n\n<p>Populistas apostam em &#8220;mensagens simplistas&#8221; para ter apoio, explica Campbell \u00e0 BBC \u2014 e isso muitas vezes determinou a abordagem escolhida para gerenciar a pandemia.<\/p>\n\n\n\n<p>L\u00edderes pol\u00edticos nos EUA, Brasil, Israel e Hungria, para citar alguns pa\u00edses, tentaram, em algumas ocasi\u00f5es, colocar a culpa de seus problemas em causas externas \u2014 como apontar para estrangeiros &#8220;importando&#8221; a doen\u00e7a, como indicou Trump.<\/p>\n\n\n\n<p>&#8220;Trump e Bolsonaro est\u00e3o optando por assumir uma personalidade ultramacho. N\u00e3o \u00e9 codificado em sua biologia que eles tenham que se comportar assim, mas est\u00e3o optando por faz\u00ea-lo&#8221;, diz Campbell.<\/p>\n\n\n\n<p>&#8220;As mulheres s\u00e3o consideravelmente menos propensas a estar na direita radical populista. Existem algumas exce\u00e7\u00f5es not\u00e1veis, como Marine Le Pen [na Fran\u00e7a].&#8221;<\/p>\n\n\n\n<p>&#8220;Mas, no geral, \u00e9 algo associado a uma pol\u00edtica muito individualista e machista.&#8221;<\/p>\n\n\n\n<figure class=\"wp-block-image\"><img data-recalc-dims=\"1\" decoding=\"async\" src=\"https:\/\/i0.wp.com\/ichef.bbci.co.uk\/news\/624\/cpsprodpb\/414F\/production\/_111791761_gettyimages-1207965471.jpg?w=600&#038;ssl=1\" alt=\"Angela Merkel\"\/><figcaption>Image captionMerkel est\u00e1 sendo apontada na Europa como &#8216;campe\u00e3&#8217; entre l\u00edderes do continente no combate ao coronav\u00edrus<\/figcaption><\/figure>\n\n\n\n<p>As respostas \u00e0 crise da covid-19 foram obviamente diversas, em parte devido \u00e0s realidades socioecon\u00f4micas de cada pa\u00eds e \u00e0 disponibilidade de recursos \u2014 aspectos nos quais o g\u00eanero pode n\u00e3o ter influ\u00eancia.<\/p>\n\n\n\n<p>Portanto, l\u00edderes homens que n\u00e3o se encaixam no estere\u00f3tipo descrito por Campbell tamb\u00e9m est\u00e3o vendo relativamente menos mortes em seus pa\u00edses.<\/p>\n\n\n\n<p>Na Coreia do Sul, o tratamento da crise pelo presidente Moon Jae-in sustentou a vit\u00f3ria esmagadora de seu partido nas \u00faltimas elei\u00e7\u00f5es parlamentares, realizadas em 15 de abril.<\/p>\n\n\n\n<p>O primeiro-ministro da Gr\u00e9cia, Kyriakos Mitsotakis, tamb\u00e9m tem recebido elogios por gerenciar com sucesso a crise e manter as taxas de mortalidade relativamente baixas \u2014 114 \u00f3bitos at\u00e9 20 de abril, para uma popula\u00e7\u00e3o de cerca de 11 milh\u00f5es. Em compara\u00e7\u00e3o, a It\u00e1lia, com uma popula\u00e7\u00e3o de 60 milh\u00f5es, sofreu 22 mil mortes.<\/p>\n\n\n\n<p>A Gr\u00e9cia est\u00e1 passando pela crise priorizando o aconselhamento cient\u00edfico e tendo adotado medidas precoces de distanciamento social \u2014 antes que suas primeiras mortes fossem registradas.<\/p>\n\n\n\n<p>E, por outro lado, h\u00e1 pa\u00edses liderados por mulheres em situa\u00e7\u00e3o delicada diante do avan\u00e7o r\u00e1pido do v\u00edrus.<\/p>\n\n\n\n<p>Por exemplo, a primeira-ministra de Bangladesh, Sheikh Hasina, conseguiu liderar a conten\u00e7\u00e3o do surto em um dos pa\u00edses mais populosos do mundo. Mas h\u00e1 preocupa\u00e7\u00f5es com a capacidade limitada de testagem, al\u00e9m de que os profissionais de sa\u00fade de Bangladesh denunciam cada vez mais estar em risco devido \u00e0 falta de equipamentos de prote\u00e7\u00e3o individual.<\/p>\n\n\n\n<figure class=\"wp-block-image\"><img data-recalc-dims=\"1\" decoding=\"async\" src=\"https:\/\/i0.wp.com\/ichef.bbci.co.uk\/news\/624\/cpsprodpb\/249D\/production\/_111837390_52329750.jpg?w=600&#038;ssl=1\" alt=\"Mulher com v\u00e9u vendendo flores\"\/><figcaption>Image captionAs mulheres s\u00e3o mais propensas a serem afetadas pelos impactos sociais e econ\u00f4micos da covid-19<\/figcaption><\/figure>\n\n\n\n<h2 class=\"wp-block-heading\">Decis\u00f5es dif\u00edceis<\/h2>\n\n\n\n<p>Para deter a covid-19, os l\u00edderes precisam tomar decis\u00f5es dif\u00edceis, como bloquear atividades econ\u00f4micas.<\/p>\n\n\n\n<p>Mas essas escolhas t\u00eam um alto custo pol\u00edtico no curto prazo, que \u00e9 &#8220;o oposto do que os l\u00edderes populistas querem&#8221;, diz a professora Campbell.<\/p>\n\n\n\n<p>Por outro lado, algumas l\u00edderes conquistaram a opini\u00e3o p\u00fablica ao falar de maneira aberta e transparente sobre os desafios que seus pa\u00edses enfrentam.<\/p>\n\n\n\n<p>Angela Merkel, da Alemanha, anunciou rapidamente que a covid-19 era uma amea\u00e7a &#8220;muito s\u00e9ria&#8221;. Em n\u00fameros absolutos, seu pa\u00eds criou o maior esquema de testagem, rastreamento e isolamento da Europa. Mais de 4,6 mil pessoas morreram de covid-19 na Alemanha, que tem uma popula\u00e7\u00e3o de 83 milh\u00f5es.<\/p>\n\n\n\n<p>Na Noruega e na Dinamarca, as abordagens de suas primeiras-ministras as diferenciaram de alguns de seus colegas homens propensos a bravatas.<\/p>\n\n\n\n<figure class=\"wp-block-image\"><img data-recalc-dims=\"1\" decoding=\"async\" src=\"https:\/\/i0.wp.com\/ichef.bbci.co.uk\/news\/624\/cpsprodpb\/5464\/production\/_111840612_nordic-976.jpg?w=600&#038;ssl=1\" alt=\"Colagem de fotos das primeiras-ministras da Noruega, Erna Soldberg, e Dinamarca, Mette Frederiksen\"\/><figcaption>Image captionAs primeiras-ministras da Noruega, Erna Soldberg, e Dinamarca, Mette Frederiksen, conduziram falas especificamente para crian\u00e7as<\/figcaption><\/figure>\n\n\n\n<p>Tanto a primeira-ministra norueguesa, Erna Solberg, quanto sua colega dinamarquesa, Mette Frederiksen, realizaram pronunciamentos espec\u00edficos para crian\u00e7as.<\/p>\n\n\n\n<p>Jacinda Ardern, da Nova Zel\u00e2ndia, tamb\u00e9m tentou amenizar as preocupa\u00e7\u00f5es dos pequenos sobre se a P\u00e1scoa, celebrada pelos crist\u00e3os este m\u00eas, seria interrompida por medidas de bloqueio. Ardern disse que o tradicional coelhinho da P\u00e1scoa era considerado um &#8220;trabalhador essencial&#8221; e teria permiss\u00e3o para entregar ovos de chocolate diretamente \u00e0s casas.<\/p>\n\n\n\n<p>Campbell analisa: &#8220;Falar sobre o coelhinho da P\u00e1scoa teria sido considerado rid\u00edculo para um l\u00edder de um pa\u00eds no passado. Mas ter mais mulheres na pol\u00edtica est\u00e1 nos fazendo pensar mais sobre como a pol\u00edtica afeta as crian\u00e7as&#8221;.<\/p>\n\n\n\n<p>Ao abordar diretamente as preocupa\u00e7\u00f5es dos cidad\u00e3os mais novos, os l\u00edderes pol\u00edticos est\u00e3o reconhecendo que a pandemia global est\u00e1 afetando a sa\u00fade mental de todas as faixas et\u00e1rias, diz Campbell.<\/p>\n\n\n\n<figure class=\"wp-block-image\"><img data-recalc-dims=\"1\" decoding=\"async\" src=\"https:\/\/i0.wp.com\/ichef.bbci.co.uk\/news\/624\/cpsprodpb\/9AB4\/production\/_111840693_gettyimages-1217506724.jpg?w=600&#038;ssl=1\" alt=\"Menina coloca desenho de ovo de p\u00e1scoa na janela\"\/><figcaption>Image captionOs neozelandeses foram incentivados a desenhar e exibir ovos de P\u00e1scoa em suas janelas durante a pandemia<\/figcaption><\/figure>\n\n\n\n<h2 class=\"wp-block-heading\">&#8216;Decis\u00f5es melhores&#8217;<\/h2>\n\n\n\n<p>Geeta Rao Gupta, que tamb\u00e9m \u00e9 presidente do conselho consultivo do WomenLift Health, um programa da Funda\u00e7\u00e3o Bill e Melinda Gates que visa aumentar a lideran\u00e7a feminina no setor de sa\u00fade, pede que mais mulheres sejam colocadas em posi\u00e7\u00f5es de lideran\u00e7a.<\/p>\n\n\n\n<p>Ela defende que isso melhoraria a tomada de decis\u00f5es.<\/p>\n\n\n\n<figure class=\"wp-block-image\"><img data-recalc-dims=\"1\" decoding=\"async\" src=\"https:\/\/i0.wp.com\/ichef.bbci.co.uk\/news\/624\/cpsprodpb\/18045\/production\/_111837389_52329750.jpg?w=600&#038;ssl=1\" alt=\"Uma profissional de sa\u00fade com m\u00e1scara ajuda outra a colocar equipamento de prote\u00e7\u00e3o\"\/><figcaption>Image captionAs mulheres representam 70% dos profissionais de sa\u00fade em todo o mundo, mas ainda ficam para tr\u00e1s em posi\u00e7\u00f5es de lideran\u00e7a<\/figcaption><\/figure>\n\n\n\n<p>&#8220;Decis\u00f5es relevantes seriam tomadas considerando mais segmentos da sociedade, n\u00e3o apenas alguns.&#8221;<\/p>\n\n\n\n<p>&#8220;Porque, como mulheres, elas [l\u00edderes] experimentaram a vida em pap\u00e9is e responsabilidades que s\u00e3o afetadas socialmente pelo g\u00eanero. Assim, suas perspectivas e decis\u00f5es provavelmente ser\u00e3o afetadas por essas experi\u00eancias&#8221;.<\/p>\n\n\n\n<p>Gupta adverte sobre os poss\u00edveis diferentes impactos sociais e econ\u00f4micos da covid-19 sobre homens e mulheres. A viol\u00eancia dom\u00e9stica contra elas j\u00e1 tem aumentando em v\u00e1rias partes do mundo. Elas est\u00e3o mais vulner\u00e1veis ao aumento da pobreza e pode haver uma revers\u00e3o \u00e0s tentativas recentes \u2014 e t\u00edmidas, em muitos casos \u2014 para diminuir a diferen\u00e7a salarial entre os g\u00eaneros.<\/p>\n\n\n\n<p>&#8220;Estamos recuando&#8221;, diz ela. &#8220;A menos que a resposta \u00e0 pandemia considere isso como fator (quest\u00f5es de g\u00eanero), haver\u00e1 uma exacerba\u00e7\u00e3o dos problemas existentes.&#8221;<br><\/p>\n\n\n\n<p><br><\/p>\n","protected":false},"excerpt":{"rendered":"<p>Da Nova Zel\u00e2ndia \u00e0 Alemanha, Taiwan ou Noruega, alguns pa\u00edses liderados por mulheres est\u00e3o vendo relativamente menos mortes pela covid-19. Na BBC E estas lideran\u00e7as est\u00e3o sendo elogiadas na m\u00eddia e nas redes sociais por suas atitudes, bem como pelas medidas que introduziram em face da atual crise global de&nbsp;sa\u00fade. Um artigo recente da colunista&#8230;<a class=\"more-link\" href=\"http:\/\/blogdalucianaoliveira.com.br\/blog\/2020\/04\/22\/coronavirus-por-que-paises-liderados-por-mulheres-se-destacam-no-combate-a-pandemia\/\">Continue a leitura <span class=\"meta-nav\">&raquo;<\/span><\/a><\/p>\n","protected":false},"author":1,"featured_media":0,"comment_status":"closed","ping_status":"open","sticky":false,"template":"","format":"standard","meta":{"_exactmetrics_skip_tracking":false,"_exactmetrics_sitenote_active":false,"_exactmetrics_sitenote_note":"","_exactmetrics_sitenote_category":0,"jetpack_post_was_ever_published":false,"_jetpack_newsletter_access":"","_jetpack_dont_email_post_to_subs":false,"_jetpack_newsletter_tier_id":0,"_jetpack_memberships_contains_paywalled_content":false,"_jetpack_memberships_contains_paid_content":false,"footnotes":"","jetpack_publicize_message":"","jetpack_publicize_feature_enabled":true,"jetpack_social_post_already_shared":true,"jetpack_social_options":{"image_generator_settings":{"template":"highway","enabled":false},"version":2}},"categories":[1],"tags":[],"class_list":["post-27667","post","type-post","status-publish","format-standard","hentry","category-notas"],"jetpack_publicize_connections":[],"jetpack_sharing_enabled":true,"jetpack_featured_media_url":"","jetpack_shortlink":"https:\/\/wp.me\/p7wKYW-7cf","jetpack-related-posts":[],"_links":{"self":[{"href":"http:\/\/blogdalucianaoliveira.com.br\/blog\/wp-json\/wp\/v2\/posts\/27667","targetHints":{"allow":["GET"]}}],"collection":[{"href":"http:\/\/blogdalucianaoliveira.com.br\/blog\/wp-json\/wp\/v2\/posts"}],"about":[{"href":"http:\/\/blogdalucianaoliveira.com.br\/blog\/wp-json\/wp\/v2\/types\/post"}],"author":[{"embeddable":true,"href":"http:\/\/blogdalucianaoliveira.com.br\/blog\/wp-json\/wp\/v2\/users\/1"}],"replies":[{"embeddable":true,"href":"http:\/\/blogdalucianaoliveira.com.br\/blog\/wp-json\/wp\/v2\/comments?post=27667"}],"version-history":[{"count":1,"href":"http:\/\/blogdalucianaoliveira.com.br\/blog\/wp-json\/wp\/v2\/posts\/27667\/revisions"}],"predecessor-version":[{"id":27668,"href":"http:\/\/blogdalucianaoliveira.com.br\/blog\/wp-json\/wp\/v2\/posts\/27667\/revisions\/27668"}],"wp:attachment":[{"href":"http:\/\/blogdalucianaoliveira.com.br\/blog\/wp-json\/wp\/v2\/media?parent=27667"}],"wp:term":[{"taxonomy":"category","embeddable":true,"href":"http:\/\/blogdalucianaoliveira.com.br\/blog\/wp-json\/wp\/v2\/categories?post=27667"},{"taxonomy":"post_tag","embeddable":true,"href":"http:\/\/blogdalucianaoliveira.com.br\/blog\/wp-json\/wp\/v2\/tags?post=27667"}],"curies":[{"name":"wp","href":"https:\/\/api.w.org\/{rel}","templated":true}]}}