{"id":27675,"date":"2020-04-22T16:35:57","date_gmt":"2020-04-22T20:35:57","guid":{"rendered":"http:\/\/blogdalucianaoliveira.com.br\/blog\/?p=27675"},"modified":"2020-04-22T16:36:07","modified_gmt":"2020-04-22T20:36:07","slug":"quinto-morto-por-covid-19-em-rondonia-e-irmao-da-mulher-que-gravou-audio-antes-de-falecer-em-rodovia-a-caminho-de-hospital","status":"publish","type":"post","link":"http:\/\/blogdalucianaoliveira.com.br\/blog\/2020\/04\/22\/quinto-morto-por-covid-19-em-rondonia-e-irmao-da-mulher-que-gravou-audio-antes-de-falecer-em-rodovia-a-caminho-de-hospital\/","title":{"rendered":"Quinto morto por Covid-19 em Rond\u00f4nia \u00e9 irm\u00e3o da mulher que gravou \u00e1udio antes de falecer em rodovia, a caminho de hospital"},"content":{"rendered":"\n<figure class=\"wp-block-image size-large\"><img data-recalc-dims=\"1\" loading=\"lazy\" decoding=\"async\" width=\"600\" height=\"347\" data-attachment-id=\"27676\" data-permalink=\"http:\/\/blogdalucianaoliveira.com.br\/blog\/2020\/04\/22\/quinto-morto-por-covid-19-em-rondonia-e-irmao-da-mulher-que-gravou-audio-antes-de-falecer-em-rodovia-a-caminho-de-hospital\/image-60-5\/\" data-orig-file=\"https:\/\/i0.wp.com\/blogdalucianaoliveira.com.br\/blog\/wp-content\/uploads\/2020\/04\/image-60.jpeg?fit=865%2C500\" data-orig-size=\"865,500\" data-comments-opened=\"0\" data-image-meta=\"{&quot;aperture&quot;:&quot;0&quot;,&quot;credit&quot;:&quot;&quot;,&quot;camera&quot;:&quot;&quot;,&quot;caption&quot;:&quot;&quot;,&quot;created_timestamp&quot;:&quot;0&quot;,&quot;copyright&quot;:&quot;&quot;,&quot;focal_length&quot;:&quot;0&quot;,&quot;iso&quot;:&quot;0&quot;,&quot;shutter_speed&quot;:&quot;0&quot;,&quot;title&quot;:&quot;&quot;,&quot;orientation&quot;:&quot;0&quot;}\" data-image-title=\"image-60\" data-image-description=\"\" data-image-caption=\"\" data-medium-file=\"https:\/\/i0.wp.com\/blogdalucianaoliveira.com.br\/blog\/wp-content\/uploads\/2020\/04\/image-60.jpeg?fit=300%2C173\" data-large-file=\"https:\/\/i0.wp.com\/blogdalucianaoliveira.com.br\/blog\/wp-content\/uploads\/2020\/04\/image-60.jpeg?fit=600%2C347\" src=\"https:\/\/i0.wp.com\/blogdalucianaoliveira.com.br\/blog\/wp-content\/uploads\/2020\/04\/image-60.jpeg?resize=600%2C347\" alt=\"\" class=\"wp-image-27676\" srcset=\"https:\/\/i0.wp.com\/blogdalucianaoliveira.com.br\/blog\/wp-content\/uploads\/2020\/04\/image-60.jpeg?w=865 865w, https:\/\/i0.wp.com\/blogdalucianaoliveira.com.br\/blog\/wp-content\/uploads\/2020\/04\/image-60.jpeg?resize=300%2C173 300w, https:\/\/i0.wp.com\/blogdalucianaoliveira.com.br\/blog\/wp-content\/uploads\/2020\/04\/image-60.jpeg?resize=768%2C444 768w, https:\/\/i0.wp.com\/blogdalucianaoliveira.com.br\/blog\/wp-content\/uploads\/2020\/04\/image-60.jpeg?resize=519%2C300 519w\" sizes=\"auto, (max-width: 600px) 100vw, 600px\" \/><\/figure>\n\n\n\n<p><br>Folha do Sul &#8211; Morreu no final da manh\u00e3 de ontem a quinta pessoa infectada pelo Coronavirus em Rond\u00f4nia: trata-se de um homem de 60 anos, morador de Ji-Paran\u00e1, que estava internado no Hospital de Emerg\u00eancia e Urg\u00eancia (Heuro) de Cacoal.<\/p>\n\n\n\n<!--more-->\n\n\n\n<p><br>\u00a0<br>O paciente de 61 anos estava sendo levado de avi\u00e3o para Porto Velho, e chegou morto ao destino. O idoso precisou ser transferido porque os rins dele haviam entrado em fal\u00eancia e o servi\u00e7o de hemodi\u00e1lise, fundamental para que ele tivesse chance de sobreviver, n\u00e3o \u00e9 oferecido em Cacoal.<br>\u00a0<br>O homem \u00e9 irm\u00e3o da mulher que gravou um \u00e1udio antes de morrer, a caminho de Cacoal. Na grava\u00e7\u00e3o, a idosa relatou sua situa\u00e7\u00e3o e apontou que outros familiares podem ter sido infetctados por parentes de Mato Grosso e do Rio de Janeiro, que havia feito uma visita a eles (<a rel=\"noreferrer noopener\" href=\"https:\/\/www.folhadosulonline.com.br\/noticias\/detalhe\/2020\/ouca-antes-morrer-na-estrada-sintomas-covid19-mulher-grava-audio-irmao-dela-esta-entubado-e-e-caso-confirmado\" target=\"_blank\">LEMBRE AQUI<\/a>).<br>\u00a0<br>De acordo com autoridades de sa\u00fade de Ji-Paran\u00e1, outros tr\u00eas familiares dos irm\u00e3os mortos apresentam sintomas de estarem contaminados pelo Coronavirus, mas os resultados dos exames deles ainda n\u00e3o foram divulgados.<\/p>\n","protected":false},"excerpt":{"rendered":"<p>Folha do Sul &#8211; Morreu no final da manh\u00e3 de ontem a quinta pessoa infectada pelo Coronavirus em Rond\u00f4nia: trata-se de um homem de 60 anos, morador de Ji-Paran\u00e1, que estava internado no Hospital de Emerg\u00eancia e Urg\u00eancia (Heuro) de Cacoal.<\/p>\n","protected":false},"author":1,"featured_media":0,"comment_status":"closed","ping_status":"open","sticky":false,"template":"","format":"standard","meta":{"_exactmetrics_skip_tracking":false,"_exactmetrics_sitenote_active":false,"_exactmetrics_sitenote_note":"","_exactmetrics_sitenote_category":0,"jetpack_post_was_ever_published":false,"_jetpack_newsletter_access":"","_jetpack_dont_email_post_to_subs":false,"_jetpack_newsletter_tier_id":0,"_jetpack_memberships_contains_paywalled_content":false,"_jetpack_memberships_contains_paid_content":false,"footnotes":"","jetpack_publicize_message":"","jetpack_publicize_feature_enabled":true,"jetpack_social_post_already_shared":true,"jetpack_social_options":{"image_generator_settings":{"template":"highway","enabled":false},"version":2}},"categories":[1],"tags":[],"class_list":["post-27675","post","type-post","status-publish","format-standard","hentry","category-notas"],"jetpack_publicize_connections":[],"jetpack_sharing_enabled":true,"jetpack_featured_media_url":"","jetpack_shortlink":"https:\/\/wp.me\/p7wKYW-7cn","jetpack-related-posts":[],"_links":{"self":[{"href":"http:\/\/blogdalucianaoliveira.com.br\/blog\/wp-json\/wp\/v2\/posts\/27675","targetHints":{"allow":["GET"]}}],"collection":[{"href":"http:\/\/blogdalucianaoliveira.com.br\/blog\/wp-json\/wp\/v2\/posts"}],"about":[{"href":"http:\/\/blogdalucianaoliveira.com.br\/blog\/wp-json\/wp\/v2\/types\/post"}],"author":[{"embeddable":true,"href":"http:\/\/blogdalucianaoliveira.com.br\/blog\/wp-json\/wp\/v2\/users\/1"}],"replies":[{"embeddable":true,"href":"http:\/\/blogdalucianaoliveira.com.br\/blog\/wp-json\/wp\/v2\/comments?post=27675"}],"version-history":[{"count":1,"href":"http:\/\/blogdalucianaoliveira.com.br\/blog\/wp-json\/wp\/v2\/posts\/27675\/revisions"}],"predecessor-version":[{"id":27677,"href":"http:\/\/blogdalucianaoliveira.com.br\/blog\/wp-json\/wp\/v2\/posts\/27675\/revisions\/27677"}],"wp:attachment":[{"href":"http:\/\/blogdalucianaoliveira.com.br\/blog\/wp-json\/wp\/v2\/media?parent=27675"}],"wp:term":[{"taxonomy":"category","embeddable":true,"href":"http:\/\/blogdalucianaoliveira.com.br\/blog\/wp-json\/wp\/v2\/categories?post=27675"},{"taxonomy":"post_tag","embeddable":true,"href":"http:\/\/blogdalucianaoliveira.com.br\/blog\/wp-json\/wp\/v2\/tags?post=27675"}],"curies":[{"name":"wp","href":"https:\/\/api.w.org\/{rel}","templated":true}]}}