{"id":27678,"date":"2020-04-22T18:35:49","date_gmt":"2020-04-22T22:35:49","guid":{"rendered":"http:\/\/blogdalucianaoliveira.com.br\/blog\/?p=27678"},"modified":"2020-04-22T18:35:57","modified_gmt":"2020-04-22T22:35:57","slug":"em-tempos-de-colapso-hospitalar-e-funerario-ministro-nelson-teich-defende-fim-gradual-do-isolamento","status":"publish","type":"post","link":"http:\/\/blogdalucianaoliveira.com.br\/blog\/2020\/04\/22\/em-tempos-de-colapso-hospitalar-e-funerario-ministro-nelson-teich-defende-fim-gradual-do-isolamento\/","title":{"rendered":"Em tempos de colapso hospitalar e funer\u00e1rio, ministro Nelson Teich defende fim gradual do isolamento"},"content":{"rendered":"\n<figure class=\"wp-block-image\"><img data-recalc-dims=\"1\" decoding=\"async\" src=\"https:\/\/i0.wp.com\/publisher-publish.s3.eu-central-1.amazonaws.com\/pb-brasil247\/swp\/jtjeq9\/media\/20200422180452_d79bce8ab766495b666aa606a3194fd638198a07e6c31c9874042595e387d711.jpeg?w=600&#038;ssl=1\" alt=\"Nelson Teich em coletiva de imprensa\"\/><\/figure>\n\n\n\n<p><\/p>\n\n\n\n<p><strong>247&nbsp;<\/strong>&#8211; No momento em que o Brasil registra quase 3 mil \u00f3bitos por coronav\u00edrus e vivenciado colapsos em hospitais e sistemas funer\u00e1rios &#8211; como \u00e9 o caso de Manaus, no Amazonas -, o novo ministro da Sa\u00fade, Nelson Teich, defendeu o afrouxamento gradual da quarentena.&nbsp;<\/p>\n\n\n\n<!--more-->\n\n\n\n<p>Ele tamb\u00e9m comparou os n\u00fameros do Brasil com outros pa\u00edses vendo o cen\u00e1rio brasileiro como algo positivo, mas sem mencionar as subnotifica\u00e7\u00f5es devido ao baix\u00edssimo n\u00famero de testes realizados no Pa\u00eds. O Minist\u00e9rio da Sa\u00fade informou hoje que o Brasil tem 2.906 mortes por Covid-19 e 45.757 casos confirmados.<\/p>\n\n\n\n<p>Em sua primeira participa\u00e7\u00e3o em coletiva de imprensa, ele anunciou que o governo federal prepara um \u201cprograma de sa\u00edda\u201d do isolamento social junto a estados e munic\u00edpios e que a base ser\u00e1 a \u201ctentativa e erro\u201d. \u201cVamos flexibilizar, mas se n\u00e3o der certo, a gente recua\u201d, disse.<br><\/p>\n\n\n\n<p>\u201cO afastamento, ele \u00e9 uma medida absolutamente natural e l\u00f3gica na largada. Mas ele n\u00e3o pode n\u00e3o estar acompanhado de um programa de sa\u00edda. Isso \u00e9 o que a gente vai desenhar. Isso \u00e9 o que a gente vai dar suporte para estados e munic\u00edpios\u201d, disse.<\/p>\n\n\n\n<p>Teich afirmou ainda que o objetivo ser\u00e1 fazer an\u00e1lises de curto prazo com base no desenvolvimento da crise e que a mudan\u00e7a de cen\u00e1rio ir\u00e1 exigir tomadas de decis\u00e3o r\u00e1pidas. \u201cVoc\u00ea tem que ser r\u00e1pido o bastante para fazer um diagn\u00f3stico e tomar uma atitude. Ent\u00e3o uma das coisas que a gente vai ter dentro dessa diretriz \u00e9 &#8216;se acontecer isso aqui, recua&#8217;\u201d, declarou.<br><\/p>\n","protected":false},"excerpt":{"rendered":"<p>247&nbsp;&#8211; No momento em que o Brasil registra quase 3 mil \u00f3bitos por coronav\u00edrus e vivenciado colapsos em hospitais e sistemas funer\u00e1rios &#8211; como \u00e9 o caso de Manaus, no Amazonas -, o novo ministro da Sa\u00fade, Nelson Teich, defendeu o afrouxamento gradual da quarentena.&nbsp;<\/p>\n","protected":false},"author":1,"featured_media":0,"comment_status":"closed","ping_status":"open","sticky":false,"template":"","format":"standard","meta":{"_exactmetrics_skip_tracking":false,"_exactmetrics_sitenote_active":false,"_exactmetrics_sitenote_note":"","_exactmetrics_sitenote_category":0,"jetpack_post_was_ever_published":false,"_jetpack_newsletter_access":"","_jetpack_dont_email_post_to_subs":false,"_jetpack_newsletter_tier_id":0,"_jetpack_memberships_contains_paywalled_content":false,"_jetpack_memberships_contains_paid_content":false,"footnotes":"","jetpack_publicize_message":"","jetpack_publicize_feature_enabled":true,"jetpack_social_post_already_shared":true,"jetpack_social_options":{"image_generator_settings":{"template":"highway","enabled":false},"version":2}},"categories":[1],"tags":[],"class_list":["post-27678","post","type-post","status-publish","format-standard","hentry","category-notas"],"jetpack_publicize_connections":[],"jetpack_sharing_enabled":true,"jetpack_featured_media_url":"","jetpack_shortlink":"https:\/\/wp.me\/p7wKYW-7cq","jetpack-related-posts":[],"_links":{"self":[{"href":"http:\/\/blogdalucianaoliveira.com.br\/blog\/wp-json\/wp\/v2\/posts\/27678","targetHints":{"allow":["GET"]}}],"collection":[{"href":"http:\/\/blogdalucianaoliveira.com.br\/blog\/wp-json\/wp\/v2\/posts"}],"about":[{"href":"http:\/\/blogdalucianaoliveira.com.br\/blog\/wp-json\/wp\/v2\/types\/post"}],"author":[{"embeddable":true,"href":"http:\/\/blogdalucianaoliveira.com.br\/blog\/wp-json\/wp\/v2\/users\/1"}],"replies":[{"embeddable":true,"href":"http:\/\/blogdalucianaoliveira.com.br\/blog\/wp-json\/wp\/v2\/comments?post=27678"}],"version-history":[{"count":1,"href":"http:\/\/blogdalucianaoliveira.com.br\/blog\/wp-json\/wp\/v2\/posts\/27678\/revisions"}],"predecessor-version":[{"id":27679,"href":"http:\/\/blogdalucianaoliveira.com.br\/blog\/wp-json\/wp\/v2\/posts\/27678\/revisions\/27679"}],"wp:attachment":[{"href":"http:\/\/blogdalucianaoliveira.com.br\/blog\/wp-json\/wp\/v2\/media?parent=27678"}],"wp:term":[{"taxonomy":"category","embeddable":true,"href":"http:\/\/blogdalucianaoliveira.com.br\/blog\/wp-json\/wp\/v2\/categories?post=27678"},{"taxonomy":"post_tag","embeddable":true,"href":"http:\/\/blogdalucianaoliveira.com.br\/blog\/wp-json\/wp\/v2\/tags?post=27678"}],"curies":[{"name":"wp","href":"https:\/\/api.w.org\/{rel}","templated":true}]}}