{"id":27685,"date":"2020-04-23T09:28:00","date_gmt":"2020-04-23T13:28:00","guid":{"rendered":"http:\/\/blogdalucianaoliveira.com.br\/blog\/?p=27685"},"modified":"2020-04-23T09:28:17","modified_gmt":"2020-04-23T13:28:17","slug":"o-coronavirus-criou-uma-nova-especie-de-negacionista","status":"publish","type":"post","link":"http:\/\/blogdalucianaoliveira.com.br\/blog\/2020\/04\/23\/o-coronavirus-criou-uma-nova-especie-de-negacionista\/","title":{"rendered":"O coronav\u00edrus criou uma nova esp\u00e9cie de negacionista"},"content":{"rendered":"\n<figure class=\"wp-block-image size-large\"><img data-recalc-dims=\"1\" loading=\"lazy\" decoding=\"async\" width=\"600\" height=\"400\" data-attachment-id=\"27686\" data-permalink=\"http:\/\/blogdalucianaoliveira.com.br\/blog\/2020\/04\/23\/o-coronavirus-criou-uma-nova-especie-de-negacionista\/image-62-5\/\" data-orig-file=\"https:\/\/i0.wp.com\/blogdalucianaoliveira.com.br\/blog\/wp-content\/uploads\/2020\/04\/image-62.jpeg?fit=1024%2C683\" data-orig-size=\"1024,683\" data-comments-opened=\"0\" data-image-meta=\"{&quot;aperture&quot;:&quot;0&quot;,&quot;credit&quot;:&quot;&quot;,&quot;camera&quot;:&quot;&quot;,&quot;caption&quot;:&quot;&quot;,&quot;created_timestamp&quot;:&quot;0&quot;,&quot;copyright&quot;:&quot;&quot;,&quot;focal_length&quot;:&quot;0&quot;,&quot;iso&quot;:&quot;0&quot;,&quot;shutter_speed&quot;:&quot;0&quot;,&quot;title&quot;:&quot;&quot;,&quot;orientation&quot;:&quot;0&quot;}\" data-image-title=\"image-62\" data-image-description=\"\" data-image-caption=\"\" data-medium-file=\"https:\/\/i0.wp.com\/blogdalucianaoliveira.com.br\/blog\/wp-content\/uploads\/2020\/04\/image-62.jpeg?fit=300%2C200\" data-large-file=\"https:\/\/i0.wp.com\/blogdalucianaoliveira.com.br\/blog\/wp-content\/uploads\/2020\/04\/image-62.jpeg?fit=600%2C400\" src=\"https:\/\/i0.wp.com\/blogdalucianaoliveira.com.br\/blog\/wp-content\/uploads\/2020\/04\/image-62.jpeg?resize=600%2C400\" alt=\"\" class=\"wp-image-27686\" srcset=\"https:\/\/i0.wp.com\/blogdalucianaoliveira.com.br\/blog\/wp-content\/uploads\/2020\/04\/image-62.jpeg?w=1024 1024w, https:\/\/i0.wp.com\/blogdalucianaoliveira.com.br\/blog\/wp-content\/uploads\/2020\/04\/image-62.jpeg?resize=300%2C200 300w, https:\/\/i0.wp.com\/blogdalucianaoliveira.com.br\/blog\/wp-content\/uploads\/2020\/04\/image-62.jpeg?resize=768%2C512 768w, https:\/\/i0.wp.com\/blogdalucianaoliveira.com.br\/blog\/wp-content\/uploads\/2020\/04\/image-62.jpeg?resize=450%2C300 450w\" sizes=\"auto, (max-width: 600px) 100vw, 600px\" \/><\/figure>\n\n\n\n<p>Categoria tem especificidades importantes em rela\u00e7\u00e3o aos terraplanistas e aos espalhadores de fake news.<\/p>\n\n\n\n<!--more-->\n\n\n\n<p>Na FSP, por Roberto Dias <\/p>\n\n\n\n<p>Os negacionistas do coronav\u00edrus alinham-se com esp\u00e9cies que vinham circulando ruidosamente pelo planeta nos \u00faltimos tempos: a dos espalhadores de fake news eleitorais e a dos terraplanistas.<\/p>\n\n\n\n<p>S\u00f3 que h\u00e1 quest\u00f5es importantes e reveladoras nessa nova categoria.<\/p>\n\n\n\n<p>A diferen\u00e7a mais \u00f3bvia \u00e9 que o negacionismo sobre o coronav\u00edrus tem custo imediato muito mais palp\u00e1vel do que o dos que n\u00e3o acreditam que a Terra seja redonda (11 milh\u00f5es de brasileiros, segundo o Datafolha). Pois a Terra continuar\u00e1 redonda, n\u00e3o importa o quanto eles neguem. No caso do corona, o n\u00e3o de hoje pode virar um caix\u00e3o em poucos dias.<\/p>\n\n\n\n<p>O compartilhamento de fake news \u00e9 elemento comum a todas essas hist\u00f3rias. Com o v\u00edrus, fica bem n\u00edtido que a pr\u00e1tica se concentra no grupo que refuta a ci\u00eancia, embora n\u00e3o seja exclusividade dele.\u00a0<br>Est\u00e1 claro faz tempo que uma parcela da popula\u00e7\u00e3o n\u00e3o consegue nem quer escutar. O que o coronav\u00edrus vai desnudando \u00e9 que, inexistindo o argumento pol\u00edtico usual, sobra pouca muni\u00e7\u00e3o para essa turma usar num debate.<\/p>\n\n\n\n<p>Pois h\u00e1 negacionistas do coronav\u00edrus que alicer\u00e7am seus discursos em gr\u00e1ficos que, embora verdadeiros, n\u00e3o resistem a meio minuto de olhar cr\u00edtico &#8211;dados que n\u00e3o fazem sentido nenhum para o que querem dizer. Outros recorrem a argumento de autoridade em casos nos quais a tal autoridade n\u00e3o \u00e9 t\u00e3o autoridade assim. Uma parte simplesmente muda de assunto: \u00e9 o tipo de pessoa que, quando questionada se as fotos de valas comuns em Manaus s\u00e3o inven\u00e7\u00e3o da m\u00eddia,&nbsp;<a href=\"https:\/\/www1.folha.uol.com.br\/cotidiano\/2020\/04\/enterros-triplicam-e-cemiterio-de-manaus-abre-valas-comuns-para-vitimas-do-coronavirus.shtml\">fala da fam\u00edlia<\/a>.<\/p>\n\n\n\n<p>Esse modus operandi n\u00e3o brotou do nada, obviamente. Nesta semana, uma amiga atravessou pacientemente mais de uma centena de mensagens com uma interlocutora que incorria nas pr\u00e1ticas negacionistas descritas acima. O que havia no post que deu origem ao debate? A resposta de Jair Bolsonaro quando lhe perguntaram sobre os cidad\u00e3os mortos no pa\u00eds que governa: &#8220;<a href=\"https:\/\/www1.folha.uol.com.br\/cotidiano\/2020\/04\/nao-sou-coveiro-diz-bolsonaro-sobre-qual-seria-numero-aceitavel-de-mortes-por-coronavirus.shtml\">N\u00e3o sou coveiro<\/a>, t\u00e1?&#8221;.<\/p>\n","protected":false},"excerpt":{"rendered":"<p>Categoria tem especificidades importantes em rela\u00e7\u00e3o aos terraplanistas e aos espalhadores de fake news.<\/p>\n","protected":false},"author":1,"featured_media":0,"comment_status":"closed","ping_status":"open","sticky":false,"template":"","format":"standard","meta":{"_exactmetrics_skip_tracking":false,"_exactmetrics_sitenote_active":false,"_exactmetrics_sitenote_note":"","_exactmetrics_sitenote_category":0,"jetpack_post_was_ever_published":false,"_jetpack_newsletter_access":"","_jetpack_dont_email_post_to_subs":false,"_jetpack_newsletter_tier_id":0,"_jetpack_memberships_contains_paywalled_content":false,"_jetpack_memberships_contains_paid_content":false,"footnotes":"","jetpack_publicize_message":"","jetpack_publicize_feature_enabled":true,"jetpack_social_post_already_shared":true,"jetpack_social_options":{"image_generator_settings":{"template":"highway","enabled":false},"version":2}},"categories":[1],"tags":[],"class_list":["post-27685","post","type-post","status-publish","format-standard","hentry","category-notas"],"jetpack_publicize_connections":[],"jetpack_sharing_enabled":true,"jetpack_featured_media_url":"","jetpack_shortlink":"https:\/\/wp.me\/p7wKYW-7cx","jetpack-related-posts":[],"_links":{"self":[{"href":"http:\/\/blogdalucianaoliveira.com.br\/blog\/wp-json\/wp\/v2\/posts\/27685","targetHints":{"allow":["GET"]}}],"collection":[{"href":"http:\/\/blogdalucianaoliveira.com.br\/blog\/wp-json\/wp\/v2\/posts"}],"about":[{"href":"http:\/\/blogdalucianaoliveira.com.br\/blog\/wp-json\/wp\/v2\/types\/post"}],"author":[{"embeddable":true,"href":"http:\/\/blogdalucianaoliveira.com.br\/blog\/wp-json\/wp\/v2\/users\/1"}],"replies":[{"embeddable":true,"href":"http:\/\/blogdalucianaoliveira.com.br\/blog\/wp-json\/wp\/v2\/comments?post=27685"}],"version-history":[{"count":1,"href":"http:\/\/blogdalucianaoliveira.com.br\/blog\/wp-json\/wp\/v2\/posts\/27685\/revisions"}],"predecessor-version":[{"id":27687,"href":"http:\/\/blogdalucianaoliveira.com.br\/blog\/wp-json\/wp\/v2\/posts\/27685\/revisions\/27687"}],"wp:attachment":[{"href":"http:\/\/blogdalucianaoliveira.com.br\/blog\/wp-json\/wp\/v2\/media?parent=27685"}],"wp:term":[{"taxonomy":"category","embeddable":true,"href":"http:\/\/blogdalucianaoliveira.com.br\/blog\/wp-json\/wp\/v2\/categories?post=27685"},{"taxonomy":"post_tag","embeddable":true,"href":"http:\/\/blogdalucianaoliveira.com.br\/blog\/wp-json\/wp\/v2\/tags?post=27685"}],"curies":[{"name":"wp","href":"https:\/\/api.w.org\/{rel}","templated":true}]}}