{"id":27688,"date":"2020-04-23T11:28:35","date_gmt":"2020-04-23T15:28:35","guid":{"rendered":"http:\/\/blogdalucianaoliveira.com.br\/blog\/?p=27688"},"modified":"2020-04-23T11:28:39","modified_gmt":"2020-04-23T15:28:39","slug":"atraves-da-casa-civil-comandada-por-goncalves-procuradores-do-estado-insinuam-que-falta-patriotismo-ao-ministerio-publico-federal-de-rondonia-e-dizem-que-o-orgao-tumultua-o-trabalho","status":"publish","type":"post","link":"http:\/\/blogdalucianaoliveira.com.br\/blog\/2020\/04\/23\/atraves-da-casa-civil-comandada-por-goncalves-procuradores-do-estado-insinuam-que-falta-patriotismo-ao-ministerio-publico-federal-de-rondonia-e-dizem-que-o-orgao-tumultua-o-trabalho\/","title":{"rendered":"Atrav\u00e9s da Casa Civil comandada por Gon\u00e7alves, procuradores do Estado insinuam que falta patriotismo ao Minist\u00e9rio P\u00fablico Federal de Rond\u00f4nia e dizem que o \u00f3rg\u00e3o tumultua o trabalho"},"content":{"rendered":"\n<figure class=\"wp-block-image size-large\"><img data-recalc-dims=\"1\" loading=\"lazy\" decoding=\"async\" width=\"600\" height=\"400\" data-attachment-id=\"27689\" data-permalink=\"http:\/\/blogdalucianaoliveira.com.br\/blog\/2020\/04\/23\/atraves-da-casa-civil-comandada-por-goncalves-procuradores-do-estado-insinuam-que-falta-patriotismo-ao-ministerio-publico-federal-de-rondonia-e-dizem-que-o-orgao-tumultua-o-trabalho\/image-63-5\/\" data-orig-file=\"https:\/\/i0.wp.com\/blogdalucianaoliveira.com.br\/blog\/wp-content\/uploads\/2020\/04\/image-63.jpeg?fit=960%2C640\" data-orig-size=\"960,640\" data-comments-opened=\"0\" data-image-meta=\"{&quot;aperture&quot;:&quot;0&quot;,&quot;credit&quot;:&quot;&quot;,&quot;camera&quot;:&quot;&quot;,&quot;caption&quot;:&quot;&quot;,&quot;created_timestamp&quot;:&quot;0&quot;,&quot;copyright&quot;:&quot;&quot;,&quot;focal_length&quot;:&quot;0&quot;,&quot;iso&quot;:&quot;0&quot;,&quot;shutter_speed&quot;:&quot;0&quot;,&quot;title&quot;:&quot;&quot;,&quot;orientation&quot;:&quot;1&quot;}\" data-image-title=\"image-63\" data-image-description=\"\" data-image-caption=\"\" data-medium-file=\"https:\/\/i0.wp.com\/blogdalucianaoliveira.com.br\/blog\/wp-content\/uploads\/2020\/04\/image-63.jpeg?fit=300%2C200\" data-large-file=\"https:\/\/i0.wp.com\/blogdalucianaoliveira.com.br\/blog\/wp-content\/uploads\/2020\/04\/image-63.jpeg?fit=600%2C400\" src=\"https:\/\/i0.wp.com\/blogdalucianaoliveira.com.br\/blog\/wp-content\/uploads\/2020\/04\/image-63.jpeg?resize=600%2C400\" alt=\"\" class=\"wp-image-27689\" srcset=\"https:\/\/i0.wp.com\/blogdalucianaoliveira.com.br\/blog\/wp-content\/uploads\/2020\/04\/image-63.jpeg?w=960 960w, https:\/\/i0.wp.com\/blogdalucianaoliveira.com.br\/blog\/wp-content\/uploads\/2020\/04\/image-63.jpeg?resize=300%2C200 300w, https:\/\/i0.wp.com\/blogdalucianaoliveira.com.br\/blog\/wp-content\/uploads\/2020\/04\/image-63.jpeg?resize=768%2C512 768w, https:\/\/i0.wp.com\/blogdalucianaoliveira.com.br\/blog\/wp-content\/uploads\/2020\/04\/image-63.jpeg?resize=450%2C300 450w\" sizes=\"auto, (max-width: 600px) 100vw, 600px\" \/><\/figure>\n\n\n\n<p><strong>Por Rondoniadinamica<\/strong> &#8211; Na \u00faltima sexta-feira (17), o jornal eletr\u00f4nico\u00a0<strong>Rond\u00f4nia Din\u00e2mica<\/strong>\u00a0informou, exclusivamente,<a rel=\"noreferrer noopener\" href=\"https:\/\/www.rondoniadinamica.com\/noticias\/2020\/04\/mps-recomendam-que-rocha-apresente-em-48-horas-estudo-cientifico-para-embasar-reabertura-do-comercio,72484.shtml\" target=\"_blank\"><strong>\u00a0que os Minist\u00e9rios P\u00fablicos Federal (MPF) e do Trabalho (MPT) encaminharam ao governador Coronel Marcos Rocha recomenda\u00e7\u00e3o conjunta relacionada ao combate do Coronav\u00edrus<\/strong><\/a>(COVID-19\/SARS-CoV-2) no estado.<\/p>\n\n\n\n<!--more-->\n\n\n\n<p>O documento fora assinado por Raphael Luis Pereria Bevilaqua (procurador regional dos Direitos dos Cidad\u00e3os), Camilla Holanda Mendes da Rocha (coordenadora regional de Combate \u00e0s Irregularidades Trabalhistas na Administra\u00e7\u00e3o P\u00fablica) , Carlos Alberto Lopes de Oliveira (vice-procurador-chefe do Minist\u00e9rio P\u00fablico do Trabalho) e Gisele Bleggi Cunha (Procuradora da Rep\u00fablica).<\/p>\n\n\n\n<p>Os procuradores do Estado Horcades Hugues Uch\u00f4a Sena J\u00fanior e Maxwel Mota de Andrade, membros do denominado Grupo Especial de Atendimento da Procuradoria- Geral do Estado, ignoraram as delibera\u00e7\u00f5es. A resposta saiu da Casa Civil, de acordo com documento obtido pela reportagem atrav\u00e9s de fonte confidencial.&nbsp;<\/p>\n\n\n\n<figure class=\"wp-block-image\"><img data-recalc-dims=\"1\" decoding=\"async\" src=\"https:\/\/i0.wp.com\/www.rondoniadinamica.com\/uploads\/CASACIVIL.jpg?w=600&#038;ssl=1\" alt=\"\"\/><\/figure>\n\n\n\n<p><br><em>Resposta dos procuradores saiu da Casa Civil, hoje comandada por J\u00fanior Gon\u00e7alves&nbsp;<\/em><br>&nbsp;<\/p>\n\n\n\n<p>E mais: requereram que qualquer menifesta\u00e7\u00e3o desses \u00f3rg\u00e3os sejam encaminhadas diretamentre \u00e0 Procuradoria-Geral do Estado (PGE), porquanto, na vis\u00e3o legal apresentada pela dupla, apenas o procurador-geral da Rep\u00fablica Augusto Aras teria a compet\u00eancia para promover dilig\u00eancias diretamente a Marcos Rocha.<\/p>\n\n\n\n<figure class=\"wp-block-image\"><img data-recalc-dims=\"1\" decoding=\"async\" src=\"https:\/\/i0.wp.com\/www.rondoniadinamica.com\/uploads\/aaarrrra.jpg?w=600&#038;ssl=1\" alt=\"\"\/><\/figure>\n\n\n\n<p><br><em>Na vis\u00e3o dos procuradores de Rond\u00f4nia, s\u00f3 Augusto Aras (foto) pode se reportar diretamente a Marcos Rocha como governador<\/em><\/p>\n\n\n\n<p>Por\u00e9m, Horcades Hugues Uch\u00f4a e Maxwel Mota &#8220;assopraram&#8221; as atividades do Minist\u00e9rio P\u00fablico do Trabalho em Rond\u00f4nia e Acre (MPT-14) antes &#8220;morder&#8221; as iniciativas em busca de informa\u00e7\u00e3o lan\u00e7adas pelo Minist\u00e9rio P\u00fablico Federal (MPF).<\/p>\n\n\n\n<p>&#8220;Cumpre destacar a bela atua\u00e7\u00e3o do Minist\u00e9rio P\u00fablico do Trabalho, atrav\u00e9s de sua Procuradora-Chefe da PRT-14, a qual n\u00e3o est\u00e1 medindo esfor\u00e7os para auxiliar o Estado de Rond\u00f4nia no combate ao COVID-19, notadamente com a disponibiliza\u00e7\u00e3o de recursos de grande monta para aquisi\u00e7\u00e3o de equipamentos e insumos [&#8230;]&#8221;.<\/p>\n\n\n\n<figure class=\"wp-block-image\"><img data-recalc-dims=\"1\" decoding=\"async\" src=\"https:\/\/i0.wp.com\/www.rondoniadinamica.com\/uploads\/0999912321312312.jpg?w=600&#038;ssl=1\" alt=\"\"\/><\/figure>\n\n\n\n<p><br><em>Raphael Bevilaqua e Gisele Bleggi representam o MPF na recomenta\u00e7\u00e3o; para o Estado, a institui\u00e7\u00e3o tumultua os trabalhos ao perdir informa\u00e7\u00f5es \/ Divulga\u00e7\u00e3o<\/em><\/p>\n\n\n\n<p>Em seguida, criticaram:<\/p>\n\n\n\n<p>&#8220;Diante disso, espera-se que o Minist\u00e9rio P\u00fablico Federal tenha a mesma atitude patriota e altru\u00edsta em ajudar o Estado de Rond\u00f4nia no enfrentamento da pandemia em quest\u00e3o ao inv\u00e9s de apenas solicitar informa\u00e7\u00f5es gen\u00e9ricas e sem qualquer objevo aparente, tumultuando, assim, a atua\u00e7\u00e3o dos abnegados servidos p\u00fablicos, os quais deixam de atuar em sua avidade fim de combate \u00e0 COVID-19 para promover respostas gen\u00e9ricas aos \u00f3rg\u00e3os de controle. Assim, realmente todos os envolvidos estar\u00e3o atuando de maneira articulada&#8221;.<\/p>\n\n\n\n<p>A conclus\u00e3o:<\/p>\n\n\n\n<p><em><strong>&#8220;Diante de todo o exposto, a Procuradoria Geral do Estado de Rond\u00f4nia, em resposta \u00e0 Recomenda\u00e7\u00e3o Conjunta MPF\/MPT, requer:<\/strong><\/em><\/p>\n\n\n\n<p><em><strong>1) Que as nofica\u00e7\u00f5es e recomenda\u00e7\u00f5es de interesse do Estado de Rond\u00f4nia sejam feitas por interm\u00e9dio do Procurador Geral do Estado, nos termos do art. 11, II, da Lei Estadual n\u00ba 620\/2011;<\/strong><\/em><\/p>\n\n\n\n<p><em><strong>2) Que seja desconsiderado o direcionamento de expedientes ao Governador do Estado, e que as futuras recomenda\u00e7\u00f5es e nofica\u00e7\u00f5es a ele sejam efevadas t\u00e3o somente pelo Procurador-Geral da Rep\u00fablica;<\/strong><\/em><\/p>\n\n\n\n<p><em><strong>3) Que sejam devidamente fundamentadas as requisi\u00e7\u00f5es e recomenda\u00e7\u00f5es, incluindo a demonstra\u00e7\u00e3o concreta de interesse federal e trabalhista que d\u00e1 ensejo \u00e0 atua\u00e7\u00e3o do Minist\u00e9rio P\u00fablico Federal e do Trabalho no feito, conforme explanado no item 3 do presente documento, conferindo, se for o caso, no m\u00ednimo o prazo legal para resposta; e<\/strong><\/em><\/p>\n\n\n\n<p><em><strong>4) Que sejam recebidos e autuados no [&#8230;]<br><br>Sem mais para o momento, externo votos de esma e considera\u00e7\u00e3o, e permane\u00e7o \u00e0 disposi\u00e7\u00e3o para quaisquer esclarecimentos que se fa\u00e7am necess\u00e1rios.<\/strong><\/em><\/p>\n\n\n\n<p><em><strong>Porto Velho, [&#8230;]<\/strong><\/em><\/p>\n\n\n\n<p><em><strong>Horcades Hugues Uch\u00f4a Sena J\u00fanior<br><br>Maxwel Mota de Andrade [&#8230;].<\/strong><\/em><\/p>\n","protected":false},"excerpt":{"rendered":"<p>Por Rondoniadinamica &#8211; Na \u00faltima sexta-feira (17), o jornal eletr\u00f4nico\u00a0Rond\u00f4nia Din\u00e2mica\u00a0informou, exclusivamente,\u00a0que os Minist\u00e9rios P\u00fablicos Federal (MPF) e do Trabalho (MPT) encaminharam ao governador Coronel Marcos Rocha recomenda\u00e7\u00e3o conjunta relacionada ao combate do Coronav\u00edrus(COVID-19\/SARS-CoV-2) no estado.<\/p>\n","protected":false},"author":1,"featured_media":0,"comment_status":"closed","ping_status":"open","sticky":false,"template":"","format":"standard","meta":{"_exactmetrics_skip_tracking":false,"_exactmetrics_sitenote_active":false,"_exactmetrics_sitenote_note":"","_exactmetrics_sitenote_category":0,"jetpack_post_was_ever_published":false,"_jetpack_newsletter_access":"","_jetpack_dont_email_post_to_subs":false,"_jetpack_newsletter_tier_id":0,"_jetpack_memberships_contains_paywalled_content":false,"_jetpack_memberships_contains_paid_content":false,"footnotes":"","jetpack_publicize_message":"","jetpack_publicize_feature_enabled":true,"jetpack_social_post_already_shared":true,"jetpack_social_options":{"image_generator_settings":{"template":"highway","enabled":false},"version":2}},"categories":[1],"tags":[],"class_list":["post-27688","post","type-post","status-publish","format-standard","hentry","category-notas"],"jetpack_publicize_connections":[],"jetpack_sharing_enabled":true,"jetpack_featured_media_url":"","jetpack_shortlink":"https:\/\/wp.me\/p7wKYW-7cA","jetpack-related-posts":[],"_links":{"self":[{"href":"http:\/\/blogdalucianaoliveira.com.br\/blog\/wp-json\/wp\/v2\/posts\/27688","targetHints":{"allow":["GET"]}}],"collection":[{"href":"http:\/\/blogdalucianaoliveira.com.br\/blog\/wp-json\/wp\/v2\/posts"}],"about":[{"href":"http:\/\/blogdalucianaoliveira.com.br\/blog\/wp-json\/wp\/v2\/types\/post"}],"author":[{"embeddable":true,"href":"http:\/\/blogdalucianaoliveira.com.br\/blog\/wp-json\/wp\/v2\/users\/1"}],"replies":[{"embeddable":true,"href":"http:\/\/blogdalucianaoliveira.com.br\/blog\/wp-json\/wp\/v2\/comments?post=27688"}],"version-history":[{"count":1,"href":"http:\/\/blogdalucianaoliveira.com.br\/blog\/wp-json\/wp\/v2\/posts\/27688\/revisions"}],"predecessor-version":[{"id":27690,"href":"http:\/\/blogdalucianaoliveira.com.br\/blog\/wp-json\/wp\/v2\/posts\/27688\/revisions\/27690"}],"wp:attachment":[{"href":"http:\/\/blogdalucianaoliveira.com.br\/blog\/wp-json\/wp\/v2\/media?parent=27688"}],"wp:term":[{"taxonomy":"category","embeddable":true,"href":"http:\/\/blogdalucianaoliveira.com.br\/blog\/wp-json\/wp\/v2\/categories?post=27688"},{"taxonomy":"post_tag","embeddable":true,"href":"http:\/\/blogdalucianaoliveira.com.br\/blog\/wp-json\/wp\/v2\/tags?post=27688"}],"curies":[{"name":"wp","href":"https:\/\/api.w.org\/{rel}","templated":true}]}}