{"id":27691,"date":"2020-04-23T11:46:29","date_gmt":"2020-04-23T15:46:29","guid":{"rendered":"http:\/\/blogdalucianaoliveira.com.br\/blog\/?p=27691"},"modified":"2020-04-23T12:01:40","modified_gmt":"2020-04-23T16:01:40","slug":"indigenas-da-aldeia-karipuna-denunciam-invasao-e-pedem-socorro-contra-coronavirus","status":"publish","type":"post","link":"http:\/\/blogdalucianaoliveira.com.br\/blog\/2020\/04\/23\/indigenas-da-aldeia-karipuna-denunciam-invasao-e-pedem-socorro-contra-coronavirus\/","title":{"rendered":"Ind\u00edgenas de aldeia Karipuna denunciam invas\u00e3o e pedem socorro contra coronav\u00edrus"},"content":{"rendered":"\n<figure class=\"wp-block-image size-large\"><img loading=\"lazy\" decoding=\"async\" width=\"774\" height=\"1032\" data-attachment-id=\"27692\" data-permalink=\"http:\/\/blogdalucianaoliveira.com.br\/blog\/2020\/04\/23\/indigenas-da-aldeia-karipuna-denunciam-invasao-e-pedem-socorro-contra-coronavirus\/a1ae28c4-0738-43a4-8b52-9776c0aec299\/\" data-orig-file=\"https:\/\/i0.wp.com\/blogdalucianaoliveira.com.br\/blog\/wp-content\/uploads\/2020\/04\/A1AE28C4-0738-43A4-8B52-9776C0AEC299.jpeg?fit=774%2C1032\" data-orig-size=\"774,1032\" data-comments-opened=\"0\" data-image-meta=\"{&quot;aperture&quot;:&quot;0&quot;,&quot;credit&quot;:&quot;&quot;,&quot;camera&quot;:&quot;&quot;,&quot;caption&quot;:&quot;&quot;,&quot;created_timestamp&quot;:&quot;0&quot;,&quot;copyright&quot;:&quot;&quot;,&quot;focal_length&quot;:&quot;0&quot;,&quot;iso&quot;:&quot;0&quot;,&quot;shutter_speed&quot;:&quot;0&quot;,&quot;title&quot;:&quot;&quot;,&quot;orientation&quot;:&quot;0&quot;}\" data-image-title=\"A1AE28C4-0738-43A4-8B52-9776C0AEC299\" data-image-description=\"\" data-image-caption=\"\" data-medium-file=\"https:\/\/i0.wp.com\/blogdalucianaoliveira.com.br\/blog\/wp-content\/uploads\/2020\/04\/A1AE28C4-0738-43A4-8B52-9776C0AEC299.jpeg?fit=225%2C300\" data-large-file=\"https:\/\/i0.wp.com\/blogdalucianaoliveira.com.br\/blog\/wp-content\/uploads\/2020\/04\/A1AE28C4-0738-43A4-8B52-9776C0AEC299.jpeg?fit=600%2C800\" src=\"https:\/\/i2.wp.com\/blogdalucianaoliveira.com.br\/blog\/wp-content\/uploads\/2020\/04\/A1AE28C4-0738-43A4-8B52-9776C0AEC299.jpeg?fit=600%2C800\" alt=\"\" class=\"wp-image-27692\" srcset=\"https:\/\/i0.wp.com\/blogdalucianaoliveira.com.br\/blog\/wp-content\/uploads\/2020\/04\/A1AE28C4-0738-43A4-8B52-9776C0AEC299.jpeg?w=774 774w, https:\/\/i0.wp.com\/blogdalucianaoliveira.com.br\/blog\/wp-content\/uploads\/2020\/04\/A1AE28C4-0738-43A4-8B52-9776C0AEC299.jpeg?resize=225%2C300 225w, https:\/\/i0.wp.com\/blogdalucianaoliveira.com.br\/blog\/wp-content\/uploads\/2020\/04\/A1AE28C4-0738-43A4-8B52-9776C0AEC299.jpeg?resize=768%2C1024 768w\" sizes=\"auto, (max-width: 600px) 100vw, 600px\" \/><\/figure>\n\n\n\n<p>Invas\u00f5es n\u00e3o param em territ\u00f3rios ind\u00edgenas de Rond\u00f4nia. <\/p>\n\n\n\n<p>Na aldeia Karipuna pr\u00f3xima ao distrito de Jaci-Paran\u00e1, a a\u00e7\u00e3o criminosa \u00e9 registrada pelos ind\u00edgenas. <\/p>\n\n\n\n<!--more-->\n\n\n\n<p>A tecnologia os ajuda a denunciar com fotos, v\u00eddeos e \u00e1udios as a\u00e7\u00f5es de grileiros e madeireiros, porque se depender do socorro dos \u00f3rg\u00e3os de fiscaliza\u00e7\u00e3o, ningu\u00e9m fica sequer sabendo. <\/p>\n\n\n\n<p>Andr\u00e9 Karipuna encaminhou um \u00e1udio:<\/p>\n\n\n\n<p><\/p>\n\n\n\n<figure class=\"wp-block-embed-soundcloud wp-block-embed is-type-rich is-provider-soundcloud wp-embed-aspect-4-3 wp-has-aspect-ratio\"><div class=\"wp-block-embed__wrapper\">\n<iframe loading=\"lazy\" title=\"Andr\u00e9karipuna by Blog da Luciana Oliveira\" width=\"600\" height=\"400\" scrolling=\"no\" frameborder=\"no\" src=\"https:\/\/w.soundcloud.com\/player\/?visual=true&#038;url=https%3A%2F%2Fapi.soundcloud.com%2Ftracks%2F805382392&#038;show_artwork=true&#038;maxheight=900&#038;maxwidth=600\"><\/iframe>\n<\/div><\/figure>\n\n\n\n<p>O blog esteve nesta regi\u00e3o em outras aldeias h\u00e1 um ano. <\/p>\n\n\n\n<p>O alerta: esse ano ser\u00e3o iguais ou piores os desmatamentos e queimadas na Amaz\u00f4nia e nas aldeias. <\/p>\n\n\n\n<p>Os invasores foram empoderados pelos discursos devastadores do presidente da rep\u00fablica, Jair Bolsonaro. Declaram abertamente que s\u00e3o apoiados pelo governo. <\/p>\n\n\n\n<p>\u00c9 fato que todas as terras ind\u00edgenas de Rond\u00f4nia t\u00eam invas\u00f5es e h\u00e1 muito tempo, mas agora est\u00e3o mais pr\u00f3ximas das aldeias.  mais frequentes e com um rastro de destrui\u00e7\u00e3o maior. <\/p>\n\n\n\n<p>O pior  \u00e9 que agora, al\u00e9m dos crimes, os invasores podem dizimar aldeias inteiras levando o coronav\u00edrus. <\/p>\n\n\n\n<p>S\u00e3o dois os inimigos dos ind\u00edgenas: um invis\u00edvel e outro bem conhecido que age com a omiss\u00e3o dos poderes.<\/p>\n","protected":false},"excerpt":{"rendered":"<p>Invas\u00f5es n\u00e3o param em territ\u00f3rios ind\u00edgenas de Rond\u00f4nia. Na aldeia Karipuna pr\u00f3xima ao distrito de Jaci-Paran\u00e1, a a\u00e7\u00e3o criminosa \u00e9 registrada pelos ind\u00edgenas.<\/p>\n","protected":false},"author":1,"featured_media":0,"comment_status":"closed","ping_status":"open","sticky":false,"template":"","format":"standard","meta":{"_exactmetrics_skip_tracking":false,"_exactmetrics_sitenote_active":false,"_exactmetrics_sitenote_note":"","_exactmetrics_sitenote_category":0,"jetpack_post_was_ever_published":false,"_jetpack_newsletter_access":"","_jetpack_dont_email_post_to_subs":false,"_jetpack_newsletter_tier_id":0,"_jetpack_memberships_contains_paywalled_content":false,"_jetpack_memberships_contains_paid_content":false,"footnotes":"","jetpack_publicize_message":"","jetpack_publicize_feature_enabled":true,"jetpack_social_post_already_shared":true,"jetpack_social_options":{"image_generator_settings":{"template":"highway","enabled":false},"version":2}},"categories":[1],"tags":[],"class_list":["post-27691","post","type-post","status-publish","format-standard","hentry","category-notas"],"jetpack_publicize_connections":[],"jetpack_sharing_enabled":true,"jetpack_featured_media_url":"","jetpack_shortlink":"https:\/\/wp.me\/p7wKYW-7cD","jetpack-related-posts":[],"_links":{"self":[{"href":"http:\/\/blogdalucianaoliveira.com.br\/blog\/wp-json\/wp\/v2\/posts\/27691","targetHints":{"allow":["GET"]}}],"collection":[{"href":"http:\/\/blogdalucianaoliveira.com.br\/blog\/wp-json\/wp\/v2\/posts"}],"about":[{"href":"http:\/\/blogdalucianaoliveira.com.br\/blog\/wp-json\/wp\/v2\/types\/post"}],"author":[{"embeddable":true,"href":"http:\/\/blogdalucianaoliveira.com.br\/blog\/wp-json\/wp\/v2\/users\/1"}],"replies":[{"embeddable":true,"href":"http:\/\/blogdalucianaoliveira.com.br\/blog\/wp-json\/wp\/v2\/comments?post=27691"}],"version-history":[{"count":5,"href":"http:\/\/blogdalucianaoliveira.com.br\/blog\/wp-json\/wp\/v2\/posts\/27691\/revisions"}],"predecessor-version":[{"id":27699,"href":"http:\/\/blogdalucianaoliveira.com.br\/blog\/wp-json\/wp\/v2\/posts\/27691\/revisions\/27699"}],"wp:attachment":[{"href":"http:\/\/blogdalucianaoliveira.com.br\/blog\/wp-json\/wp\/v2\/media?parent=27691"}],"wp:term":[{"taxonomy":"category","embeddable":true,"href":"http:\/\/blogdalucianaoliveira.com.br\/blog\/wp-json\/wp\/v2\/categories?post=27691"},{"taxonomy":"post_tag","embeddable":true,"href":"http:\/\/blogdalucianaoliveira.com.br\/blog\/wp-json\/wp\/v2\/tags?post=27691"}],"curies":[{"name":"wp","href":"https:\/\/api.w.org\/{rel}","templated":true}]}}