{"id":2770,"date":"2016-08-01T09:54:59","date_gmt":"2016-08-01T13:54:59","guid":{"rendered":"http:\/\/blogdalucianaoliveira.com.br\/blog\/?p=2770"},"modified":"2016-08-01T09:54:59","modified_gmt":"2016-08-01T13:54:59","slug":"o-touro-reage-a-provocacao-com-a-cor-vermelha-os-militantes-da-direita-nem-precisam-de-provocacao","status":"publish","type":"post","link":"http:\/\/blogdalucianaoliveira.com.br\/blog\/2016\/08\/01\/o-touro-reage-a-provocacao-com-a-cor-vermelha-os-militantes-da-direita-nem-precisam-de-provocacao\/","title":{"rendered":"O touro reage \u00e0 provoca\u00e7\u00e3o com a cor vermelha. Os &#8216;militantes&#8217; da direita nem precisam de provoca\u00e7\u00e3o"},"content":{"rendered":"<p><img data-recalc-dims=\"1\" loading=\"lazy\" decoding=\"async\" data-attachment-id=\"2771\" data-permalink=\"http:\/\/blogdalucianaoliveira.com.br\/blog\/2016\/08\/01\/o-touro-reage-a-provocacao-com-a-cor-vermelha-os-militantes-da-direita-nem-precisam-de-provocacao\/image-634\/\" data-orig-file=\"https:\/\/i0.wp.com\/blogdalucianaoliveira.com.br\/blog\/wp-content\/uploads\/2016\/08\/image-5.jpeg?fit=700%2C496\" data-orig-size=\"700,496\" data-comments-opened=\"0\" data-image-meta=\"{&quot;aperture&quot;:&quot;0&quot;,&quot;credit&quot;:&quot;&quot;,&quot;camera&quot;:&quot;&quot;,&quot;caption&quot;:&quot;&quot;,&quot;created_timestamp&quot;:&quot;0&quot;,&quot;copyright&quot;:&quot;&quot;,&quot;focal_length&quot;:&quot;0&quot;,&quot;iso&quot;:&quot;0&quot;,&quot;shutter_speed&quot;:&quot;0&quot;,&quot;title&quot;:&quot;&quot;,&quot;orientation&quot;:&quot;1&quot;}\" data-image-title=\"image\" data-image-description=\"\" data-image-caption=\"\" data-medium-file=\"https:\/\/i0.wp.com\/blogdalucianaoliveira.com.br\/blog\/wp-content\/uploads\/2016\/08\/image-5.jpeg?fit=300%2C213\" data-large-file=\"https:\/\/i0.wp.com\/blogdalucianaoliveira.com.br\/blog\/wp-content\/uploads\/2016\/08\/image-5.jpeg?fit=600%2C425\" src=\"https:\/\/i0.wp.com\/blogdalucianaoliveira.com.br\/blog\/wp-content\/uploads\/2016\/08\/image-5.jpeg?resize=600%2C425\" alt=\"image\" width=\"600\" height=\"425\" class=\"alignnone size-full wp-image-2771\" srcset=\"https:\/\/i0.wp.com\/blogdalucianaoliveira.com.br\/blog\/wp-content\/uploads\/2016\/08\/image-5.jpeg?w=700 700w, https:\/\/i0.wp.com\/blogdalucianaoliveira.com.br\/blog\/wp-content\/uploads\/2016\/08\/image-5.jpeg?resize=300%2C213 300w, https:\/\/i0.wp.com\/blogdalucianaoliveira.com.br\/blog\/wp-content\/uploads\/2016\/08\/image-5.jpeg?resize=423%2C300 423w\" sizes=\"auto, (max-width: 600px) 100vw, 600px\" \/><\/p>\n<p>Por Dimas Ferreira <\/p>\n<p>Posso pregar contra pq pratico: sou contra viol\u00eancia e deseleg\u00e2ncia de qualquer lado&#8230; Acho simplesmente deplor\u00e1vel uma pessoa agredir (ainda que \u201capenas\u201d verbalmente) outra que exp\u00f5e suas prefer\u00eancias. <!--more--><\/p>\n<p>Por uma dessas coincid\u00eancias, andei lendo recentemente sobre o frei dominicano Girolamo Savonarola, que controlava com suas prega\u00e7\u00f5es apocal\u00edpticas uma turba de doentes cuja \u00fanica miss\u00e3o na vida era: atacar as pessoas consideradas \u201cn\u00e3o crist\u00e3s\u201d na Floren\u00e7a da Idade M\u00e9dia. <\/p>\n<p>No Brasil, temos um bando de paran\u00f3icos que, \u00e0 falta de lucidez ou de um miser\u00e1vel argumento, partem para a\u00e7\u00f5es violentas e xingamentos sempre que v\u00ea a cor vermelha. <\/p>\n<p>Tudo a ver: j\u00e1 repararam que para fazer um boi (ser irracional, movido por pura raiva) avan\u00e7ar contra os outros s\u00f3 \u00e9 preciso balan\u00e7ar um pano dessa cor?<\/p>\n","protected":false},"excerpt":{"rendered":"<p>Por Dimas Ferreira Posso pregar contra pq pratico: sou contra viol\u00eancia e deseleg\u00e2ncia de qualquer lado&#8230; Acho simplesmente deplor\u00e1vel uma pessoa agredir (ainda que \u201capenas\u201d verbalmente) outra que exp\u00f5e suas prefer\u00eancias.<\/p>\n","protected":false},"author":1,"featured_media":0,"comment_status":"closed","ping_status":"open","sticky":false,"template":"","format":"standard","meta":{"_exactmetrics_skip_tracking":false,"_exactmetrics_sitenote_active":false,"_exactmetrics_sitenote_note":"","_exactmetrics_sitenote_category":0,"jetpack_post_was_ever_published":false,"_jetpack_newsletter_access":"","_jetpack_dont_email_post_to_subs":false,"_jetpack_newsletter_tier_id":0,"_jetpack_memberships_contains_paywalled_content":false,"_jetpack_memberships_contains_paid_content":false,"footnotes":"","jetpack_publicize_message":"","jetpack_publicize_feature_enabled":true,"jetpack_social_post_already_shared":true,"jetpack_social_options":{"image_generator_settings":{"template":"highway","enabled":false},"version":2}},"categories":[1],"tags":[],"class_list":["post-2770","post","type-post","status-publish","format-standard","hentry","category-notas"],"jetpack_publicize_connections":[],"jetpack_sharing_enabled":true,"jetpack_featured_media_url":"","jetpack_shortlink":"https:\/\/wp.me\/p7wKYW-IG","jetpack-related-posts":[],"_links":{"self":[{"href":"http:\/\/blogdalucianaoliveira.com.br\/blog\/wp-json\/wp\/v2\/posts\/2770","targetHints":{"allow":["GET"]}}],"collection":[{"href":"http:\/\/blogdalucianaoliveira.com.br\/blog\/wp-json\/wp\/v2\/posts"}],"about":[{"href":"http:\/\/blogdalucianaoliveira.com.br\/blog\/wp-json\/wp\/v2\/types\/post"}],"author":[{"embeddable":true,"href":"http:\/\/blogdalucianaoliveira.com.br\/blog\/wp-json\/wp\/v2\/users\/1"}],"replies":[{"embeddable":true,"href":"http:\/\/blogdalucianaoliveira.com.br\/blog\/wp-json\/wp\/v2\/comments?post=2770"}],"version-history":[{"count":1,"href":"http:\/\/blogdalucianaoliveira.com.br\/blog\/wp-json\/wp\/v2\/posts\/2770\/revisions"}],"predecessor-version":[{"id":2772,"href":"http:\/\/blogdalucianaoliveira.com.br\/blog\/wp-json\/wp\/v2\/posts\/2770\/revisions\/2772"}],"wp:attachment":[{"href":"http:\/\/blogdalucianaoliveira.com.br\/blog\/wp-json\/wp\/v2\/media?parent=2770"}],"wp:term":[{"taxonomy":"category","embeddable":true,"href":"http:\/\/blogdalucianaoliveira.com.br\/blog\/wp-json\/wp\/v2\/categories?post=2770"},{"taxonomy":"post_tag","embeddable":true,"href":"http:\/\/blogdalucianaoliveira.com.br\/blog\/wp-json\/wp\/v2\/tags?post=2770"}],"curies":[{"name":"wp","href":"https:\/\/api.w.org\/{rel}","templated":true}]}}