{"id":27700,"date":"2020-04-23T14:58:55","date_gmt":"2020-04-23T18:58:55","guid":{"rendered":"http:\/\/blogdalucianaoliveira.com.br\/blog\/?p=27700"},"modified":"2020-04-23T15:23:22","modified_gmt":"2020-04-23T19:23:22","slug":"ro-arrogancia-de-procuradores-do-estado-dificulta-transparencia-do-governo-no-combate-ao-coronavirus","status":"publish","type":"post","link":"http:\/\/blogdalucianaoliveira.com.br\/blog\/2020\/04\/23\/ro-arrogancia-de-procuradores-do-estado-dificulta-transparencia-do-governo-no-combate-ao-coronavirus\/","title":{"rendered":"RO: Arrog\u00e2ncia de Procuradores do Estado dificulta transpar\u00eancia do governo no combate ao coronav\u00edrus"},"content":{"rendered":"\n<figure class=\"wp-block-image\"><img decoding=\"async\" src=\"https:\/\/scontent.fbsb12-1.fna.fbcdn.net\/v\/t1.0-0\/p640x640\/90176462_2915127885214957_3063055944045821952_o.jpg?_nc_cat=104&amp;_nc_sid=8024bb&amp;_nc_eui2=AeFYchxmLK9iLI0KpSM9unNZgoUHh3fl9QyChQeHd-X1DLPDqNVT3DmhWzO52gcyhn9whE9E9TBu3VOwK3gMzCB-&amp;_nc_ohc=UgZ5K389mFcAX81LuL_&amp;_nc_ht=scontent.fbsb12-1.fna&amp;_nc_tp=6&amp;oh=42270ad3860c64012f201eceec940f0e&amp;oe=5EC66043\" alt=\"A imagem pode conter: uma ou mais pessoas\"\/><\/figure>\n\n\n\n<p>No \u00faltimo dia 16, o Minist\u00e9rio P\u00fablico Federal e o Minist\u00e9rio P\u00fablico do Trabalho em Rond\u00f4nia assinaram recomenda\u00e7\u00e3o conjunta ao governo do estado para o combate \u00e0 pandemia da Covid-19.<\/p>\n\n\n\n<p>V\u00e1rias considera\u00e7\u00f5es foram feitas\nsobre a doen\u00e7a e a capacidade do estado no enfrentamento, inclusive amparadas\nem estudo de pesquisador da Universidade Federal de Rond\u00f4nia &nbsp;e nas orienta\u00e7\u00f5es da Organiza\u00e7\u00e3o Mundial de\nSa\u00fade.<\/p>\n\n\n\n<p>A resposta do governo foi a pior\nposs\u00edvel, saiu da Casa Civil assinada pelos procuradores do Estado Horcades\nHugues Uch\u00f4a Sena J\u00fanior e Maxwel Mota de Andrade que integram o Grupo Especial\nde Atendimento da Procuradoria-Geral do Estado.<\/p>\n\n\n\n<!--more-->\n\n\n\n<p>Responderam com arrog\u00e2ncia, prepot\u00eancia e petul\u00e2ncia. <br><\/p>\n\n\n\n<p>Em outras palavras, mandaram\nos procuradores do MPF e MPT procurar o que fazer ao inv\u00e9s de atrapalhar.<\/p>\n\n\n\n<p>&#8220;Diante disso, espera-se\nque o Minist\u00e9rio P\u00fablico Federal tenha a mesma atitude patriota e altru\u00edsta em\najudar o Estado de Rond\u00f4nia no enfrentamento da pandemia em quest\u00e3o ao inv\u00e9s de\napenas solicitar informa\u00e7\u00f5es gen\u00e9ricas e sem qualquer objeto aparente,\ntumultuando, assim, a atua\u00e7\u00e3o dos abnegados servidos p\u00fablicos, os quais deixam\nde atuar em sua atividade fim de combate \u00e0 COVID-19 para promover respostas\ngen\u00e9ricas aos \u00f3rg\u00e3os de controle. Assim, realmente todos os envolvidos estar\u00e3o\natuando de maneira articulada&#8221;.<\/p>\n\n\n\n<p>O que o governo n\u00e3o quer \u00e9\nresponder aos pedidos feitos que s\u00e3o de suma import\u00e2ncia para planejar e\nexecutar as a\u00e7\u00f5es contra o espalhamento da doen\u00e7a.<\/p>\n\n\n\n<p>A recomenda\u00e7\u00e3o do MPF e MPT foi\nassinada por Raphael Luis Pereria Bevilaqua (procurador regional dos Direitos\ndos Cidad\u00e3os), Camilla Holanda Mendes da Rocha (coordenadora regional de\nCombate \u00e0s Irregularidades Trabalhistas na Administra\u00e7\u00e3o P\u00fablica) , Carlos\nAlberto Lopes de Oliveira (vice-procurador-chefe do Minist\u00e9rio P\u00fablico do\nTrabalho) e Gisele Bleggi Cunha (Procuradora da Rep\u00fablica).<\/p>\n\n\n\n<p>Zelosos, pediram: <\/p>\n\n\n\n<p>&#8220;[&#8230;] O MINIST\u00c9RIO\nP\u00daBLICO DO TRABALHO e o MINIST\u00c9RIO P\u00daBLICO FEDERAL, no regular exerc\u00edcio de\nsuas fun\u00e7\u00f5es institucionais, RECOMENDAM ao Senhor Governador de Rond\u00f4nia:<\/p>\n\n\n\n<p>1 &#8211; A apresenta\u00e7\u00e3o, em 48\nhoras, dos estudos que embasaram a libera\u00e7\u00e3o de atividades constantes nos\nDecretos do Estado de Rond\u00f4nia n\u00ba 24.871, 24.887 e n\u00ba 24.919, contemplando os\nimpactos dessas medidas na transmiss\u00e3o do v\u00edrus ap\u00f3s a libera\u00e7\u00e3o da circula\u00e7\u00e3o\nde pessoas (impactos na demanda dos transportes p\u00fablicos coletivos e a poss\u00edvel\nde aglomera\u00e7\u00e3o de pessoas, na identifica\u00e7\u00e3o de casos, no monitoramento de\nsuspeitos, na demanda e disponibilidade de testes, nas barreiras sanit\u00e1rias,\nnas medidas de desinfec\u00e7\u00e3o, na demanda e disponibilidade de leitos e\natendimento de sa\u00fade, entre outras).<\/p>\n\n\n\n<p>1.1Os estudos devem conter\n\u201cevid\u00eancias cient\u00edficas\u201d e \u201can\u00e1lises sobre as informa\u00e7\u00f5es estrat\u00e9gicas em\nsa\u00fade\u201d, exigidas pelo \u00a71\u00ba do art. 3\u00ba da Lei n. 13.979\/2020, em especial\nconsiderando os impactos que poder\u00e3o gerar no n\u00famero de infectados e na\nsitua\u00e7\u00e3o de estrutura hospitalar (material e de pessoal), conforme par\u00e2metros\ndos Boletins Epidemiol\u00f3gicos n. 06 e seguintes, do Centro de Opera\u00e7\u00f5es de\nEmerg\u00eancias em Sa\u00fade P\u00fablica formado no \u00e2mbito da Secretaria de Vigil\u00e2ncia em\nSa\u00fade do Minist\u00e9rio da Sa\u00fade;<\/p>\n\n\n\n<p>2. Que toda e qualquer\nlibera\u00e7\u00e3o de atividade seja precedida da an\u00e1lise da Autoridade Sanit\u00e1ria e\nesteja acompanhada das necess\u00e1rias \u201cevid\u00eancias cient\u00edficas\u201d e \u201can\u00e1lises sobre\nas informa\u00e7\u00f5es estrat\u00e9gicas em sa\u00fade\u201d, exigidas pelo \u00a71\u00ba do art. 3\u00ba da Lei n.\n13.979\/2020, em especial considerando os impactos que poder\u00e1 gerar no n\u00famero de\ninfectados e na situa\u00e7\u00e3o de estrutura hospitalar, dimensionamento das equipes\nde sa\u00fade em atividade e disponibilidade de testes e EPIs, mantendo as medidas\nde distanciamento f\u00edsico enquanto n\u00e3o houver seguran\u00e7a de suporte hospitalar\npara os projetados casos graves, como recomendam os Boletins Epidemiol\u00f3gicos n.\n06 e seguintes, do Centro de Opera\u00e7\u00f5es de Emerg\u00eancias em Sa\u00fade P\u00fablica formado\nno \u00e2mbito da Secretaria de Vigil\u00e2ncia em Sa\u00fade do Minist\u00e9rio da Sa\u00fade, bem como\nprecedida de an\u00e1lise dos impactos na demanda dos transportes p\u00fablicos coletivos\ne na poss\u00edvel de aglomera\u00e7\u00e3o de pessoas;<\/p>\n\n\n\n<p>Do cercadinho bolsonarista veio a ordem de que n\u00e3o sejam encaminhadas futuras recomenda\u00e7\u00f5es e notifica\u00e7\u00f5es\u201d ao governador Marcos Rocha, mas \u201ct\u00e3o somente ao Procurador-Geral da Rep\u00fablica\u201d.<\/p>\n\n\n\n<p>N\u00e3o bastasse o tratamento de\nmenoscabo aos \u00f3rg\u00e3os de controle no estado, \u00e9 flagrante a inten\u00e7\u00e3o do governo\nem negar transpar\u00eancia aos atos que vem praticando contra a Covid-19 que j\u00e1 matou\ncinco pessoas e infectou outras 223, segundo o \u00faltimo boletim di\u00e1rio da Secret\u00e1ria\nEstadual de Sa\u00fade.<\/p>\n\n\n\n<p>As recomenda\u00e7\u00f5es dos Minist\u00e9rios\nP\u00fablico Federal e do Trabalho s\u00e3o fundamentais para responder \u00e0s den\u00fancias que\nest\u00e3o sendo feitas por profissionais da sa\u00fade e \u00e0 baixa testagem no estado.<\/p>\n\n\n\n<p>Se esses \u00f3rg\u00e3os de controle n\u00e3o conseguem obter informa\u00e7\u00f5es e s\u00e3o tratados com desd\u00e9m pelo governo, a sociedade n\u00e3o espere transpar\u00eancia.<\/p>\n\n\n\n<p>Em mat\u00e9ria da assessoria, o Tribunal de Contas do Estado divulgou que segundo a Open Knowledge Brasil (OKBR), organiza\u00e7\u00e3o que atua na \u00e1rea de transpar\u00eancia e abertura de dados p\u00fablicos,  o Estado de Rond\u00f4nia est\u00e1 na \u00faltima classifica\u00e7\u00e3o, com pontua\u00e7\u00e3o 0 e n\u00edvel opaco, no ranking de transpar\u00eancia da Covid-19.<\/p>\n\n\n\n<p>Reveja:  <a href=\"http:\/\/blogdalucianaoliveira.com.br\/blog\/2020\/04\/21\/tce-ro-alerta-o-governo-do-estado-para-que-disponibilize-informacoes-sobre-contratacoes-feitas-devido-a-pandemia-calamidade-publica\/\">http:\/\/blogdalucianaoliveira.com.br\/blog\/2020\/04\/21\/tce-ro-alerta-o-governo-do-estado-para-que-disponibilize-informacoes-sobre-contratacoes-feitas-devido-a-pandemia-calamidade-publica\/<\/a> <br><br>Resposta da PGE: <\/p>\n\n\n\n<figure class=\"wp-block-image size-large\"><img loading=\"lazy\" decoding=\"async\" width=\"828\" height=\"1152\" data-attachment-id=\"27703\" data-permalink=\"http:\/\/blogdalucianaoliveira.com.br\/blog\/2020\/04\/23\/ro-arrogancia-de-procuradores-do-estado-dificulta-transparencia-do-governo-no-combate-ao-coronavirus\/d595054b-9b82-48cd-93c1-e00f40006469\/\" data-orig-file=\"https:\/\/i0.wp.com\/blogdalucianaoliveira.com.br\/blog\/wp-content\/uploads\/2020\/04\/D595054B-9B82-48CD-93C1-E00F40006469.jpeg?fit=828%2C1152\" data-orig-size=\"828,1152\" data-comments-opened=\"0\" data-image-meta=\"{&quot;aperture&quot;:&quot;0&quot;,&quot;credit&quot;:&quot;&quot;,&quot;camera&quot;:&quot;&quot;,&quot;caption&quot;:&quot;&quot;,&quot;created_timestamp&quot;:&quot;0&quot;,&quot;copyright&quot;:&quot;&quot;,&quot;focal_length&quot;:&quot;0&quot;,&quot;iso&quot;:&quot;0&quot;,&quot;shutter_speed&quot;:&quot;0&quot;,&quot;title&quot;:&quot;&quot;,&quot;orientation&quot;:&quot;0&quot;}\" data-image-title=\"D595054B-9B82-48CD-93C1-E00F40006469\" data-image-description=\"\" data-image-caption=\"\" data-medium-file=\"https:\/\/i0.wp.com\/blogdalucianaoliveira.com.br\/blog\/wp-content\/uploads\/2020\/04\/D595054B-9B82-48CD-93C1-E00F40006469.jpeg?fit=216%2C300\" data-large-file=\"https:\/\/i0.wp.com\/blogdalucianaoliveira.com.br\/blog\/wp-content\/uploads\/2020\/04\/D595054B-9B82-48CD-93C1-E00F40006469.jpeg?fit=600%2C835\" src=\"https:\/\/i2.wp.com\/blogdalucianaoliveira.com.br\/blog\/wp-content\/uploads\/2020\/04\/D595054B-9B82-48CD-93C1-E00F40006469.jpeg?fit=600%2C835\" alt=\"\" class=\"wp-image-27703\" srcset=\"https:\/\/i0.wp.com\/blogdalucianaoliveira.com.br\/blog\/wp-content\/uploads\/2020\/04\/D595054B-9B82-48CD-93C1-E00F40006469.jpeg?w=828 828w, https:\/\/i0.wp.com\/blogdalucianaoliveira.com.br\/blog\/wp-content\/uploads\/2020\/04\/D595054B-9B82-48CD-93C1-E00F40006469.jpeg?resize=216%2C300 216w, https:\/\/i0.wp.com\/blogdalucianaoliveira.com.br\/blog\/wp-content\/uploads\/2020\/04\/D595054B-9B82-48CD-93C1-E00F40006469.jpeg?resize=736%2C1024 736w, https:\/\/i0.wp.com\/blogdalucianaoliveira.com.br\/blog\/wp-content\/uploads\/2020\/04\/D595054B-9B82-48CD-93C1-E00F40006469.jpeg?resize=768%2C1069 768w\" sizes=\"auto, (max-width: 600px) 100vw, 600px\" \/><\/figure>\n\n\n\n<figure class=\"wp-block-image size-large\"><img loading=\"lazy\" decoding=\"async\" width=\"828\" height=\"1156\" data-attachment-id=\"27704\" data-permalink=\"http:\/\/blogdalucianaoliveira.com.br\/blog\/2020\/04\/23\/ro-arrogancia-de-procuradores-do-estado-dificulta-transparencia-do-governo-no-combate-ao-coronavirus\/5085dec4-d216-4d93-856b-441e6b67cf59\/\" data-orig-file=\"https:\/\/i0.wp.com\/blogdalucianaoliveira.com.br\/blog\/wp-content\/uploads\/2020\/04\/5085DEC4-D216-4D93-856B-441E6B67CF59.jpeg?fit=828%2C1156\" data-orig-size=\"828,1156\" data-comments-opened=\"0\" data-image-meta=\"{&quot;aperture&quot;:&quot;0&quot;,&quot;credit&quot;:&quot;&quot;,&quot;camera&quot;:&quot;&quot;,&quot;caption&quot;:&quot;&quot;,&quot;created_timestamp&quot;:&quot;0&quot;,&quot;copyright&quot;:&quot;&quot;,&quot;focal_length&quot;:&quot;0&quot;,&quot;iso&quot;:&quot;0&quot;,&quot;shutter_speed&quot;:&quot;0&quot;,&quot;title&quot;:&quot;&quot;,&quot;orientation&quot;:&quot;0&quot;}\" data-image-title=\"5085DEC4-D216-4D93-856B-441E6B67CF59\" data-image-description=\"\" data-image-caption=\"\" data-medium-file=\"https:\/\/i0.wp.com\/blogdalucianaoliveira.com.br\/blog\/wp-content\/uploads\/2020\/04\/5085DEC4-D216-4D93-856B-441E6B67CF59.jpeg?fit=215%2C300\" data-large-file=\"https:\/\/i0.wp.com\/blogdalucianaoliveira.com.br\/blog\/wp-content\/uploads\/2020\/04\/5085DEC4-D216-4D93-856B-441E6B67CF59.jpeg?fit=600%2C838\" src=\"https:\/\/i1.wp.com\/blogdalucianaoliveira.com.br\/blog\/wp-content\/uploads\/2020\/04\/5085DEC4-D216-4D93-856B-441E6B67CF59.jpeg?fit=600%2C838\" alt=\"\" class=\"wp-image-27704\" srcset=\"https:\/\/i0.wp.com\/blogdalucianaoliveira.com.br\/blog\/wp-content\/uploads\/2020\/04\/5085DEC4-D216-4D93-856B-441E6B67CF59.jpeg?w=828 828w, https:\/\/i0.wp.com\/blogdalucianaoliveira.com.br\/blog\/wp-content\/uploads\/2020\/04\/5085DEC4-D216-4D93-856B-441E6B67CF59.jpeg?resize=215%2C300 215w, https:\/\/i0.wp.com\/blogdalucianaoliveira.com.br\/blog\/wp-content\/uploads\/2020\/04\/5085DEC4-D216-4D93-856B-441E6B67CF59.jpeg?resize=733%2C1024 733w, https:\/\/i0.wp.com\/blogdalucianaoliveira.com.br\/blog\/wp-content\/uploads\/2020\/04\/5085DEC4-D216-4D93-856B-441E6B67CF59.jpeg?resize=768%2C1072 768w\" sizes=\"auto, (max-width: 600px) 100vw, 600px\" \/><\/figure>\n\n\n\n<figure class=\"wp-block-image size-large\"><img loading=\"lazy\" decoding=\"async\" width=\"828\" height=\"1155\" data-attachment-id=\"27705\" data-permalink=\"http:\/\/blogdalucianaoliveira.com.br\/blog\/2020\/04\/23\/ro-arrogancia-de-procuradores-do-estado-dificulta-transparencia-do-governo-no-combate-ao-coronavirus\/6defe45a-174b-41c1-bd5a-cbab6ececd4b\/\" data-orig-file=\"https:\/\/i0.wp.com\/blogdalucianaoliveira.com.br\/blog\/wp-content\/uploads\/2020\/04\/6DEFE45A-174B-41C1-BD5A-CBAB6ECECD4B.jpeg?fit=828%2C1155\" data-orig-size=\"828,1155\" data-comments-opened=\"0\" data-image-meta=\"{&quot;aperture&quot;:&quot;0&quot;,&quot;credit&quot;:&quot;&quot;,&quot;camera&quot;:&quot;&quot;,&quot;caption&quot;:&quot;&quot;,&quot;created_timestamp&quot;:&quot;0&quot;,&quot;copyright&quot;:&quot;&quot;,&quot;focal_length&quot;:&quot;0&quot;,&quot;iso&quot;:&quot;0&quot;,&quot;shutter_speed&quot;:&quot;0&quot;,&quot;title&quot;:&quot;&quot;,&quot;orientation&quot;:&quot;0&quot;}\" data-image-title=\"6DEFE45A-174B-41C1-BD5A-CBAB6ECECD4B\" data-image-description=\"\" data-image-caption=\"\" data-medium-file=\"https:\/\/i0.wp.com\/blogdalucianaoliveira.com.br\/blog\/wp-content\/uploads\/2020\/04\/6DEFE45A-174B-41C1-BD5A-CBAB6ECECD4B.jpeg?fit=215%2C300\" data-large-file=\"https:\/\/i0.wp.com\/blogdalucianaoliveira.com.br\/blog\/wp-content\/uploads\/2020\/04\/6DEFE45A-174B-41C1-BD5A-CBAB6ECECD4B.jpeg?fit=600%2C837\" src=\"https:\/\/i0.wp.com\/blogdalucianaoliveira.com.br\/blog\/wp-content\/uploads\/2020\/04\/6DEFE45A-174B-41C1-BD5A-CBAB6ECECD4B.jpeg?fit=600%2C837\" alt=\"\" class=\"wp-image-27705\" srcset=\"https:\/\/i0.wp.com\/blogdalucianaoliveira.com.br\/blog\/wp-content\/uploads\/2020\/04\/6DEFE45A-174B-41C1-BD5A-CBAB6ECECD4B.jpeg?w=828 828w, https:\/\/i0.wp.com\/blogdalucianaoliveira.com.br\/blog\/wp-content\/uploads\/2020\/04\/6DEFE45A-174B-41C1-BD5A-CBAB6ECECD4B.jpeg?resize=215%2C300 215w, https:\/\/i0.wp.com\/blogdalucianaoliveira.com.br\/blog\/wp-content\/uploads\/2020\/04\/6DEFE45A-174B-41C1-BD5A-CBAB6ECECD4B.jpeg?resize=734%2C1024 734w, https:\/\/i0.wp.com\/blogdalucianaoliveira.com.br\/blog\/wp-content\/uploads\/2020\/04\/6DEFE45A-174B-41C1-BD5A-CBAB6ECECD4B.jpeg?resize=768%2C1071 768w\" sizes=\"auto, (max-width: 600px) 100vw, 600px\" \/><\/figure>\n\n\n\n<figure class=\"wp-block-image size-large\"><img loading=\"lazy\" decoding=\"async\" width=\"828\" height=\"1155\" data-attachment-id=\"27706\" data-permalink=\"http:\/\/blogdalucianaoliveira.com.br\/blog\/2020\/04\/23\/ro-arrogancia-de-procuradores-do-estado-dificulta-transparencia-do-governo-no-combate-ao-coronavirus\/77efa477-0811-40ae-92ed-b80e40a0291c\/\" data-orig-file=\"https:\/\/i0.wp.com\/blogdalucianaoliveira.com.br\/blog\/wp-content\/uploads\/2020\/04\/77EFA477-0811-40AE-92ED-B80E40A0291C.jpeg?fit=828%2C1155\" data-orig-size=\"828,1155\" data-comments-opened=\"0\" data-image-meta=\"{&quot;aperture&quot;:&quot;0&quot;,&quot;credit&quot;:&quot;&quot;,&quot;camera&quot;:&quot;&quot;,&quot;caption&quot;:&quot;&quot;,&quot;created_timestamp&quot;:&quot;0&quot;,&quot;copyright&quot;:&quot;&quot;,&quot;focal_length&quot;:&quot;0&quot;,&quot;iso&quot;:&quot;0&quot;,&quot;shutter_speed&quot;:&quot;0&quot;,&quot;title&quot;:&quot;&quot;,&quot;orientation&quot;:&quot;0&quot;}\" data-image-title=\"77EFA477-0811-40AE-92ED-B80E40A0291C\" data-image-description=\"\" data-image-caption=\"\" data-medium-file=\"https:\/\/i0.wp.com\/blogdalucianaoliveira.com.br\/blog\/wp-content\/uploads\/2020\/04\/77EFA477-0811-40AE-92ED-B80E40A0291C.jpeg?fit=215%2C300\" data-large-file=\"https:\/\/i0.wp.com\/blogdalucianaoliveira.com.br\/blog\/wp-content\/uploads\/2020\/04\/77EFA477-0811-40AE-92ED-B80E40A0291C.jpeg?fit=600%2C837\" src=\"https:\/\/i1.wp.com\/blogdalucianaoliveira.com.br\/blog\/wp-content\/uploads\/2020\/04\/77EFA477-0811-40AE-92ED-B80E40A0291C.jpeg?fit=600%2C837\" alt=\"\" class=\"wp-image-27706\" srcset=\"https:\/\/i0.wp.com\/blogdalucianaoliveira.com.br\/blog\/wp-content\/uploads\/2020\/04\/77EFA477-0811-40AE-92ED-B80E40A0291C.jpeg?w=828 828w, https:\/\/i0.wp.com\/blogdalucianaoliveira.com.br\/blog\/wp-content\/uploads\/2020\/04\/77EFA477-0811-40AE-92ED-B80E40A0291C.jpeg?resize=215%2C300 215w, https:\/\/i0.wp.com\/blogdalucianaoliveira.com.br\/blog\/wp-content\/uploads\/2020\/04\/77EFA477-0811-40AE-92ED-B80E40A0291C.jpeg?resize=734%2C1024 734w, https:\/\/i0.wp.com\/blogdalucianaoliveira.com.br\/blog\/wp-content\/uploads\/2020\/04\/77EFA477-0811-40AE-92ED-B80E40A0291C.jpeg?resize=768%2C1071 768w\" sizes=\"auto, (max-width: 600px) 100vw, 600px\" \/><\/figure>\n\n\n\n<figure class=\"wp-block-image size-large\"><img data-recalc-dims=\"1\" loading=\"lazy\" decoding=\"async\" width=\"600\" height=\"446\" data-attachment-id=\"27707\" data-permalink=\"http:\/\/blogdalucianaoliveira.com.br\/blog\/2020\/04\/23\/ro-arrogancia-de-procuradores-do-estado-dificulta-transparencia-do-governo-no-combate-ao-coronavirus\/d9d414e2-ceda-49f9-89ba-e63fdea3c8f4\/\" data-orig-file=\"https:\/\/i0.wp.com\/blogdalucianaoliveira.com.br\/blog\/wp-content\/uploads\/2020\/04\/D9D414E2-CEDA-49F9-89BA-E63FDEA3C8F4.jpeg?fit=828%2C615\" data-orig-size=\"828,615\" data-comments-opened=\"0\" data-image-meta=\"{&quot;aperture&quot;:&quot;0&quot;,&quot;credit&quot;:&quot;&quot;,&quot;camera&quot;:&quot;&quot;,&quot;caption&quot;:&quot;&quot;,&quot;created_timestamp&quot;:&quot;0&quot;,&quot;copyright&quot;:&quot;&quot;,&quot;focal_length&quot;:&quot;0&quot;,&quot;iso&quot;:&quot;0&quot;,&quot;shutter_speed&quot;:&quot;0&quot;,&quot;title&quot;:&quot;&quot;,&quot;orientation&quot;:&quot;0&quot;}\" data-image-title=\"D9D414E2-CEDA-49F9-89BA-E63FDEA3C8F4\" data-image-description=\"\" data-image-caption=\"\" data-medium-file=\"https:\/\/i0.wp.com\/blogdalucianaoliveira.com.br\/blog\/wp-content\/uploads\/2020\/04\/D9D414E2-CEDA-49F9-89BA-E63FDEA3C8F4.jpeg?fit=300%2C223\" data-large-file=\"https:\/\/i0.wp.com\/blogdalucianaoliveira.com.br\/blog\/wp-content\/uploads\/2020\/04\/D9D414E2-CEDA-49F9-89BA-E63FDEA3C8F4.jpeg?fit=600%2C446\" src=\"https:\/\/i0.wp.com\/blogdalucianaoliveira.com.br\/blog\/wp-content\/uploads\/2020\/04\/D9D414E2-CEDA-49F9-89BA-E63FDEA3C8F4.jpeg?resize=600%2C446\" alt=\"\" class=\"wp-image-27707\" srcset=\"https:\/\/i0.wp.com\/blogdalucianaoliveira.com.br\/blog\/wp-content\/uploads\/2020\/04\/D9D414E2-CEDA-49F9-89BA-E63FDEA3C8F4.jpeg?w=828 828w, https:\/\/i0.wp.com\/blogdalucianaoliveira.com.br\/blog\/wp-content\/uploads\/2020\/04\/D9D414E2-CEDA-49F9-89BA-E63FDEA3C8F4.jpeg?resize=300%2C223 300w, https:\/\/i0.wp.com\/blogdalucianaoliveira.com.br\/blog\/wp-content\/uploads\/2020\/04\/D9D414E2-CEDA-49F9-89BA-E63FDEA3C8F4.jpeg?resize=768%2C570 768w, https:\/\/i0.wp.com\/blogdalucianaoliveira.com.br\/blog\/wp-content\/uploads\/2020\/04\/D9D414E2-CEDA-49F9-89BA-E63FDEA3C8F4.jpeg?resize=404%2C300 404w\" sizes=\"auto, (max-width: 600px) 100vw, 600px\" \/><\/figure>\n","protected":false},"excerpt":{"rendered":"<p>No \u00faltimo dia 16, o Minist\u00e9rio P\u00fablico Federal e o Minist\u00e9rio P\u00fablico do Trabalho em Rond\u00f4nia assinaram recomenda\u00e7\u00e3o conjunta ao governo do estado para o combate \u00e0 pandemia da Covid-19. V\u00e1rias considera\u00e7\u00f5es foram feitas sobre a doen\u00e7a e a capacidade do estado no enfrentamento, inclusive amparadas em estudo de pesquisador da Universidade Federal de Rond\u00f4nia&#8230;<a class=\"more-link\" href=\"http:\/\/blogdalucianaoliveira.com.br\/blog\/2020\/04\/23\/ro-arrogancia-de-procuradores-do-estado-dificulta-transparencia-do-governo-no-combate-ao-coronavirus\/\">Continue a leitura <span class=\"meta-nav\">&raquo;<\/span><\/a><\/p>\n","protected":false},"author":1,"featured_media":0,"comment_status":"closed","ping_status":"open","sticky":false,"template":"","format":"standard","meta":{"_exactmetrics_skip_tracking":false,"_exactmetrics_sitenote_active":false,"_exactmetrics_sitenote_note":"","_exactmetrics_sitenote_category":0,"jetpack_post_was_ever_published":false,"_jetpack_newsletter_access":"","_jetpack_dont_email_post_to_subs":false,"_jetpack_newsletter_tier_id":0,"_jetpack_memberships_contains_paywalled_content":false,"_jetpack_memberships_contains_paid_content":false,"footnotes":"","jetpack_publicize_message":"","jetpack_publicize_feature_enabled":true,"jetpack_social_post_already_shared":true,"jetpack_social_options":{"image_generator_settings":{"template":"highway","enabled":false},"version":2}},"categories":[1],"tags":[],"class_list":["post-27700","post","type-post","status-publish","format-standard","hentry","category-notas"],"jetpack_publicize_connections":[],"jetpack_sharing_enabled":true,"jetpack_featured_media_url":"","jetpack_shortlink":"https:\/\/wp.me\/p7wKYW-7cM","jetpack-related-posts":[],"_links":{"self":[{"href":"http:\/\/blogdalucianaoliveira.com.br\/blog\/wp-json\/wp\/v2\/posts\/27700","targetHints":{"allow":["GET"]}}],"collection":[{"href":"http:\/\/blogdalucianaoliveira.com.br\/blog\/wp-json\/wp\/v2\/posts"}],"about":[{"href":"http:\/\/blogdalucianaoliveira.com.br\/blog\/wp-json\/wp\/v2\/types\/post"}],"author":[{"embeddable":true,"href":"http:\/\/blogdalucianaoliveira.com.br\/blog\/wp-json\/wp\/v2\/users\/1"}],"replies":[{"embeddable":true,"href":"http:\/\/blogdalucianaoliveira.com.br\/blog\/wp-json\/wp\/v2\/comments?post=27700"}],"version-history":[{"count":4,"href":"http:\/\/blogdalucianaoliveira.com.br\/blog\/wp-json\/wp\/v2\/posts\/27700\/revisions"}],"predecessor-version":[{"id":27710,"href":"http:\/\/blogdalucianaoliveira.com.br\/blog\/wp-json\/wp\/v2\/posts\/27700\/revisions\/27710"}],"wp:attachment":[{"href":"http:\/\/blogdalucianaoliveira.com.br\/blog\/wp-json\/wp\/v2\/media?parent=27700"}],"wp:term":[{"taxonomy":"category","embeddable":true,"href":"http:\/\/blogdalucianaoliveira.com.br\/blog\/wp-json\/wp\/v2\/categories?post=27700"},{"taxonomy":"post_tag","embeddable":true,"href":"http:\/\/blogdalucianaoliveira.com.br\/blog\/wp-json\/wp\/v2\/tags?post=27700"}],"curies":[{"name":"wp","href":"https:\/\/api.w.org\/{rel}","templated":true}]}}