{"id":27722,"date":"2020-04-24T11:29:31","date_gmt":"2020-04-24T15:29:31","guid":{"rendered":"http:\/\/blogdalucianaoliveira.com.br\/blog\/?p=27722"},"modified":"2020-04-24T11:29:39","modified_gmt":"2020-04-24T15:29:39","slug":"moro-reconhece-que-pt-deu-autonomia-a-pf-e-critica-aparelhamento-da-policia-por-bolsonaro","status":"publish","type":"post","link":"http:\/\/blogdalucianaoliveira.com.br\/blog\/2020\/04\/24\/moro-reconhece-que-pt-deu-autonomia-a-pf-e-critica-aparelhamento-da-policia-por-bolsonaro\/","title":{"rendered":"Moro reconhece que PT deu autonomia \u00e0 PF e critica aparelhamento da pol\u00edcia por Bolsonaro"},"content":{"rendered":"\n<figure class=\"wp-block-image\"><img data-recalc-dims=\"1\" decoding=\"async\" src=\"https:\/\/i0.wp.com\/publisher-publish.s3.eu-central-1.amazonaws.com\/pb-brasil247\/swp\/jtjeq9\/media\/20200424110432_337dfde84dc2a2c60409903c63335e11f84854ada34a5989872c3376cfa1ae4d.jpeg?w=600&#038;ssl=1\" alt=\"Dilma Rousseff, Jair Bolsonaro e S\u00e9rgio Moro\"\/><\/figure>\n\n\n\n<p><strong>247&nbsp;<\/strong>&#8211; No pronunciamento em que anuncia sua sa\u00edda do minist\u00e9rio da Justi\u00e7a do governo de Jair Bolsonaro, Sergio Moro paradoxalmente reconheceu a autonomia possibilitada pelo governo anterior, da ex-presidente Dilma Rousseff, \u00e0s institui\u00e7\u00f5es respons\u00e1veis por investiga\u00e7\u00f5es, como a Pol\u00edcia Federal, assegurando assim o andamento da Lava Jato.<\/p>\n\n\n\n<!--more-->\n\n\n\n<p>\u201cNa Lava Jato, eu sempre tive um receio constante de uma interven\u00e7\u00e3o do Executivo na Pol\u00edcia Federal, como troca de superintendente. Mas isso n\u00e3o aconteceu e foi fundamental a manuten\u00e7\u00e3o da autonomia da PF para que os resultados fossem avan\u00e7ados\u201d, afirmou, no in\u00edcio de sua fala, depois de lamentar o epis\u00f3dio de hoje, em meio \u00e0 pandemia.<\/p>\n\n\n\n<p>Em seguida, ressaltou que houve queda em \u00edndices de criminalidade e da corrup\u00e7\u00e3o, atribuindo isso \u00e0 sua atua\u00e7\u00e3o, no passado, no comando da Lava Jato, e no governo. \u201cMudou o patamar de combate \u00e0 corrup\u00e7\u00e3o no Brasil\u201d. Contou ent\u00e3o novamente a hist\u00f3ria do convite de Bolsonaro para que integrasse a equipe.<\/p>\n\n\n\n<p>\u201cFinal de 2018 recebi convite do ent\u00e3o presidente da Rep\u00fablica eleito Jair Bolsonaro, como j\u00e1 falei publicamente v\u00e1rias vezes, e fui convidado a ser ministro da Justi\u00e7a e da Seguran\u00e7a P\u00fablica. O que foi conversado com o presidente foi que n\u00f3s ter\u00edamos um compromisso com o combate \u00e0 corrup\u00e7\u00e3o, crime organizado e criminalidade violenta. Foi-me prometido carta branca para nomear todos os assessores desses \u00f3rg\u00e3os e da pr\u00f3pria Pol\u00edcia Federal\u201d, recordou.<\/p>\n\n\n\n<p>Moro ent\u00e3o passou a discorrer sobre a interfer\u00eancia de Bolsonaro no comando da PF. \u201cEm todo esse per\u00edodo, tive apoio do presidente Jair Bolsonaro, em outros nem tanto. A partir do segundo semestre do ano passado, passou a haver uma insist\u00eancia de trocar o comando da Pol\u00edcia Federal\u201d, relatou.<\/p>\n\n\n\n<p>\u201cEu respondi que n\u00e3o tinha nenhum problema para trocar, mas disse que preciso de uma causa, como um erro grave. No entanto o que eu vi foi s\u00f3 um trabalho bem feito\u201d, disse. \u201cN\u00e3o era tamb\u00e9m uma quest\u00e3o do nome. Tem outros bons nomes para assumir, outros delegados igualmente competentes\u201d, explicou.<\/p>\n\n\n\n<p>Para Moro, \u201co grande problema seria a viola\u00e7\u00e3o do acordo de que eu teria carta branca, n\u00e3o haveria uma causa e mostraria uma interfer\u00eancia na Pol\u00edcia Federal\u201d. Segundo ele, houve tamb\u00e9m tentativas de troca de outros cargos na Pol\u00edcia Federal \u201csem que fosse apresentada uma justificativa aceit\u00e1vel\u201d.<br><\/p>\n","protected":false},"excerpt":{"rendered":"<p>247&nbsp;&#8211; No pronunciamento em que anuncia sua sa\u00edda do minist\u00e9rio da Justi\u00e7a do governo de Jair Bolsonaro, Sergio Moro paradoxalmente reconheceu a autonomia possibilitada pelo governo anterior, da ex-presidente Dilma Rousseff, \u00e0s institui\u00e7\u00f5es respons\u00e1veis por investiga\u00e7\u00f5es, como a Pol\u00edcia Federal, assegurando assim o andamento da Lava Jato.<\/p>\n","protected":false},"author":1,"featured_media":0,"comment_status":"closed","ping_status":"open","sticky":false,"template":"","format":"standard","meta":{"_exactmetrics_skip_tracking":false,"_exactmetrics_sitenote_active":false,"_exactmetrics_sitenote_note":"","_exactmetrics_sitenote_category":0,"jetpack_post_was_ever_published":false,"_jetpack_newsletter_access":"","_jetpack_dont_email_post_to_subs":false,"_jetpack_newsletter_tier_id":0,"_jetpack_memberships_contains_paywalled_content":false,"_jetpack_memberships_contains_paid_content":false,"footnotes":"","jetpack_publicize_message":"","jetpack_publicize_feature_enabled":true,"jetpack_social_post_already_shared":true,"jetpack_social_options":{"image_generator_settings":{"template":"highway","enabled":false},"version":2}},"categories":[1],"tags":[],"class_list":["post-27722","post","type-post","status-publish","format-standard","hentry","category-notas"],"jetpack_publicize_connections":[],"jetpack_sharing_enabled":true,"jetpack_featured_media_url":"","jetpack_shortlink":"https:\/\/wp.me\/p7wKYW-7d8","jetpack-related-posts":[],"_links":{"self":[{"href":"http:\/\/blogdalucianaoliveira.com.br\/blog\/wp-json\/wp\/v2\/posts\/27722","targetHints":{"allow":["GET"]}}],"collection":[{"href":"http:\/\/blogdalucianaoliveira.com.br\/blog\/wp-json\/wp\/v2\/posts"}],"about":[{"href":"http:\/\/blogdalucianaoliveira.com.br\/blog\/wp-json\/wp\/v2\/types\/post"}],"author":[{"embeddable":true,"href":"http:\/\/blogdalucianaoliveira.com.br\/blog\/wp-json\/wp\/v2\/users\/1"}],"replies":[{"embeddable":true,"href":"http:\/\/blogdalucianaoliveira.com.br\/blog\/wp-json\/wp\/v2\/comments?post=27722"}],"version-history":[{"count":1,"href":"http:\/\/blogdalucianaoliveira.com.br\/blog\/wp-json\/wp\/v2\/posts\/27722\/revisions"}],"predecessor-version":[{"id":27723,"href":"http:\/\/blogdalucianaoliveira.com.br\/blog\/wp-json\/wp\/v2\/posts\/27722\/revisions\/27723"}],"wp:attachment":[{"href":"http:\/\/blogdalucianaoliveira.com.br\/blog\/wp-json\/wp\/v2\/media?parent=27722"}],"wp:term":[{"taxonomy":"category","embeddable":true,"href":"http:\/\/blogdalucianaoliveira.com.br\/blog\/wp-json\/wp\/v2\/categories?post=27722"},{"taxonomy":"post_tag","embeddable":true,"href":"http:\/\/blogdalucianaoliveira.com.br\/blog\/wp-json\/wp\/v2\/tags?post=27722"}],"curies":[{"name":"wp","href":"https:\/\/api.w.org\/{rel}","templated":true}]}}