{"id":27724,"date":"2020-04-24T11:33:21","date_gmt":"2020-04-24T15:33:21","guid":{"rendered":"http:\/\/blogdalucianaoliveira.com.br\/blog\/?p=27724"},"modified":"2020-04-24T11:33:29","modified_gmt":"2020-04-24T15:33:29","slug":"moro-aponta-crime-de-responsabilidade-de-bolsonaro-queria-alguem-na-pf-para-passar-informacoes-sigilosas","status":"publish","type":"post","link":"http:\/\/blogdalucianaoliveira.com.br\/blog\/2020\/04\/24\/moro-aponta-crime-de-responsabilidade-de-bolsonaro-queria-alguem-na-pf-para-passar-informacoes-sigilosas\/","title":{"rendered":"Moro aponta crime de responsabilidade de Bolsonaro: \u201cqueria algu\u00e9m na PF para passar informa\u00e7\u00f5es sigilosas\u201d"},"content":{"rendered":"\n<figure class=\"wp-block-image\"><img data-recalc-dims=\"1\" decoding=\"async\" src=\"https:\/\/i0.wp.com\/publisher-publish.s3.eu-central-1.amazonaws.com\/pb-brasil247\/swp\/jtjeq9\/media\/20200124110140_3e07a2a35072f1311ab2057ecaa972157f27a03ac4415b007d7db6f4c47d852f.jpeg?w=600&#038;ssl=1\" alt=\"Jair Bolsonaro e S\u00e9rgio Moro\"\/><\/figure>\n\n\n\n<p><strong>247\u00a0<\/strong>&#8211; Em pronunciamento \u00e0 imprensa na manh\u00e3 desta sexta-feira 24, Sergio Moro apontou mais um crime de responsabilidade de Jair Bolsonaro, fortalecendo a abertura do caminho para seu impeachment. Segundo Moro, Bolsonaro quis trocar o comando da Pol\u00edcia Federal para obter informa\u00e7\u00f5es sigilosas de investiga\u00e7\u00f5es ligadas \u00e0 sua fam\u00edlia. <\/p>\n\n\n\n<!--more-->\n\n\n\n<p>\u201cO presidente me relatou que queria ter uma indica\u00e7\u00e3o pessoal dele para ter informa\u00e7\u00f5es pessoais. E isso n\u00e3o \u00e9 fun\u00e7\u00e3o da PF\u201d, denunciou Moro. \u201cIsso n\u00e3o \u00e9 fun\u00e7\u00e3o do presidente, ficar se comunicando com Bras\u00edlia para obter informa\u00e7\u00f5es que s\u00e3o sigilosas. Esse \u00e9 um valor fundamental que temos que preservar dentro de um Estado democr\u00e1tico de Direito\u201d, avaliou,&nbsp;<a target=\"_blank\" href=\"https:\/\/www.brasil247.com\/regionais\/brasilia\/moro-reconhece-que-pt-deu-autonomia-a-pf-e-critica-aparelhamento-da-policia-por-bolsonaro\" rel=\"noreferrer noopener\">citando novamente o nome da ex-presidente Dilma Rousseff<\/a>, sobre quem reconheceu ter dado autonomia \u00e0 PF durante a Lava Jato.<\/p>\n\n\n\n<p>&#8220;Falei ao presidente que seria uma interfer\u00eancia politica&#8221; a troca de Valeixo. &#8220;Ele disse que seria mesmo&#8221;, relatou.<\/p>\n\n\n\n<p>\u201cTemos que garantir a autonomia da Pol\u00edcia Federal contra interfer\u00eancias pol\u00edticas\u201d, defendeu Moro. \u201cEle havia me garantido autonomia\u201d, lembrou, sobre Bolsonaro. Moro disse ainda que \u201cpoderia ser alterado o diretor da Pol\u00edcia Federal desde que houvesse uma causa consistente&#8221;, o que n\u00e3o era o caso. &#8220;Ent\u00e3o realmente \u00e9 algo que eu n\u00e3o posso concordar\u201d, refor\u00e7ou.&nbsp;<\/p>\n\n\n\n<p>Antes, Moro explicou que n\u00e3o era verdadeira a vers\u00e3o de que&nbsp;<a target=\"_blank\" href=\"https:\/\/www.brasil247.com\/regionais\/brasilia\/bolsonaro-atropela-moro-e-demite-mauricio-valeixo-da-policia-federal\" rel=\"noreferrer noopener\">Maur\u00edcio Valeixo, demitido da diretoria da PF<\/a>, teria pedido para sair. \u201cH\u00e1 informa\u00e7\u00f5es de que o Valeixo gostaria de sair, mas isso n\u00e3o \u00e9 totalmente verdadeiro. O \u00e1pice da carreira de qualquer delegado \u00e9 o comando da Pol\u00edcia Federal. Depois de tantas press\u00f5es para que ele sa\u00edsse, ele at\u00e9 manifestou a mim que seria melhor sair\u201d, detalhou.<\/p>\n\n\n\n<p>\u201cVou come\u00e7ar a empacotar minhas coisas e dar sequ\u00eancia \u00e0 minha carta de demiss\u00e3o\u201d, concluiu, sendo fortemente aplaudido pelos jornalistas.<\/p>\n","protected":false},"excerpt":{"rendered":"<p>247\u00a0&#8211; Em pronunciamento \u00e0 imprensa na manh\u00e3 desta sexta-feira 24, Sergio Moro apontou mais um crime de responsabilidade de Jair Bolsonaro, fortalecendo a abertura do caminho para seu impeachment. Segundo Moro, Bolsonaro quis trocar o comando da Pol\u00edcia Federal para obter informa\u00e7\u00f5es sigilosas de investiga\u00e7\u00f5es ligadas \u00e0 sua fam\u00edlia.<\/p>\n","protected":false},"author":1,"featured_media":0,"comment_status":"closed","ping_status":"open","sticky":false,"template":"","format":"standard","meta":{"_exactmetrics_skip_tracking":false,"_exactmetrics_sitenote_active":false,"_exactmetrics_sitenote_note":"","_exactmetrics_sitenote_category":0,"jetpack_post_was_ever_published":false,"_jetpack_newsletter_access":"","_jetpack_dont_email_post_to_subs":false,"_jetpack_newsletter_tier_id":0,"_jetpack_memberships_contains_paywalled_content":false,"_jetpack_memberships_contains_paid_content":false,"footnotes":"","jetpack_publicize_message":"","jetpack_publicize_feature_enabled":true,"jetpack_social_post_already_shared":true,"jetpack_social_options":{"image_generator_settings":{"template":"highway","enabled":false},"version":2}},"categories":[1],"tags":[],"class_list":["post-27724","post","type-post","status-publish","format-standard","hentry","category-notas"],"jetpack_publicize_connections":[],"jetpack_sharing_enabled":true,"jetpack_featured_media_url":"","jetpack_shortlink":"https:\/\/wp.me\/p7wKYW-7da","jetpack-related-posts":[],"_links":{"self":[{"href":"http:\/\/blogdalucianaoliveira.com.br\/blog\/wp-json\/wp\/v2\/posts\/27724","targetHints":{"allow":["GET"]}}],"collection":[{"href":"http:\/\/blogdalucianaoliveira.com.br\/blog\/wp-json\/wp\/v2\/posts"}],"about":[{"href":"http:\/\/blogdalucianaoliveira.com.br\/blog\/wp-json\/wp\/v2\/types\/post"}],"author":[{"embeddable":true,"href":"http:\/\/blogdalucianaoliveira.com.br\/blog\/wp-json\/wp\/v2\/users\/1"}],"replies":[{"embeddable":true,"href":"http:\/\/blogdalucianaoliveira.com.br\/blog\/wp-json\/wp\/v2\/comments?post=27724"}],"version-history":[{"count":1,"href":"http:\/\/blogdalucianaoliveira.com.br\/blog\/wp-json\/wp\/v2\/posts\/27724\/revisions"}],"predecessor-version":[{"id":27725,"href":"http:\/\/blogdalucianaoliveira.com.br\/blog\/wp-json\/wp\/v2\/posts\/27724\/revisions\/27725"}],"wp:attachment":[{"href":"http:\/\/blogdalucianaoliveira.com.br\/blog\/wp-json\/wp\/v2\/media?parent=27724"}],"wp:term":[{"taxonomy":"category","embeddable":true,"href":"http:\/\/blogdalucianaoliveira.com.br\/blog\/wp-json\/wp\/v2\/categories?post=27724"},{"taxonomy":"post_tag","embeddable":true,"href":"http:\/\/blogdalucianaoliveira.com.br\/blog\/wp-json\/wp\/v2\/tags?post=27724"}],"curies":[{"name":"wp","href":"https:\/\/api.w.org\/{rel}","templated":true}]}}