{"id":2773,"date":"2016-08-01T11:50:24","date_gmt":"2016-08-01T15:50:24","guid":{"rendered":"http:\/\/blogdalucianaoliveira.com.br\/blog\/?p=2773"},"modified":"2016-08-01T13:00:54","modified_gmt":"2016-08-01T17:00:54","slug":"fora-dilma-x-volta-querida-disputa-machista-leo-moraes-e-os-lobos-minon-confira","status":"publish","type":"post","link":"http:\/\/blogdalucianaoliveira.com.br\/blog\/2016\/08\/01\/fora-dilma-x-volta-querida-disputa-machista-leo-moraes-e-os-lobos-minon-confira\/","title":{"rendered":"Fora Dilma x Volta Querida, disputa machista, L\u00e9o Moraes e os lobos, Minon. Confira!"},"content":{"rendered":"<p><img data-recalc-dims=\"1\" loading=\"lazy\" decoding=\"async\" data-attachment-id=\"2774\" data-permalink=\"http:\/\/blogdalucianaoliveira.com.br\/blog\/2016\/08\/01\/fora-dilma-x-volta-querida-disputa-machista-leo-moraes-e-os-lobos-minon-confira\/img_4300-5\/\" data-orig-file=\"https:\/\/i0.wp.com\/blogdalucianaoliveira.com.br\/blog\/wp-content\/uploads\/2016\/08\/IMG_4300.jpg?fit=1200%2C576\" data-orig-size=\"1200,576\" data-comments-opened=\"0\" data-image-meta=\"{&quot;aperture&quot;:&quot;0&quot;,&quot;credit&quot;:&quot;&quot;,&quot;camera&quot;:&quot;&quot;,&quot;caption&quot;:&quot;&quot;,&quot;created_timestamp&quot;:&quot;0&quot;,&quot;copyright&quot;:&quot;&quot;,&quot;focal_length&quot;:&quot;0&quot;,&quot;iso&quot;:&quot;0&quot;,&quot;shutter_speed&quot;:&quot;0&quot;,&quot;title&quot;:&quot;&quot;,&quot;orientation&quot;:&quot;1&quot;}\" data-image-title=\"IMG_4300\" data-image-description=\"\" data-image-caption=\"\" data-medium-file=\"https:\/\/i0.wp.com\/blogdalucianaoliveira.com.br\/blog\/wp-content\/uploads\/2016\/08\/IMG_4300.jpg?fit=300%2C144\" data-large-file=\"https:\/\/i0.wp.com\/blogdalucianaoliveira.com.br\/blog\/wp-content\/uploads\/2016\/08\/IMG_4300.jpg?fit=600%2C288\" src=\"https:\/\/i0.wp.com\/blogdalucianaoliveira.com.br\/blog\/wp-content\/uploads\/2016\/08\/IMG_4300.jpg?resize=600%2C288\" alt=\"IMG_4300\" width=\"600\" height=\"288\" class=\"alignnone size-full wp-image-2774\" srcset=\"https:\/\/i0.wp.com\/blogdalucianaoliveira.com.br\/blog\/wp-content\/uploads\/2016\/08\/IMG_4300.jpg?w=1200 1200w, https:\/\/i0.wp.com\/blogdalucianaoliveira.com.br\/blog\/wp-content\/uploads\/2016\/08\/IMG_4300.jpg?resize=300%2C144 300w, https:\/\/i0.wp.com\/blogdalucianaoliveira.com.br\/blog\/wp-content\/uploads\/2016\/08\/IMG_4300.jpg?resize=625%2C300 625w\" sizes=\"auto, (max-width: 600px) 100vw, 600px\" \/><\/p>\n<p>TEMER N\u00c3O SE ENXERGA<\/p>\n<p>O presidente interino, Michel Temer, agradeceu o apoio de cerca de 5% dos entrevistados que votariam nele pra presidente, mas diz que n\u00e3o cogita disputar a reelei\u00e7\u00e3o em 2018.<!--more--><\/p>\n<p>Ele teve a coragem de declarar isso, ap\u00f3s o presidente da C\u00e2mara, deputado Rodrigo Maia (DEM-RJ), defender que ele participe da disputa, pois seria o candidato mais forte pra vencer Lula que lidera isoladamente as pesquisas de inten\u00e7\u00e3o de voto para a elei\u00e7\u00e3o presidencial de 2018.<br \/>\nMaia falou isso, porque Michel Temer cresceu de 1% para cerca de 5% nas pesquisas, com a margem de erro, ap\u00f3s dois meses de governo. Caso a aprova\u00e7\u00e3o de seu governo seja boa em 2018, Lula estaria em dificuldades para encarar o interino antip\u00e1tico.<br \/>\nPodem rir \u00e0 vontade. <\/p>\n<p>PROTESTOS NO PA\u00cdS<\/p>\n<p>No \u00faltimo domingo, manifestantes contra a volta da presidente Dilma e contra a perman\u00eancia de Michel Temer foram \u00e0s ruas. Segundo a pol\u00edcia, os manifestantes e o que viram todos os olhos que a terra h\u00e1 de comer, ambos foram menores.<br \/>\nS\u00f3 que o apoio ao governo interino, inegavelmente foi menor. Ao que parece, muitos j\u00e1 n\u00e3o querem ser confundidos com os que pedem cadeia s\u00f3 pra corruptos do PT e que partem para agress\u00f5es verbais e f\u00edsicas contra qualquer pessoa que use vestimenta vermelha ou se declare de esquerda.<br \/>\nDe novo, como sempre, manifestantes de direita, ensandecidos, tentaram impedir a atriz Let\u00edcia Sabatela, ativista contra o golpe, de transitar nas ruas que acham que s\u00e3o donos.<br \/>\nDe novo, como sempre, Bolsonaro e Alexandre Frota ocuparam destaque na manifesta\u00e7\u00e3o da direita.<br \/>\nDe novo, como sempre, grupos com faixas e cartazes pediram interven\u00e7\u00e3o militar para restabelecer a ordem no pa\u00eds. <\/p>\n<p><img data-recalc-dims=\"1\" loading=\"lazy\" decoding=\"async\" data-attachment-id=\"2754\" data-permalink=\"http:\/\/blogdalucianaoliveira.com.br\/blog\/2016\/07\/31\/o-brasil-esta-dividido-um-lado-luta-pela-democracia-e-outro-abriga-defensores-da-ditadura-militar\/image-625\/\" data-orig-file=\"https:\/\/i0.wp.com\/blogdalucianaoliveira.com.br\/blog\/wp-content\/uploads\/2016\/07\/image-176.jpeg?fit=2400%2C2400\" data-orig-size=\"2400,2400\" data-comments-opened=\"0\" data-image-meta=\"{&quot;aperture&quot;:&quot;0&quot;,&quot;credit&quot;:&quot;&quot;,&quot;camera&quot;:&quot;&quot;,&quot;caption&quot;:&quot;&quot;,&quot;created_timestamp&quot;:&quot;0&quot;,&quot;copyright&quot;:&quot;&quot;,&quot;focal_length&quot;:&quot;0&quot;,&quot;iso&quot;:&quot;0&quot;,&quot;shutter_speed&quot;:&quot;0&quot;,&quot;title&quot;:&quot;&quot;,&quot;orientation&quot;:&quot;1&quot;}\" data-image-title=\"image\" data-image-description=\"\" data-image-caption=\"\" data-medium-file=\"https:\/\/i0.wp.com\/blogdalucianaoliveira.com.br\/blog\/wp-content\/uploads\/2016\/07\/image-176.jpeg?fit=300%2C300\" data-large-file=\"https:\/\/i0.wp.com\/blogdalucianaoliveira.com.br\/blog\/wp-content\/uploads\/2016\/07\/image-176.jpeg?fit=600%2C600\" src=\"https:\/\/i0.wp.com\/blogdalucianaoliveira.com.br\/blog\/wp-content\/uploads\/2016\/07\/image-176.jpeg?resize=600%2C600\" alt=\"image\" width=\"600\" height=\"600\" class=\"alignnone size-full wp-image-2754\" srcset=\"https:\/\/i0.wp.com\/blogdalucianaoliveira.com.br\/blog\/wp-content\/uploads\/2016\/07\/image-176.jpeg?w=2400 2400w, https:\/\/i0.wp.com\/blogdalucianaoliveira.com.br\/blog\/wp-content\/uploads\/2016\/07\/image-176.jpeg?resize=150%2C150 150w, https:\/\/i0.wp.com\/blogdalucianaoliveira.com.br\/blog\/wp-content\/uploads\/2016\/07\/image-176.jpeg?resize=300%2C300 300w, https:\/\/i0.wp.com\/blogdalucianaoliveira.com.br\/blog\/wp-content\/uploads\/2016\/07\/image-176.jpeg?w=1200 1200w, https:\/\/i0.wp.com\/blogdalucianaoliveira.com.br\/blog\/wp-content\/uploads\/2016\/07\/image-176.jpeg?w=1800 1800w\" sizes=\"auto, (max-width: 600px) 100vw, 600px\" \/><\/p>\n<p>S\u00d3 HOMENS NA DISPUTA<\/p>\n<p>Em Porto Velho, at\u00e9 agora nenhum candidato a prefeito prestigiou uma mulher como vice. A \u00fanica que se insinuou \u00e0 disputa majorit\u00e1ria, a deputada Mariana Carvalho (PSDB-RO) desistiu sem explica\u00e7\u00f5es convincentes.<br \/>\nAo defender o governo interino criticado por n\u00e3o nomear mulheres aos minist\u00e9rios, a deputada disse que n\u00e3o basta ser mulher para ocupar espa\u00e7os de poder, tem que ter compet\u00eancia.<br \/>\nSer\u00e1 que os candidatos dos partidos que est\u00e3o na disputa pensam como Mariana, que n\u00e3o h\u00e1 uma mulher competente para estar na vitrine da pol\u00edtica?<br \/>\nBom, considerando que o irm\u00e3o da deputada \u00e9 candidato a vereador e n\u00e3o tem no curr\u00edculo uma mega trajet\u00f3ria de sucesso, ao menos n\u00e3o em alguns empreendimentos, o que impera como crit\u00e9rio ao acesso na pol\u00edtica, necessariamente, n\u00e3o \u00e9 a compet\u00eancia.<\/p>\n<p>Talvez, no sil\u00eancio de sua alcova, a deputada compreenda como \u00e9 dif\u00edcil para uma mulher fazer o que deseja.<\/p>\n<p><img data-recalc-dims=\"1\" loading=\"lazy\" decoding=\"async\" data-attachment-id=\"2777\" data-permalink=\"http:\/\/blogdalucianaoliveira.com.br\/blog\/2016\/08\/01\/fora-dilma-x-volta-querida-disputa-machista-leo-moraes-e-os-lobos-minon-confira\/mariana\/\" data-orig-file=\"https:\/\/i0.wp.com\/blogdalucianaoliveira.com.br\/blog\/wp-content\/uploads\/2016\/08\/mariana.jpg?fit=600%2C300\" data-orig-size=\"600,300\" data-comments-opened=\"0\" data-image-meta=\"{&quot;aperture&quot;:&quot;0&quot;,&quot;credit&quot;:&quot;&quot;,&quot;camera&quot;:&quot;&quot;,&quot;caption&quot;:&quot;&quot;,&quot;created_timestamp&quot;:&quot;0&quot;,&quot;copyright&quot;:&quot;&quot;,&quot;focal_length&quot;:&quot;0&quot;,&quot;iso&quot;:&quot;0&quot;,&quot;shutter_speed&quot;:&quot;0&quot;,&quot;title&quot;:&quot;&quot;,&quot;orientation&quot;:&quot;1&quot;}\" data-image-title=\"mariana\" data-image-description=\"\" data-image-caption=\"\" data-medium-file=\"https:\/\/i0.wp.com\/blogdalucianaoliveira.com.br\/blog\/wp-content\/uploads\/2016\/08\/mariana.jpg?fit=300%2C150\" data-large-file=\"https:\/\/i0.wp.com\/blogdalucianaoliveira.com.br\/blog\/wp-content\/uploads\/2016\/08\/mariana.jpg?fit=600%2C300\" src=\"https:\/\/i0.wp.com\/blogdalucianaoliveira.com.br\/blog\/wp-content\/uploads\/2016\/08\/mariana.jpg?resize=600%2C300\" alt=\"mariana\" width=\"600\" height=\"300\" class=\"alignnone size-full wp-image-2777\" srcset=\"https:\/\/i0.wp.com\/blogdalucianaoliveira.com.br\/blog\/wp-content\/uploads\/2016\/08\/mariana.jpg?w=600 600w, https:\/\/i0.wp.com\/blogdalucianaoliveira.com.br\/blog\/wp-content\/uploads\/2016\/08\/mariana.jpg?resize=300%2C150 300w\" sizes=\"auto, (max-width: 600px) 100vw, 600px\" \/><\/p>\n<p>VILHENA SURPREENDE <\/p>\n<p>Reduto sulista considerado machista, o Cone Sul tem sido o para\u00edso das mulheres na pol\u00edtica. Em duas cidades (Vilhena e Chupinguaia), elas despontam como favoritas. Em Cabixi, uma ex-primeira dama tamb\u00e9m pode levar o pleito. Em Colorado do Oeste, a petista Mariley Novaki deve entrar na briga e, em Cerejeiras, a atual vice, Lisete Marth, ser\u00e1 mantida na fun\u00e7\u00e3o. Se s\u00e3o melhores que os homens, a\u00ed o tempo dir\u00e1, mas as garotas da regi\u00e3o com certeza s\u00e3o mais arrojadas&#8230;<\/p>\n<p>ENTRE LOBOS <\/p>\n<p>Outro jovem herdeiro de legado pol\u00edtico, o deputado estadual L\u00e9o Moraes (PTB) teve seu nome confirmado na conven\u00e7\u00e3o do PTB como candidato \u00e0 prefeitura da Capital.<br \/>\nDiferentemente, da deputada  Mariana e do irm\u00e3o dela, L\u00e9o \u00e9 articulado, circula em todos os meios e tanto na C\u00e2mara quanto na Assembleia Legislativa, exerceu mandatos com uma postura propositiva e progressista. \u00c9 um sujeito \u2018maneiro\u2019, que se posiciona na defesa dos Direitos Humanos, da Cultura e milita contra a redu\u00e7\u00e3o da maioridade.<br \/>\nMas&#8230;<br \/>\nO problema \u00e9 a frente partid\u00e1ria que o apoia, formada pelo PP, PRP, PSC e PPS, que de progressistas s\u00f3 t\u00eam a letra na sigla.<br \/>\nSem contar com o l\u00edder do seu partido, o deputado r\u00e9u na A\u00e7\u00e3o Penal 644 que investiga o chamado \u201cEsc\u00e2ndalo das Sanguessugas\u201d, o evang\u00e9lico Nilton Capixaba, ele vem com o apoio dos l\u00edderes partid\u00e1rios e principais articuladores no Congresso, Jair Boslonaro e Marcos Feliciano.<br \/>\nSer\u00e1 que ele consegue manter a personalidade progressista com uma turma dessa?<\/p>\n<p><img data-recalc-dims=\"1\" loading=\"lazy\" decoding=\"async\" data-attachment-id=\"2775\" data-permalink=\"http:\/\/blogdalucianaoliveira.com.br\/blog\/2016\/08\/01\/fora-dilma-x-volta-querida-disputa-machista-leo-moraes-e-os-lobos-minon-confira\/leo_moraes\/\" data-orig-file=\"https:\/\/i0.wp.com\/blogdalucianaoliveira.com.br\/blog\/wp-content\/uploads\/2016\/08\/leo_moraes.jpg?fit=825%2C485\" data-orig-size=\"825,485\" data-comments-opened=\"0\" data-image-meta=\"{&quot;aperture&quot;:&quot;0&quot;,&quot;credit&quot;:&quot;&quot;,&quot;camera&quot;:&quot;&quot;,&quot;caption&quot;:&quot;&quot;,&quot;created_timestamp&quot;:&quot;0&quot;,&quot;copyright&quot;:&quot;&quot;,&quot;focal_length&quot;:&quot;0&quot;,&quot;iso&quot;:&quot;0&quot;,&quot;shutter_speed&quot;:&quot;0&quot;,&quot;title&quot;:&quot;&quot;,&quot;orientation&quot;:&quot;0&quot;}\" data-image-title=\"leo_moraes\" data-image-description=\"\" data-image-caption=\"\" data-medium-file=\"https:\/\/i0.wp.com\/blogdalucianaoliveira.com.br\/blog\/wp-content\/uploads\/2016\/08\/leo_moraes.jpg?fit=300%2C176\" data-large-file=\"https:\/\/i0.wp.com\/blogdalucianaoliveira.com.br\/blog\/wp-content\/uploads\/2016\/08\/leo_moraes.jpg?fit=600%2C353\" src=\"https:\/\/i0.wp.com\/blogdalucianaoliveira.com.br\/blog\/wp-content\/uploads\/2016\/08\/leo_moraes.jpg?resize=600%2C353\" alt=\"leo_moraes\" width=\"600\" height=\"353\" class=\"alignnone size-full wp-image-2775\" srcset=\"https:\/\/i0.wp.com\/blogdalucianaoliveira.com.br\/blog\/wp-content\/uploads\/2016\/08\/leo_moraes.jpg?w=825 825w, https:\/\/i0.wp.com\/blogdalucianaoliveira.com.br\/blog\/wp-content\/uploads\/2016\/08\/leo_moraes.jpg?resize=300%2C176 300w\" sizes=\"auto, (max-width: 600px) 100vw, 600px\" \/><\/p>\n<p>MINON<\/p>\n<p>Come\u00e7a dia 3 e termina dia 7, na comunidade ribeirinha de Nazar\u00e9, em Porto Velho\/RO, a XVII Confer\u00eancia do Comit\u00ea Internacional para uma Nova Museologia\/MINOM.<br \/>\nA escolha foi feita durante a \u00faltima confer\u00eancia do MINOM que aconteceu em Cuba na cidade de La Havana em outubro de 2014.<br \/>\nNazar\u00e9 sediar\u00e1 o primeiro museu ribeirinho do Estado de Rond\u00f4nia que tem como base os pressupostos da museologia social.<br \/>\nA iniciativa parte da comunidade com apoio da Universidade Federal de Rond\u00f4nia por meio do Programa de incentivo a Extens\u00e3o Universit\u00e1ria \u2013 PROEXT que \u00e9 financiado pelo Minist\u00e9rio da Educa\u00e7\u00e3o.<\/p>\n<p><img data-recalc-dims=\"1\" loading=\"lazy\" decoding=\"async\" data-attachment-id=\"2765\" data-permalink=\"http:\/\/blogdalucianaoliveira.com.br\/blog\/2016\/08\/01\/tradicao-cultural-de-meio-seculo-atrai-evento-internacional-ao-distrito-ribeirinho-de-nazare\/image-631\/\" data-orig-file=\"https:\/\/i0.wp.com\/blogdalucianaoliveira.com.br\/blog\/wp-content\/uploads\/2016\/08\/image-2.jpeg?fit=506%2C506\" data-orig-size=\"506,506\" data-comments-opened=\"0\" data-image-meta=\"{&quot;aperture&quot;:&quot;0&quot;,&quot;credit&quot;:&quot;&quot;,&quot;camera&quot;:&quot;&quot;,&quot;caption&quot;:&quot;&quot;,&quot;created_timestamp&quot;:&quot;0&quot;,&quot;copyright&quot;:&quot;&quot;,&quot;focal_length&quot;:&quot;0&quot;,&quot;iso&quot;:&quot;0&quot;,&quot;shutter_speed&quot;:&quot;0&quot;,&quot;title&quot;:&quot;&quot;,&quot;orientation&quot;:&quot;0&quot;}\" data-image-title=\"image\" data-image-description=\"\" data-image-caption=\"\" data-medium-file=\"https:\/\/i0.wp.com\/blogdalucianaoliveira.com.br\/blog\/wp-content\/uploads\/2016\/08\/image-2.jpeg?fit=300%2C300\" data-large-file=\"https:\/\/i0.wp.com\/blogdalucianaoliveira.com.br\/blog\/wp-content\/uploads\/2016\/08\/image-2.jpeg?fit=506%2C506\" src=\"https:\/\/i0.wp.com\/blogdalucianaoliveira.com.br\/blog\/wp-content\/uploads\/2016\/08\/image-2.jpeg?resize=506%2C506\" alt=\"image\" width=\"506\" height=\"506\" class=\"alignnone size-full wp-image-2765\" srcset=\"https:\/\/i0.wp.com\/blogdalucianaoliveira.com.br\/blog\/wp-content\/uploads\/2016\/08\/image-2.jpeg?w=506 506w, https:\/\/i0.wp.com\/blogdalucianaoliveira.com.br\/blog\/wp-content\/uploads\/2016\/08\/image-2.jpeg?resize=150%2C150 150w, https:\/\/i0.wp.com\/blogdalucianaoliveira.com.br\/blog\/wp-content\/uploads\/2016\/08\/image-2.jpeg?resize=300%2C300 300w\" sizes=\"auto, (max-width: 506px) 100vw, 506px\" \/><\/p>\n<p>INFRAERO NEGA \u00c1GUA<\/p>\n<p>Contrariando o compromisso com a sa\u00fade p\u00fablica, a Infraero, que \u00e9 uma empresa p\u00fablica, retirou o bebedouro do Aeroporto Internacional Governador Jorge Teixeira.<br \/>\nN\u00e3o s\u00f3 pessoas em tr\u00e2nsito a\u00e9reo utilizavam a \u00e1gua gratuita, mas os cidad\u00e3os que praticam caminhadas na pista que d\u00e1 acesso ao aeroporto.<br \/>\nEm mat\u00e9ria no site Rondoniaovivo, \u201cO encarregado de Seguran\u00e7a Operacional da INFRAERO em Porto Velho, Juscelino Moraes, explicou que a retirada do bebedouro se deu por dois motivos; um deles o uso indevido.\u201d<br \/>\nQuem quiser se hidratar, ter\u00e1 que comprar \u00e1gua mineral, que no aeroporto \u00e9 mais cara.<br \/>\n&#8220;As pessoas entravam no sagu\u00e3o e lavavam a cabe\u00e7a no local reservado para tomar \u00e1gua. Al\u00e9m disso, uma senhora sempre quebrava o equipamento. Foram tantos os danos que o bebedouro quebrou de vez e n\u00f3s n\u00e3o estamos com or\u00e7amento para comprar outro&#8221;, explicou Moraes.<br \/>\nComo frequentadora do espa\u00e7o, digo que vi v\u00e1rias vezes, os seguran\u00e7as o tempo todo de olho no celular. \u00c9 s\u00f3 colocar pra trabalhar e cuidar do espa\u00e7o comum, que ningu\u00e9m estraga o bebedouro. <\/p>\n<p><img data-recalc-dims=\"1\" loading=\"lazy\" decoding=\"async\" data-attachment-id=\"2776\" data-permalink=\"http:\/\/blogdalucianaoliveira.com.br\/blog\/2016\/08\/01\/fora-dilma-x-volta-querida-disputa-machista-leo-moraes-e-os-lobos-minon-confira\/bebedouro2\/\" data-orig-file=\"https:\/\/i0.wp.com\/blogdalucianaoliveira.com.br\/blog\/wp-content\/uploads\/2016\/08\/bebedouro2.jpg?fit=2048%2C1150\" data-orig-size=\"2048,1150\" data-comments-opened=\"0\" data-image-meta=\"{&quot;aperture&quot;:&quot;0&quot;,&quot;credit&quot;:&quot;&quot;,&quot;camera&quot;:&quot;&quot;,&quot;caption&quot;:&quot;&quot;,&quot;created_timestamp&quot;:&quot;0&quot;,&quot;copyright&quot;:&quot;&quot;,&quot;focal_length&quot;:&quot;0&quot;,&quot;iso&quot;:&quot;0&quot;,&quot;shutter_speed&quot;:&quot;0&quot;,&quot;title&quot;:&quot;&quot;,&quot;orientation&quot;:&quot;0&quot;}\" data-image-title=\"bebedouro2\" data-image-description=\"\" data-image-caption=\"\" data-medium-file=\"https:\/\/i0.wp.com\/blogdalucianaoliveira.com.br\/blog\/wp-content\/uploads\/2016\/08\/bebedouro2.jpg?fit=300%2C168\" data-large-file=\"https:\/\/i0.wp.com\/blogdalucianaoliveira.com.br\/blog\/wp-content\/uploads\/2016\/08\/bebedouro2.jpg?fit=600%2C337\" src=\"https:\/\/i0.wp.com\/blogdalucianaoliveira.com.br\/blog\/wp-content\/uploads\/2016\/08\/bebedouro2.jpg?resize=600%2C337\" alt=\"bebedouro2\" width=\"600\" height=\"337\" class=\"alignnone size-full wp-image-2776\" \/><\/p>\n","protected":false},"excerpt":{"rendered":"<p>TEMER N\u00c3O SE ENXERGA O presidente interino, Michel Temer, agradeceu o apoio de cerca de 5% dos entrevistados que votariam nele pra presidente, mas diz que n\u00e3o cogita disputar a reelei\u00e7\u00e3o em 2018.<\/p>\n","protected":false},"author":1,"featured_media":0,"comment_status":"closed","ping_status":"open","sticky":false,"template":"","format":"standard","meta":{"_exactmetrics_skip_tracking":false,"_exactmetrics_sitenote_active":false,"_exactmetrics_sitenote_note":"","_exactmetrics_sitenote_category":0,"jetpack_post_was_ever_published":false,"_jetpack_newsletter_access":"","_jetpack_dont_email_post_to_subs":false,"_jetpack_newsletter_tier_id":0,"_jetpack_memberships_contains_paywalled_content":false,"_jetpack_memberships_contains_paid_content":false,"footnotes":"","jetpack_publicize_message":"","jetpack_publicize_feature_enabled":true,"jetpack_social_post_already_shared":true,"jetpack_social_options":{"image_generator_settings":{"template":"highway","enabled":false},"version":2}},"categories":[1],"tags":[],"class_list":["post-2773","post","type-post","status-publish","format-standard","hentry","category-notas"],"jetpack_publicize_connections":[],"jetpack_sharing_enabled":true,"jetpack_featured_media_url":"","jetpack_shortlink":"https:\/\/wp.me\/p7wKYW-IJ","jetpack-related-posts":[],"_links":{"self":[{"href":"http:\/\/blogdalucianaoliveira.com.br\/blog\/wp-json\/wp\/v2\/posts\/2773","targetHints":{"allow":["GET"]}}],"collection":[{"href":"http:\/\/blogdalucianaoliveira.com.br\/blog\/wp-json\/wp\/v2\/posts"}],"about":[{"href":"http:\/\/blogdalucianaoliveira.com.br\/blog\/wp-json\/wp\/v2\/types\/post"}],"author":[{"embeddable":true,"href":"http:\/\/blogdalucianaoliveira.com.br\/blog\/wp-json\/wp\/v2\/users\/1"}],"replies":[{"embeddable":true,"href":"http:\/\/blogdalucianaoliveira.com.br\/blog\/wp-json\/wp\/v2\/comments?post=2773"}],"version-history":[{"count":6,"href":"http:\/\/blogdalucianaoliveira.com.br\/blog\/wp-json\/wp\/v2\/posts\/2773\/revisions"}],"predecessor-version":[{"id":2783,"href":"http:\/\/blogdalucianaoliveira.com.br\/blog\/wp-json\/wp\/v2\/posts\/2773\/revisions\/2783"}],"wp:attachment":[{"href":"http:\/\/blogdalucianaoliveira.com.br\/blog\/wp-json\/wp\/v2\/media?parent=2773"}],"wp:term":[{"taxonomy":"category","embeddable":true,"href":"http:\/\/blogdalucianaoliveira.com.br\/blog\/wp-json\/wp\/v2\/categories?post=2773"},{"taxonomy":"post_tag","embeddable":true,"href":"http:\/\/blogdalucianaoliveira.com.br\/blog\/wp-json\/wp\/v2\/tags?post=2773"}],"curies":[{"name":"wp","href":"https:\/\/api.w.org\/{rel}","templated":true}]}}