{"id":27731,"date":"2020-04-24T18:06:41","date_gmt":"2020-04-24T22:06:41","guid":{"rendered":"http:\/\/blogdalucianaoliveira.com.br\/blog\/?p=27731"},"modified":"2020-04-24T18:06:49","modified_gmt":"2020-04-24T22:06:49","slug":"bolsonaro-apelou-ao-mi-mi-mi-contra-acusacoes-de-moro","status":"publish","type":"post","link":"http:\/\/blogdalucianaoliveira.com.br\/blog\/2020\/04\/24\/bolsonaro-apelou-ao-mi-mi-mi-contra-acusacoes-de-moro\/","title":{"rendered":"Bolsonaro apelou ao mi mi mi contra acusa\u00e7\u00f5es de Moro"},"content":{"rendered":"\n<figure class=\"wp-block-image size-large\"><img data-recalc-dims=\"1\" loading=\"lazy\" decoding=\"async\" width=\"600\" height=\"374\" data-attachment-id=\"27732\" data-permalink=\"http:\/\/blogdalucianaoliveira.com.br\/blog\/2020\/04\/24\/bolsonaro-apelou-ao-mi-mi-mi-contra-acusacoes-de-moro\/cf103ef8-9ada-412b-8260-1d66642822b0\/\" data-orig-file=\"https:\/\/i0.wp.com\/blogdalucianaoliveira.com.br\/blog\/wp-content\/uploads\/2020\/04\/CF103EF8-9ADA-412B-8260-1D66642822B0.jpeg?fit=610%2C380\" data-orig-size=\"610,380\" data-comments-opened=\"0\" data-image-meta=\"{&quot;aperture&quot;:&quot;0&quot;,&quot;credit&quot;:&quot;&quot;,&quot;camera&quot;:&quot;&quot;,&quot;caption&quot;:&quot;&quot;,&quot;created_timestamp&quot;:&quot;0&quot;,&quot;copyright&quot;:&quot;&quot;,&quot;focal_length&quot;:&quot;0&quot;,&quot;iso&quot;:&quot;0&quot;,&quot;shutter_speed&quot;:&quot;0&quot;,&quot;title&quot;:&quot;&quot;,&quot;orientation&quot;:&quot;0&quot;}\" data-image-title=\"CF103EF8-9ADA-412B-8260-1D66642822B0\" data-image-description=\"\" data-image-caption=\"\" data-medium-file=\"https:\/\/i0.wp.com\/blogdalucianaoliveira.com.br\/blog\/wp-content\/uploads\/2020\/04\/CF103EF8-9ADA-412B-8260-1D66642822B0.jpeg?fit=300%2C187\" data-large-file=\"https:\/\/i0.wp.com\/blogdalucianaoliveira.com.br\/blog\/wp-content\/uploads\/2020\/04\/CF103EF8-9ADA-412B-8260-1D66642822B0.jpeg?fit=600%2C374\" src=\"https:\/\/i0.wp.com\/blogdalucianaoliveira.com.br\/blog\/wp-content\/uploads\/2020\/04\/CF103EF8-9ADA-412B-8260-1D66642822B0.jpeg?resize=600%2C374\" alt=\"\" class=\"wp-image-27732\" srcset=\"https:\/\/i0.wp.com\/blogdalucianaoliveira.com.br\/blog\/wp-content\/uploads\/2020\/04\/CF103EF8-9ADA-412B-8260-1D66642822B0.jpeg?w=610 610w, https:\/\/i0.wp.com\/blogdalucianaoliveira.com.br\/blog\/wp-content\/uploads\/2020\/04\/CF103EF8-9ADA-412B-8260-1D66642822B0.jpeg?resize=300%2C187 300w, https:\/\/i0.wp.com\/blogdalucianaoliveira.com.br\/blog\/wp-content\/uploads\/2020\/04\/CF103EF8-9ADA-412B-8260-1D66642822B0.jpeg?resize=482%2C300 482w\" sizes=\"auto, (max-width: 600px) 100vw, 600px\" \/><figcaption>eu <\/figcaption><\/figure>\n\n\n\n<p>Sem d\u00favidas a pronunciamento do Moro foi mais interessante que o de Bolsonaro. Mais robusta. <\/p>\n\n\n\n<p>A parte mais picante do que Bolsonaro falou s\u00f3 confirma o que muitos j\u00e1 disseram sobre a gula de poder do Moro. <\/p>\n\n\n\n<p>Bolsonaro disse que Moro teria aceitado a troca do diretor da PF em troca de sua indica\u00e7\u00e3o ao Supremo. <\/p>\n\n\n\n<p>Algu\u00e9m se espanta com essa revela\u00e7\u00e3o? <\/p>\n\n\n\n<!--more-->\n\n\n\n<p>O que \u00e9 isso para um ex-juiz que mandou &#8211; sem provas e interferindo como pode nas investiga\u00e7\u00f5es &#8211; o ex-presidente com maior aprova\u00e7\u00e3o da hist\u00f3ria pra cadeia? <\/p>\n\n\n\n<p>O resto do que Bolsonaro falou foi embroma\u00e7\u00e3o pura! <\/p>\n\n\n\n<p>Enrolou tanto que at\u00e9 falou sobre ter mandado desligar o aquecedor da piscina pra economizar. <\/p>\n\n\n\n<p>A mim, chocou realmente quando comparou a import\u00e2ncia da sua facada com a morte da Marielle. <\/p>\n\n\n\n<p>A gente sabe quem deu a facada nele e por que. <\/p>\n\n\n\n<p>Quem mandou matar Marielle? Ningu\u00e9m sabe.,<\/p>\n\n\n\n<p>Bolsonaro \u00e9 canalha e mit\u00f4mano! <\/p>\n\n\n\n<p>Falou para os trouxas que ainda o apoiar\u00e3o, mesmo com as grav\u00edssimas revela\u00e7\u00f5es do ex-ministro da justi\u00e7a. <\/p>\n\n\n\n<p>Moro foi o primeiro a ser indicado e com superpoderes. <\/p>\n\n\n\n<p>Esperava que com o desgosto Bolsonaro entregasse algo relevante contra Moro capaz de abortar o voo rumo \u00e0 disputa presidencial. <\/p>\n\n\n\n<p>N\u00e3o foi agora. <\/p>\n\n\n\n<p>Mas os dois podem ser investigados se o STF autorizar.<\/p>\n\n\n\n<p>A PGR pediu abertura de inqu\u00e9rito para investigar o que Moro denunciou. <\/p>\n\n\n\n<p>E a\u00ed meus amigos, vai voar caco de cu pra todo lado. <\/p>\n\n\n\n<p>S\u00f3 quero estar viva pra ver Moro e Bolsonaro sendo julgados. <\/p>\n\n\n\n<p>Moro sendo interrogado\u2026<\/p>\n\n\n\n<p>Luiz In\u00e1cio falou. <br>\nLuiz In\u00e1cio avisou.<\/p>\n","protected":false},"excerpt":{"rendered":"<p>Sem d\u00favidas a pronunciamento do Moro foi mais interessante que o de Bolsonaro. Mais robusta. A parte mais picante do que Bolsonaro falou s\u00f3 confirma o que muitos j\u00e1 disseram sobre a gula de poder do Moro. Bolsonaro disse que Moro teria aceitado a troca do diretor da PF em troca de sua indica\u00e7\u00e3o ao&#8230;<a class=\"more-link\" href=\"http:\/\/blogdalucianaoliveira.com.br\/blog\/2020\/04\/24\/bolsonaro-apelou-ao-mi-mi-mi-contra-acusacoes-de-moro\/\">Continue a leitura <span class=\"meta-nav\">&raquo;<\/span><\/a><\/p>\n","protected":false},"author":1,"featured_media":0,"comment_status":"closed","ping_status":"open","sticky":false,"template":"","format":"standard","meta":{"_exactmetrics_skip_tracking":false,"_exactmetrics_sitenote_active":false,"_exactmetrics_sitenote_note":"","_exactmetrics_sitenote_category":0,"jetpack_post_was_ever_published":false,"_jetpack_newsletter_access":"","_jetpack_dont_email_post_to_subs":false,"_jetpack_newsletter_tier_id":0,"_jetpack_memberships_contains_paywalled_content":false,"_jetpack_memberships_contains_paid_content":false,"footnotes":"","jetpack_publicize_message":"","jetpack_publicize_feature_enabled":true,"jetpack_social_post_already_shared":true,"jetpack_social_options":{"image_generator_settings":{"template":"highway","enabled":false},"version":2}},"categories":[1],"tags":[],"class_list":["post-27731","post","type-post","status-publish","format-standard","hentry","category-notas"],"jetpack_publicize_connections":[],"jetpack_sharing_enabled":true,"jetpack_featured_media_url":"","jetpack_shortlink":"https:\/\/wp.me\/p7wKYW-7dh","jetpack-related-posts":[],"_links":{"self":[{"href":"http:\/\/blogdalucianaoliveira.com.br\/blog\/wp-json\/wp\/v2\/posts\/27731","targetHints":{"allow":["GET"]}}],"collection":[{"href":"http:\/\/blogdalucianaoliveira.com.br\/blog\/wp-json\/wp\/v2\/posts"}],"about":[{"href":"http:\/\/blogdalucianaoliveira.com.br\/blog\/wp-json\/wp\/v2\/types\/post"}],"author":[{"embeddable":true,"href":"http:\/\/blogdalucianaoliveira.com.br\/blog\/wp-json\/wp\/v2\/users\/1"}],"replies":[{"embeddable":true,"href":"http:\/\/blogdalucianaoliveira.com.br\/blog\/wp-json\/wp\/v2\/comments?post=27731"}],"version-history":[{"count":1,"href":"http:\/\/blogdalucianaoliveira.com.br\/blog\/wp-json\/wp\/v2\/posts\/27731\/revisions"}],"predecessor-version":[{"id":27733,"href":"http:\/\/blogdalucianaoliveira.com.br\/blog\/wp-json\/wp\/v2\/posts\/27731\/revisions\/27733"}],"wp:attachment":[{"href":"http:\/\/blogdalucianaoliveira.com.br\/blog\/wp-json\/wp\/v2\/media?parent=27731"}],"wp:term":[{"taxonomy":"category","embeddable":true,"href":"http:\/\/blogdalucianaoliveira.com.br\/blog\/wp-json\/wp\/v2\/categories?post=27731"},{"taxonomy":"post_tag","embeddable":true,"href":"http:\/\/blogdalucianaoliveira.com.br\/blog\/wp-json\/wp\/v2\/tags?post=27731"}],"curies":[{"name":"wp","href":"https:\/\/api.w.org\/{rel}","templated":true}]}}