{"id":27734,"date":"2020-04-24T22:21:03","date_gmt":"2020-04-25T02:21:03","guid":{"rendered":"http:\/\/blogdalucianaoliveira.com.br\/blog\/?p=27734"},"modified":"2020-04-24T22:21:08","modified_gmt":"2020-04-25T02:21:08","slug":"em-conversa-com-moro-bolsonaro-usou-inquerito-das-fake-news-para-defender-troca-na-pf","status":"publish","type":"post","link":"http:\/\/blogdalucianaoliveira.com.br\/blog\/2020\/04\/24\/em-conversa-com-moro-bolsonaro-usou-inquerito-das-fake-news-para-defender-troca-na-pf\/","title":{"rendered":"Em conversa com Moro, Bolsonaro usou inqu\u00e9rito das fake news para defender troca na PF"},"content":{"rendered":"\n<figure class=\"wp-block-image\"><img data-recalc-dims=\"1\" decoding=\"async\" src=\"https:\/\/i0.wp.com\/f.i.uol.com.br\/fotografia\/2020\/03\/02\/15831951055e5da3e10b2f3_1583195105_3x2_md.jpg?w=600&#038;ssl=1\" alt=\"Em conversa com Moro, Bolsonaro usou inqu\u00e9rito das fake news para ...\"\/><\/figure>\n\n\n\n<h4 class=\"wp-block-heading\">Mensagens que citam deputados bolsonaristas foram apresentadas por ex-ministro \u00e0 Globo e obtidas pela Folha<\/h4>\n\n\n\n<!--more-->\n\n\n\n<p><strong><a href=\"https:\/\/www1.folha.uol.com.br\/autores\/leandro-colon.shtml\">Leandro Colon<\/a><\/strong><strong><a href=\"https:\/\/www1.folha.uol.com.br\/autores\/ricardo-della-coletta.shtml\">Ricardo Della Coletta<\/a><\/strong><\/p>\n\n\n\n<p>O ex-ministro&nbsp;<a href=\"https:\/\/www1.folha.uol.com.br\/poder\/2020\/04\/ao-anunciar-demissao-moro-critica-interferencia-de-bolsonaro-na-pf-e-destaca-autonomia-em-gestoes-do-pt.shtml\">Sergio Moro<\/a>&nbsp;(Justi\u00e7a) mostrou troca de mensagens com o presidente&nbsp;<a href=\"https:\/\/www1.folha.uol.com.br\/poder\/2020\/04\/bolsonaro-diz-que-autonomia-da-pf-nao-e-soberania-e-que-moro-se-preocupou-mais-com-marielle-do-que-com-facada.shtml\">Jair Bolsonaro<\/a>&nbsp;que indicam que o mandat\u00e1rio queria substituir a dire\u00e7\u00e3o-geral da Pol\u00edcia Federal, entre outros motivos, devido ao&nbsp;<a href=\"https:\/\/www1.folha.uol.com.br\/poder\/2019\/10\/inquerito-controverso-do-stf-avanca-com-apoio-de-pgr-ministros-da-corte-e-governo.shtml\">inqu\u00e9rito das fake news<\/a>&nbsp;que corre no STF (Supremo Tribunal Federal) e que teria como alvo deputados bolsonaristas.<\/p>\n\n\n\n<p>As mensagens foram apresentadas por Moro ao Jornal Nacional, da TV Globo. A&nbsp;<strong>Folha<\/strong>&nbsp;tamb\u00e9m obteve acesso \u00e0s mensagens ap\u00f3s a divulga\u00e7\u00e3o pela emissora.<\/p>\n\n\n\n<p>Moro mostrou ao telejornal uma troca de mensagens por aplicativo em que Bolsonaro lhe envia uma mat\u00e9ria do site O Antagonista intitulada &#8220;PF na cola de 10 a 12 deputados bolsonaristas&#8221;.<\/p>\n\n\n\n<p>Em seguida, o mandat\u00e1rio escreve: &#8220;Mais um motivo para a troca&#8221;, se referindo \u00e0 sua inten\u00e7\u00e3o de&nbsp;<a href=\"https:\/\/www1.folha.uol.com.br\/poder\/2020\/04\/moro-diz-que-nao-assinou-demissao-da-pf-e-viu-como-ofensivo-seu-nome-no-diario-oficial.shtml\">tirar Maur\u00edcio Valeixo<\/a>&nbsp;do comando da corpora\u00e7\u00e3o.<\/p>\n\n\n\n<p>O inqu\u00e9rito citado pela reportagem do site foi aberto para apurar\u00a0<a href=\"https:\/\/www1.folha.uol.com.br\/amp\/poder\/2019\/10\/stf-desmembra-inquerito-de-fake-news-e-ameacas-mas-procuradoria-rejeita-acoes-e-arquiva-casos.shtml\">fake news e amea\u00e7as<\/a>\u00a0contra integrantes da corte.<br><\/p>\n\n\n\n<p>A instaura\u00e7\u00e3o do inqu\u00e9rito&nbsp;<a href=\"https:\/\/www1.folha.uol.com.br\/poder\/2019\/03\/entenda-o-inquerito-do-supremo-contra-fake-news-e-conheca-os-pontos-polemicos.shtml\">foi muito criticada<\/a>&nbsp;pelo fato de a corte ter agido de of\u00edcio, ou seja, ter iniciado uma investiga\u00e7\u00e3o sem ser provocada pela Procuradoria-Geral da Rep\u00fablica, que nem sequer participa das apura\u00e7\u00f5es.<\/p>\n\n\n\n<p>Ainda segundo as mensagens mostradas no JN, Moro responde a Bolsonaro argumentando que a investiga\u00e7\u00e3o n\u00e3o tinha sido pedida por Valeixo.<\/p>\n\n\n\n<figure class=\"wp-block-image\"><img data-recalc-dims=\"1\" decoding=\"async\" src=\"https:\/\/i0.wp.com\/f.i.uol.com.br\/fotografia\/2020\/04\/24\/15877774055ea38f7dcda2d_1587777405_9x16_md.jpg?w=600&#038;ssl=1\" alt=\"Reprodu\u00e7\u00e3o da conversa entre Moro e Bolsonaro no WhatsApp\"\/><figcaption>Reprodu\u00e7\u00e3o da conversa entre Moro e Bolsonaro no WhatsApp &#8211;&nbsp;Reprodu\u00e7\u00e3o<\/figcaption><\/figure>\n\n\n\n<p>&#8220;Este inqu\u00e9rito \u00e9&nbsp;<a href=\"https:\/\/www1.folha.uol.com.br\/poder\/2019\/04\/moraes-rebate-dogde-e-diz-que-nao-ha-respaldo-para-arquivar-inquerito-de-fake-news.shtml\">conduzido pelo ministro Alexandre [de Moraes]<\/a>&nbsp;no STF. Dilig\u00eancias por ele determinadas; quebras por eles determinadas; buscas por ele determinadas. Conversamos em seguida \u00e0s 9h&#8221;, referindo-se a uma reuni\u00e3o que teria com Bolsonaro na manh\u00e3 de quinta (23).<\/p>\n\n\n\n<p>Na noite desta sexta,&nbsp;<a href=\"https:\/\/www1.folha.uol.com.br\/poder\/2020\/04\/apos-acusacao-de-moro-de-interferencia-na-pf-ministro-do-stf-manda-manter-delegados-a-frente-de-apuracao.shtml\">Moraes determinou \u00e0 Pol\u00edcia Federal<\/a>&nbsp;que mantenha \u00e0 frente dos casos os delegados que apuram a propaga\u00e7\u00e3o de not\u00edcias falsas contra a corte e investigam os protestos a favor da ditadura militar.<\/p>\n\n\n\n<p>Al\u00e9m do inqu\u00e9rito das fake news, a decis\u00e3o de Moraes alcan\u00e7a outro inqu\u00e9rito, aberto na ter\u00e7a (21) e que faz refer\u00eancia \u00e0s&nbsp;<a href=\"https:\/\/www1.folha.uol.com.br\/poder\/2020\/04\/moraes-do-stf-atende-pedido-de-aras-e-autoriza-inquerito-para-investigar-atos-pro-golpe.shtml\">manifesta\u00e7\u00f5es do \u00faltimo domingo (19)<\/a>&nbsp;que pediram a interven\u00e7\u00e3o militar e a volta do AI-5.<\/p>\n\n\n\n<p>Moro tamb\u00e9m encaminhou ao telejornal mensagens trocadas com a&nbsp;<a href=\"https:\/\/www1.folha.uol.com.br\/colunas\/monicabergamo\/2020\/04\/por-mais-que-moro-seja-meu-padrinho-como-deputada-da-base-devo-apoiar-bolsonaro-diz-carla-zambelli.shtml\">deputada Carla Zambelli (PSL-SP)<\/a>, uma das mais fi\u00e9is&nbsp;<a href=\"https:\/\/www1.folha.uol.com.br\/poder\/2020\/03\/deputada-bolsonarista-diz-que-governo-tem-aprendido-e-ainda-busca-equilibrio-na-pandemia.shtml\">aliadas de Bolsonaro<\/a>&nbsp;no Congresso Nacional.<\/p>\n\n\n\n<p>As mensagens, segundo o ex-ministro, provam que ele n\u00e3o condicionou aceitar a troca na PF a uma futura indica\u00e7\u00e3o para o STF \u2014<a href=\"https:\/\/www1.folha.uol.com.br\/poder\/2020\/04\/bolsonaro-diz-que-autonomia-da-pf-nao-e-soberania-e-que-moro-se-preocupou-mais-com-marielle-do-que-com-facada.shtml\">acusa\u00e7\u00e3o feita por Bolsonaro<\/a>.<\/p>\n\n\n\n<p>Nas mensagens, Zambelli diz: &#8220;por favor ministro, aceite [Alexandre] Ramagem [diretor da Abin, a Ag\u00eancia Brasileira de Intelig\u00eancia, e&nbsp;<a href=\"https:\/\/www1.folha.uol.com.br\/colunas\/painel\/2020\/04\/secretario-do-df-diz-que-nao-assumira-pf-e-que-escolhido-deve-ser-chefe-da-abin.shtml\">um dos candidatos de Bolsonaro<\/a>&nbsp;para assumir o comando da PF]&#8221;.<\/p>\n\n\n\n<figure class=\"wp-block-image\"><img data-recalc-dims=\"1\" decoding=\"async\" src=\"https:\/\/i0.wp.com\/f.i.uol.com.br\/fotografia\/2020\/04\/24\/15877775385ea39002ced17_1587777538_9x16_md.jpg?w=600&#038;ssl=1\" alt=\"Print da conversa entre Sergio Moro e Carla Zambelli, do Jornal Nacional\"\/><figcaption>Reprodu\u00e7\u00e3o da conversa entre Moro e Carla Zambelli no WhatsApp &#8211;&nbsp;Reprodu\u00e7\u00e3o<\/figcaption><\/figure>\n\n\n\n<p>A deputada continua: &#8220;e v\u00e1 em setembro para o STF. Eu me comprometo a ajudar, a fazer JB [Jair Bolsonaro] prometer&#8221;. Como resposta, Moro escreve que n\u00e3o est\u00e1 \u00e0 venda.<\/p>\n\n\n\n<p>Moro&nbsp;<a href=\"https:\/\/www1.folha.uol.com.br\/poder\/2020\/04\/leia-a-integra-do-discurso-de-despedida-de-moro-e-entenda-ponto-a-ponto.shtml\">deixou o governo nesta sexta<\/a>. A sa\u00edda do ex-ministro teve como pano de fundo a decis\u00e3o do presidente de remover Valeixo da dire\u00e7\u00e3o-geral da Pol\u00edcia Federal.<\/p>\n\n\n\n<p>Na quinta-feira (23), Bolsonaro informou Moro de que tiraria Valeixo do cargo, momento em que o agora ex-ministro resistiu e chegou a pedir demiss\u00e3o do minist\u00e9rio.<\/p>\n\n\n\n<p>Auxiliares palacianos\u00a0<a href=\"https:\/\/www1.folha.uol.com.br\/poder\/2020\/04\/assessores-do-planalto-buscam-solucao-de-consenso-na-pf-para-moro-ficar.shtml\">entraram em campo para tentar reverter o quadro<\/a>, mas a publica\u00e7\u00e3o da demiss\u00e3o de Valeixo no Di\u00e1rio Oficial da Uni\u00e3o na madrugada desta sexta-feira (24) foi considerada a gota d&#8217;\u00e1gua para Moro.<a href=\"javascript:void(0);\"><\/a><br><\/p>\n\n\n\n<p>Ao anunciar sua sa\u00edda do Minist\u00e9rio da Justi\u00e7a, o ex-juiz da Lava Jato&nbsp;<a href=\"https:\/\/www1.folha.uol.com.br\/poder\/2020\/04\/ao-anunciar-demissao-moro-critica-interferencia-de-bolsonaro-na-pf-e-destaca-autonomia-em-gestoes-do-pt.shtml\">afirmou que Bolsonaro<\/a>&nbsp;lhe disse querer trocar o comando da Pol\u00edcia Federal para ter interfer\u00eancia pol\u00edtica sobre o \u00f3rg\u00e3o e para obter relat\u00f3rios de intelig\u00eancia.<\/p>\n\n\n\n<p>Moro argumentou ainda que n\u00e3o concordou com a demiss\u00e3o de Maur\u00edcio Valeixo do posto e que, por isso, decidiu sair do governo.<\/p>\n\n\n\n<p>O ex-ministro tamb\u00e9m afirmou que&nbsp;<a href=\"https:\/\/www1.folha.uol.com.br\/poder\/2020\/04\/moro-diz-que-nao-assinou-demissao-da-pf-e-viu-como-ofensivo-seu-nome-no-diario-oficial.shtml\">ficou sabendo da exonera\u00e7\u00e3o de Valeixo pelo Di\u00e1rio Oficial da Uni\u00e3o<\/a>&nbsp;e que ela n\u00e3o ocorreu a pedido, ao contr\u00e1rio do registrado no documento p\u00fablico.<\/p>\n\n\n\n<p>Bolsonaro respondeu a Moro no fim da tarde desta sexta, em um&nbsp;<a href=\"https:\/\/www1.folha.uol.com.br\/poder\/2020\/04\/bolsonaro-faz-defesa-confusa-e-escorrega-ao-responder-a-moro.shtml\">pronunciamento no Pal\u00e1cio do Planalto<\/a>.<br>Nele, o presidente acusou seu antigo aliado de negociar uma vaga no STF e admitiu interesses pessoais em a\u00e7\u00f5es da Pol\u00edcia Federal.<\/p>\n\n\n\n<p>Bolsonaro afirmou que Moro pediu a ele para que a troca do comando da PF ocorresse em novembro, depois de o ex-juiz ser indicado a uma vaga no STF. &#8220;\u00c9 desmoralizante para um presidente ouvir isso&#8221;, afirmou.<\/p>\n\n\n\n<p>Pelo crit\u00e9rio de aposentadoria compuls\u00f3ria aos 75 anos dos ministros do Supremo, as pr\u00f3ximas vagas ser\u00e3o as de Celso de Mello, em novembro deste ano, e Marco Aur\u00e9lio Mello, em julho de 2021.<\/p>\n\n\n\n<p>Minutos ap\u00f3s o pronunciamento do presidente, Moro negou a acusa\u00e7\u00e3o de Bolsonaro. Ele afirmou em uma rede social que a perman\u00eancia de Valeixo &#8220;nunca foi utilizada como moeda de troca&#8221; para sua nomea\u00e7\u00e3o para o STF.<\/p>\n\n\n\n<p>&#8220;Ali\u00e1s, se fosse esse o meu objetivo, teria concordado ontem com a substitui\u00e7\u00e3o do diretor-geral da PF&#8221;, disse.\u200b<\/p>\n\n\n\n<figure class=\"wp-block-image\"><a href=\"https:\/\/twitter.com\/SF_Moro\"><img data-recalc-dims=\"1\" decoding=\"async\" src=\"https:\/\/i0.wp.com\/pbs.twimg.com\/profile_images\/1113126472225619968\/HOtiwqV9_normal.png?w=600&#038;ssl=1\" alt=\"\"\/><\/a><\/figure>\n\n\n\n<p><a href=\"https:\/\/twitter.com\/SF_Moro\"><strong>Sergio Moro<\/strong><strong>\u2714<\/strong>@SF_Moro<\/a><a href=\"https:\/\/twitter.com\/SF_Moro\/status\/1253793469627326464\"><\/a><\/p>\n\n\n\n<p>A perman\u00eancia do Diretor Geral da PF, Maur\u00edcio Valeixo, nunca foi utilizada como moeda de troca para minha nomea\u00e7\u00e3o para o STF. Ali\u00e1s, se fosse esse o meu objetivo, teria concordado ontem com a substitui\u00e7\u00e3o do Diretor Geral da PF.<a href=\"https:\/\/twitter.com\/intent\/like?tweet_id=1253793469627326464\">249&nbsp;mil<\/a><a href=\"https:\/\/twitter.com\/SF_Moro\/status\/1253793469627326464\">18:10 &#8211; 24 de abr de 2020<\/a><a href=\"https:\/\/support.twitter.com\/articles\/20175256\">Informa\u00e7\u00f5es e privacidade no Twitter Ads<\/a><a href=\"https:\/\/twitter.com\/SF_Moro\/status\/1253793469627326464\">69,3&nbsp;mil pessoas est\u00e3o falando sobre isso<\/a><\/p>\n\n\n\n<p>Em outra mensagem, Moro afirmou: &#8220;De fato, o Diretor da PF Maur\u00edcio Valeixo estava cansado de ser assediado desde agosto do ano passado pelo Presidente para ser substitu\u00eddo. Mas, ontem, n\u00e3o houve qualquer pedido de demiss\u00e3o, nem o decreto de exonera\u00e7\u00e3o passou por mim ou me foi informado&#8221;.<\/p>\n\n\n\n<p>O presidente disse n\u00e3o ter que pedir autoriza\u00e7\u00e3o para trocar um diretor da PF. &#8220;N\u00e3o tenho que pedir autoriza\u00e7\u00e3o para trocar um diretor ou qualquer outro que esteja na pir\u00e2mide hier\u00e1rquica do Executivo.&#8221;<\/p>\n\n\n\n<p>&#8220;Desculpe, senhor ministro, mas o senhor n\u00e3o vai me chamar de mentiroso&#8221;, afirmou Bolsonaro, que n\u00e3o explicou a assinatura de Moro no ato de exonera\u00e7\u00e3o do diretor-geral da PF.<\/p>\n\n\n\n<p>Ap\u00f3s o pronunciamento de Bolsonaro, o Planalto&nbsp;<a href=\"https:\/\/www1.folha.uol.com.br\/poder\/2020\/04\/bolsonaro-admite-erro-e-republica-exoneracao-de-diretor-da-pf-sem-assinatura-de-moro.shtml\">admitiu o erro e republicou<\/a>, em edi\u00e7\u00e3o extra do Di\u00e1rio Oficial, a demiss\u00e3o de Valeixo sem a assinatura eletr\u00f4nica de Moro.<\/p>\n\n\n\n<p>Ainda sobre hierarquia, Bolsonaro disse: &#8220;O dia em que eu tiver que me submeter a um subordinado, deixo de ser presidente da Rep\u00fablica&#8221;.<\/p>\n\n\n\n<p>Bolsonaro admitiu ter cobrado Moro pela investiga\u00e7\u00e3o sobre&nbsp;<a href=\"https:\/\/www1.folha.uol.com.br\/poder\/2019\/09\/boatos-especulacoes-e-fake-news-alimentam-teorias-sobre-facada-em-bolsonaro.shtml\">a facada<\/a>&nbsp;que o presidente, ent\u00e3o candidato, sofreu em setembro de 2018, durante um ato de campanha em Juiz de Fora (MG).<\/p>\n\n\n\n<p>Ao lembrar do atentado, disse que o ex-juiz da Lava Jato n\u00e3o esteve com ele na campanha eleitoral e que n\u00e3o sabe em quem Moro votou no primeiro turno.<\/p>\n\n\n\n<p>Para Bolsonaro, Moro se preocupou mais com o caso do\u00a0<a href=\"https:\/\/www1.folha.uol.com.br\/poder\/2020\/03\/veja-tudo-o-que-se-sabe-sobre-a-morte-de-marielle-dois-anos-depois.shtml\">assassinato da vereadora Marielle Franco<\/a>\u00a0do que com\u00a0<a href=\"https:\/\/www1.folha.uol.com.br\/poder\/2020\/01\/na-cadeia-adelio-se-estabiliza-le-livros-juridicos-e-ganha-apoio-para-transferencia.shtml\">Ad\u00e9lio Bispo<\/a>, autor do atentado a faca.<a href=\"javascript:void(0);\"><\/a><br><\/p>\n\n\n\n<p>O presidente disse ter procurado a Pol\u00edcia Federal quando surgiu a not\u00edcia de que um filho do presidente namorara uma filha do policial reformado&nbsp;<a href=\"https:\/\/www1.folha.uol.com.br\/cotidiano\/2019\/03\/pm-reformado-ronnie-lessa-nunca-pesquisou-por-marielle-diz-advogado.shtml\">Ronnie Lessa<\/a>, preso em mar\u00e7o de 2019 sob suspeita de matar Marielle. Bolsonaro relatou que, \u00e0 \u00e9poca, chamou seu &#8220;filho 04&#8221;,&nbsp;<a href=\"https:\/\/www1.folha.uol.com.br\/mundo\/2019\/07\/na-argentina-bolsonaro-apresenta-filho-mais-novo-como-embaixador-mirim.shtml\">Jair Renan, 22<\/a>, e disse para ele: &#8220;Abre o jogo&#8221;.<\/p>\n\n\n\n<p>No pronunciamento, Bolsonaro declarou ter ouvido do filho que ele havia sa\u00eddo &#8220;com metade do condom\u00ednio&#8221;. Para o mandat\u00e1rio, a inten\u00e7\u00e3o da pol\u00edcia era mostrar que ele tinha rela\u00e7\u00f5es familiares com Lessa. Foi ent\u00e3o que o presidente interferiu no trabalho da PF.<\/p>\n\n\n\n<p>&#8220;E a\u00ed eu fiz um pedido para a Pol\u00edcia Federal, quase com um &#8216;por favor&#8217;: chegue em Mossor\u00f3 e interrogue o ex-sargento. Foram l\u00e1, a PF fez o seu trabalho, interrogou e est\u00e1 comigo a c\u00f3pia do interrogat\u00f3rio, onde ele diz simplesmente o seguinte: a minha filha nunca namorou o filho do presidente Jair Bolsonaro, a minha filha sempre morou nos Estados Unidos&#8221;, relatou Bolsonaro.<\/p>\n\n\n\n<p>&#8220;Mas eu \u00e9 que tenho que correr atr\u00e1s disso? Ou \u00e9 o ministro? N\u00e3o \u00e9 a Pol\u00edcia Federal que tem que se interessar? N\u00e3o \u00e9 para me blindar porque eu n\u00e3o estou em busca de um crime&#8221;, disse o presidente.\u200b<\/p>\n\n\n\n<p>Bolsonaro declarou ainda que Moro,&nbsp;<a href=\"https:\/\/www1.folha.uol.com.br\/poder\/2018\/11\/moro-antecipa-saida-da-justica-e-exoneracao-e-assinada-por-presidente-do-trf-4.shtml\">como juiz da Lava Jato<\/a>, era &#8220;um \u00eddolo&#8221;. Para ele, contudo, Moro tem compromisso com seu ego. Relembrou&nbsp;<a href=\"https:\/\/www1.folha.uol.com.br\/poder\/2018\/10\/bolsonaro-ficou-chateado-com-moro-ao-ser-ignorado-por-ele-em-aeroporto-em-2017.shtml\">o epis\u00f3dio do aeroporto, em 2017<\/a>, quando o ent\u00e3o juiz n\u00e3o lhe deu aten\u00e7\u00e3o no terminal de Bras\u00edlia.<\/p>\n\n\n\n<p>O presidente ressaltou que confiava em Moro e que nunca esteve contra a Opera\u00e7\u00e3o Lava Jato. E refor\u00e7ou que as nomea\u00e7\u00f5es de seu governo n\u00e3o s\u00e3o feitas de forma partid\u00e1ria.<\/p>\n","protected":false},"excerpt":{"rendered":"<p>Mensagens que citam deputados bolsonaristas foram apresentadas por ex-ministro \u00e0 Globo e obtidas pela Folha<\/p>\n","protected":false},"author":1,"featured_media":0,"comment_status":"closed","ping_status":"open","sticky":false,"template":"","format":"standard","meta":{"_exactmetrics_skip_tracking":false,"_exactmetrics_sitenote_active":false,"_exactmetrics_sitenote_note":"","_exactmetrics_sitenote_category":0,"jetpack_post_was_ever_published":false,"_jetpack_newsletter_access":"","_jetpack_dont_email_post_to_subs":false,"_jetpack_newsletter_tier_id":0,"_jetpack_memberships_contains_paywalled_content":false,"_jetpack_memberships_contains_paid_content":false,"footnotes":"","jetpack_publicize_message":"","jetpack_publicize_feature_enabled":true,"jetpack_social_post_already_shared":true,"jetpack_social_options":{"image_generator_settings":{"template":"highway","enabled":false},"version":2}},"categories":[1],"tags":[53],"class_list":["post-27734","post","type-post","status-publish","format-standard","hentry","category-notas","tag-bolsonaro"],"jetpack_publicize_connections":[],"jetpack_sharing_enabled":true,"jetpack_featured_media_url":"","jetpack_shortlink":"https:\/\/wp.me\/p7wKYW-7dk","jetpack-related-posts":[],"_links":{"self":[{"href":"http:\/\/blogdalucianaoliveira.com.br\/blog\/wp-json\/wp\/v2\/posts\/27734","targetHints":{"allow":["GET"]}}],"collection":[{"href":"http:\/\/blogdalucianaoliveira.com.br\/blog\/wp-json\/wp\/v2\/posts"}],"about":[{"href":"http:\/\/blogdalucianaoliveira.com.br\/blog\/wp-json\/wp\/v2\/types\/post"}],"author":[{"embeddable":true,"href":"http:\/\/blogdalucianaoliveira.com.br\/blog\/wp-json\/wp\/v2\/users\/1"}],"replies":[{"embeddable":true,"href":"http:\/\/blogdalucianaoliveira.com.br\/blog\/wp-json\/wp\/v2\/comments?post=27734"}],"version-history":[{"count":1,"href":"http:\/\/blogdalucianaoliveira.com.br\/blog\/wp-json\/wp\/v2\/posts\/27734\/revisions"}],"predecessor-version":[{"id":27735,"href":"http:\/\/blogdalucianaoliveira.com.br\/blog\/wp-json\/wp\/v2\/posts\/27734\/revisions\/27735"}],"wp:attachment":[{"href":"http:\/\/blogdalucianaoliveira.com.br\/blog\/wp-json\/wp\/v2\/media?parent=27734"}],"wp:term":[{"taxonomy":"category","embeddable":true,"href":"http:\/\/blogdalucianaoliveira.com.br\/blog\/wp-json\/wp\/v2\/categories?post=27734"},{"taxonomy":"post_tag","embeddable":true,"href":"http:\/\/blogdalucianaoliveira.com.br\/blog\/wp-json\/wp\/v2\/tags?post=27734"}],"curies":[{"name":"wp","href":"https:\/\/api.w.org\/{rel}","templated":true}]}}