{"id":27736,"date":"2020-04-24T22:25:56","date_gmt":"2020-04-25T02:25:56","guid":{"rendered":"http:\/\/blogdalucianaoliveira.com.br\/blog\/?p=27736"},"modified":"2020-04-24T22:26:03","modified_gmt":"2020-04-25T02:26:03","slug":"stf-forma-maioria-para-declarar-inconstitucional-lei-que-veta-discussao-de-genero-nas-escolas","status":"publish","type":"post","link":"http:\/\/blogdalucianaoliveira.com.br\/blog\/2020\/04\/24\/stf-forma-maioria-para-declarar-inconstitucional-lei-que-veta-discussao-de-genero-nas-escolas\/","title":{"rendered":"STF forma maioria para declarar inconstitucional lei que veta discuss\u00e3o de g\u00eanero nas escolas"},"content":{"rendered":"\n<figure class=\"wp-block-image\"><img data-recalc-dims=\"1\" height=\"318\" width=\"600\" decoding=\"async\" src=\"https:\/\/i0.wp.com\/www.fatosrecentes.com.br\/wp-content\/uploads\/2020\/04\/STF-forma-maioria-para-declarar-inconstitucional-lei-que-veta-discuss%25C3%25A3o-1210x642.jpg?resize=600%2C318&#038;ssl=1\" alt=\"STF forma maioria para declarar inconstitucional lei que veta ...\"\/><\/figure>\n\n\n\n<h4 class=\"wp-block-heading\">Nove ministros acompanham relator, Alexandre de Moraes, sobre lei de Nova Gama (GO) que proibia a chamada &#8216;ideologia de g\u00eanero&#8217;<\/h4>\n\n\n\n<!--more-->\n\n\n\n<p><strong><a href=\"https:\/\/www1.folha.uol.com.br\/autores\/paulo-saldana.shtml\">Paulo Salda\u00f1a<\/a><\/strong>, na FSP<\/p>\n\n\n\n<p>A maioria dos ministros do STF (Supremo Tribunal Federal) se posicionou contra uma lei municipal que veta a discuss\u00e3o de g\u00eanero em escolas.<\/p>\n\n\n\n<p>Os ministros declararam inconstitucional uma lei de Nova Gama (GO) sobre a chamada&nbsp;<a href=\"https:\/\/www1.folha.uol.com.br\/cotidiano\/2018\/10\/saiba-como-surgiu-o-termo-ideologia-de-genero.shtml\">&#8220;ideologia de g\u00eanero&#8221;<\/a>.<\/p>\n\n\n\n<p>O Supremo julga desde sexta-feira (17), em sess\u00e3o virtual, uma ADPF (argui\u00e7\u00e3o de descumprimento de preceito fundamental) proposta pela PGR (Procuradoria-Geral da Rep\u00fablica), a lei de 2015.<\/p>\n\n\n\n<p>A an\u00e1lise da legisla\u00e7\u00e3o municipal dever\u00e1 ser encerrada \u00e0s 23h59 desta sexta (24).<\/p>\n\n\n\n<p>Pela lei questionada, \u00e9 proibido &#8220;material com informa\u00e7\u00f5es de ideologia de g\u00eanero&#8221; nas escolas de Nova Gama.<\/p>\n\n\n\n<p>A express\u00e3o &#8220;ideologia de g\u00eanero&#8221; n\u00e3o \u00e9 reconhecida no universo educacional. \u00c9 usada por grupos conservadores e religiosos contr\u00e1rios ao debate sobre diversidade sexual e identidade de g\u00eanero.<br><\/p>\n\n\n\n<p>O combate a abordagens de g\u00eanero ganhou for\u00e7a no Brasil com o movimento chamado&nbsp;<a href=\"https:\/\/www1.folha.uol.com.br\/educacao\/2019\/10\/escola-sem-partido-divulga-fotos-de-menores-para-criticar-suposta-lavagem-cerebral.shtml\">Escola Sem Partido<\/a>&nbsp;e tamb\u00e9m por iniciativas legislativas ligadas a grupos bolsonaristas.<\/p>\n\n\n\n<p>O relator da a\u00e7\u00e3o no Supremo, ministro Alexandre de Moraes, concordou com o entendimento da PGR de que a lei viola de modo &#8220;formal e material&#8221; princ\u00edpios e dispositivos constitucionais.<\/p>\n\n\n\n<p>At\u00e9 as 22h45 desta sexta, 9 dos 11 ministros haviam seguido o relator: Ricardo Lewandowski, Celso de Mello, C\u00e1rmen L\u00facia, Dias Toffoli, Marco Aur\u00e9lio, Luiz Fux, Rosa Weber, Lu\u00eds Roberto Barroso e Edson Fachin (que acompanhou com ressalvas).<\/p>\n\n\n\n<p>O ministro Gilmar Mendes ainda n\u00e3o havia votado.<\/p>\n\n\n\n<p>\u200bSegundo a PGR, a lei do munic\u00edpio goiano fere, entre outros pontos, o direito \u00e0 igualdade, a&nbsp;<a href=\"https:\/\/www1.folha.uol.com.br\/ilustrissima\/2019\/05\/estado-laico-de-hoje-esta-mais-atento-ao-pluralismo-religioso.shtml\">laicidade do Estado<\/a>, a compet\u00eancia privativa da Uni\u00e3o para legislar sobre diretrizes e bases da educa\u00e7\u00e3o nacional, o direito \u00e0 liberdade de aprender, ensinar, pesquisar e divulgar o pensamento.<\/p>\n\n\n\n<p>&#8220;Somente na publica\u00e7\u00e3o do ac\u00f3rd\u00e3o vamos saber os detalhes da decis\u00e3o dos ministros e de como ser\u00e1 sua aplica\u00e7\u00e3o em outros casos de legisla\u00e7\u00e3o antig\u00eanero existentes no pa\u00eds&#8221;, disse Denise Carreira, da A\u00e7\u00e3o Educativa, que integra grupo de organiza\u00e7\u00f5es e redes de sociedade civil ativas no combate a legisla\u00e7\u00f5es inspiradas no Escola Sem Partido.<\/p>\n\n\n\n<p>&#8220;A decis\u00e3o cria uma jurisprud\u00eancia qualificada e poderosa contra qualquer legisla\u00e7\u00e3o que crie barreiras para o debate de g\u00eanero na educa\u00e7\u00e3o&#8221;, afirmou.<\/p>\n\n\n\n<p>Para Carreira, o posicionamento do Supremo significa &#8220;uma vit\u00f3ria de todos os que lutam pelo direito \u00e0 educa\u00e7\u00e3o de qualidade no pa\u00eds, contra o obscurantismo, a ignor\u00e2ncia, a censura, as persegui\u00e7\u00f5es \u00e0s profissionais de educa\u00e7\u00e3o, contra a discrimina\u00e7\u00e3o e a viol\u00eancia vivida por meninas, mulheres e popula\u00e7\u00e3o LGBT [l\u00e9sbicas, gays, bissexuais e transg\u00eaneros]&#8221;.<\/p>\n\n\n\n<p>Em fevereiro, Moraes j\u00e1 havia suspendido por liminar (decis\u00e3o tempor\u00e1ria) a lei de Nova Gama.<\/p>\n\n\n\n<p>A ordem foi baseada no entendimento de que n\u00e3o cabe aos munic\u00edpios legislar sobre assuntos vinculados a diretrizes e bases da educa\u00e7\u00e3o nacional, responsabilidade da Uni\u00e3o.<\/p>\n\n\n\n<p>&#8220;Colocando de lado, nesse primeiro momento, a quest\u00e3o, por si s\u00f3 tormentosa e de grande relev\u00e2ncia constitucional, a respeito da identifica\u00e7\u00e3o das quest\u00f5es de g\u00eanero, importa real\u00e7ar que a proibi\u00e7\u00e3o de divulga\u00e7\u00e3o de conte\u00fados na atividade de ensino em estabelecimentos educacionais implica inger\u00eancia expl\u00edcita do Poder Legislativo municipal no curr\u00edculo pedag\u00f3gico ministrado por institui\u00e7\u00f5es de ensino vinculados ao Sistema Nacional de Educa\u00e7\u00e3o&#8221;, escreveu Moraes na decis\u00e3o provis\u00f3ria.<\/p>\n\n\n\n<p>A ADPF 457 \u00e9 uma das 15 a\u00e7\u00f5es no Supremo que tratam de conte\u00fados relacionados \u00e0s propostas do movimento&nbsp;<a href=\"https:\/\/www1.folha.uol.com.br\/educacao\/2018\/12\/festas-em-familia-prepare-se-para-discutir-o-escola-sem-partido.shtml\">Escola Sem Partido<\/a>.<\/p>\n\n\n\n<p>Tr\u00eas delas se referem a uma lei de Alagoas que instituiu a chamada &#8220;Escola Livre&#8221;. Tamb\u00e9m inspirada no Escola Sem Partido, a legisla\u00e7\u00e3o est\u00e1 suspensa desde 2017 por liminar de Barroso.<\/p>\n\n\n\n<p>Segundo levantamento mais recente do Movimento Educa\u00e7\u00e3o Democr\u00e1tica, de agosto de 2019, h\u00e1 o registro de 121 projetos de leis vinculados ao Escola sem Partido nos legislativos municipais e estaduais de todo o pa\u00eds.<\/p>\n\n\n\n<p>Foi em 2014 que os filhos pol\u00edticos do presidente Jair Bolsonaro (sem partido) apresentaram, no Rio de Janeiro, os primeiros projetos de lei para criar Escola Sem Partido: Flavio Bolsonaro fez a proposta na Assembleia Legislativa, e Carlos Bolsonaro, na C\u00e2mara Municipal.<\/p>\n\n\n\n<p>\u200bSegundo estudiosos, a abordagem educacional sobre quest\u00f5es de g\u00eanero pode colaborar com o combate de problemas como gravidez na adolesc\u00eancia, viol\u00eancia contra mulher, machismo e homofobia.<\/p>\n\n\n\n<p>A igualdade de g\u00eanero \u00e9 um dos 17 Objetivos de Desenvolvimento Sustent\u00e1vel das Na\u00e7\u00f5es Unidas.<\/p>\n\n\n\n<p>De acordo com pesquisadores, o pr\u00f3prio termo &#8220;ideologia do g\u00eanero&#8221; foi gestado entre os que atacam essas discuss\u00f5es. N\u00e3o h\u00e1 entre educadores, portanto, quem defenda uma ideologia.<\/p>\n","protected":false},"excerpt":{"rendered":"<p>Nove ministros acompanham relator, Alexandre de Moraes, sobre lei de Nova Gama (GO) que proibia a chamada &#8216;ideologia de g\u00eanero&#8217;<\/p>\n","protected":false},"author":1,"featured_media":0,"comment_status":"closed","ping_status":"open","sticky":false,"template":"","format":"standard","meta":{"_exactmetrics_skip_tracking":false,"_exactmetrics_sitenote_active":false,"_exactmetrics_sitenote_note":"","_exactmetrics_sitenote_category":0,"jetpack_post_was_ever_published":false,"_jetpack_newsletter_access":"","_jetpack_dont_email_post_to_subs":false,"_jetpack_newsletter_tier_id":0,"_jetpack_memberships_contains_paywalled_content":false,"_jetpack_memberships_contains_paid_content":false,"footnotes":"","jetpack_publicize_message":"","jetpack_publicize_feature_enabled":true,"jetpack_social_post_already_shared":true,"jetpack_social_options":{"image_generator_settings":{"template":"highway","enabled":false},"version":2}},"categories":[1],"tags":[],"class_list":["post-27736","post","type-post","status-publish","format-standard","hentry","category-notas"],"jetpack_publicize_connections":[],"jetpack_sharing_enabled":true,"jetpack_featured_media_url":"","jetpack_shortlink":"https:\/\/wp.me\/p7wKYW-7dm","jetpack-related-posts":[],"_links":{"self":[{"href":"http:\/\/blogdalucianaoliveira.com.br\/blog\/wp-json\/wp\/v2\/posts\/27736","targetHints":{"allow":["GET"]}}],"collection":[{"href":"http:\/\/blogdalucianaoliveira.com.br\/blog\/wp-json\/wp\/v2\/posts"}],"about":[{"href":"http:\/\/blogdalucianaoliveira.com.br\/blog\/wp-json\/wp\/v2\/types\/post"}],"author":[{"embeddable":true,"href":"http:\/\/blogdalucianaoliveira.com.br\/blog\/wp-json\/wp\/v2\/users\/1"}],"replies":[{"embeddable":true,"href":"http:\/\/blogdalucianaoliveira.com.br\/blog\/wp-json\/wp\/v2\/comments?post=27736"}],"version-history":[{"count":1,"href":"http:\/\/blogdalucianaoliveira.com.br\/blog\/wp-json\/wp\/v2\/posts\/27736\/revisions"}],"predecessor-version":[{"id":27737,"href":"http:\/\/blogdalucianaoliveira.com.br\/blog\/wp-json\/wp\/v2\/posts\/27736\/revisions\/27737"}],"wp:attachment":[{"href":"http:\/\/blogdalucianaoliveira.com.br\/blog\/wp-json\/wp\/v2\/media?parent=27736"}],"wp:term":[{"taxonomy":"category","embeddable":true,"href":"http:\/\/blogdalucianaoliveira.com.br\/blog\/wp-json\/wp\/v2\/categories?post=27736"},{"taxonomy":"post_tag","embeddable":true,"href":"http:\/\/blogdalucianaoliveira.com.br\/blog\/wp-json\/wp\/v2\/tags?post=27736"}],"curies":[{"name":"wp","href":"https:\/\/api.w.org\/{rel}","templated":true}]}}