{"id":27738,"date":"2020-04-25T07:23:40","date_gmt":"2020-04-25T11:23:40","guid":{"rendered":"http:\/\/blogdalucianaoliveira.com.br\/blog\/?p=27738"},"modified":"2020-04-25T07:23:48","modified_gmt":"2020-04-25T11:23:48","slug":"haddad-fora-bolsonaro-mas-tambem-fora-moro","status":"publish","type":"post","link":"http:\/\/blogdalucianaoliveira.com.br\/blog\/2020\/04\/25\/haddad-fora-bolsonaro-mas-tambem-fora-moro\/","title":{"rendered":"Haddad: Fora Bolsonaro, mas tamb\u00e9m Fora Moro"},"content":{"rendered":"\n<figure class=\"wp-block-image size-large\"><img data-recalc-dims=\"1\" loading=\"lazy\" decoding=\"async\" width=\"600\" height=\"374\" data-attachment-id=\"27739\" data-permalink=\"http:\/\/blogdalucianaoliveira.com.br\/blog\/2020\/04\/25\/haddad-fora-bolsonaro-mas-tambem-fora-moro\/image-65-4\/\" data-orig-file=\"https:\/\/i0.wp.com\/blogdalucianaoliveira.com.br\/blog\/wp-content\/uploads\/2020\/04\/image-65.jpeg?fit=610%2C380\" data-orig-size=\"610,380\" data-comments-opened=\"0\" data-image-meta=\"{&quot;aperture&quot;:&quot;0&quot;,&quot;credit&quot;:&quot;&quot;,&quot;camera&quot;:&quot;&quot;,&quot;caption&quot;:&quot;&quot;,&quot;created_timestamp&quot;:&quot;0&quot;,&quot;copyright&quot;:&quot;&quot;,&quot;focal_length&quot;:&quot;0&quot;,&quot;iso&quot;:&quot;0&quot;,&quot;shutter_speed&quot;:&quot;0&quot;,&quot;title&quot;:&quot;&quot;,&quot;orientation&quot;:&quot;0&quot;}\" data-image-title=\"image-65\" data-image-description=\"\" data-image-caption=\"\" data-medium-file=\"https:\/\/i0.wp.com\/blogdalucianaoliveira.com.br\/blog\/wp-content\/uploads\/2020\/04\/image-65.jpeg?fit=300%2C187\" data-large-file=\"https:\/\/i0.wp.com\/blogdalucianaoliveira.com.br\/blog\/wp-content\/uploads\/2020\/04\/image-65.jpeg?fit=600%2C374\" src=\"https:\/\/i0.wp.com\/blogdalucianaoliveira.com.br\/blog\/wp-content\/uploads\/2020\/04\/image-65.jpeg?resize=600%2C374\" alt=\"\" class=\"wp-image-27739\" srcset=\"https:\/\/i0.wp.com\/blogdalucianaoliveira.com.br\/blog\/wp-content\/uploads\/2020\/04\/image-65.jpeg?w=610 610w, https:\/\/i0.wp.com\/blogdalucianaoliveira.com.br\/blog\/wp-content\/uploads\/2020\/04\/image-65.jpeg?resize=300%2C187 300w, https:\/\/i0.wp.com\/blogdalucianaoliveira.com.br\/blog\/wp-content\/uploads\/2020\/04\/image-65.jpeg?resize=482%2C300 482w\" sizes=\"auto, (max-width: 600px) 100vw, 600px\" \/><\/figure>\n\n\n\n<p><strong>247 \u2013\u00a0<\/strong>Em\u00a0<a href=\"https:\/\/www1.folha.uol.com.br\/colunas\/fernando-haddad\/2020\/04\/fora.shtml\">artigo<\/a>\u00a0publicado neste s\u00e1bado, o ex-prefeito Fernando Haddad lembra que o ex-ministro Sergio Moro jamais respeitou as institui\u00e7\u00f5es brasileiras. &#8220;Bolsonaro jamais entender\u00e1 a autonomia da PF, reclamada por Moro. Mas o pr\u00f3prio Moro, bem entendido, tampouco se preocupa em preserv\u00e1-la. A troca de favores que teria sugerido ao presidente lembra mais uma disputa por poder do que uma vis\u00e3o de Estado. Uma vez no STF, a autonomia da PF n\u00e3o seria mais da sua conta&#8221;, diz ele.<\/p>\n\n\n\n<!--more-->\n\n\n\n<p>&#8220;O que Moro demora a conceder \u00e9 que quem deu autonomia \u00e0 PF o fez porque nada temia, e nem imaginava que institui\u00e7\u00f5es da Rep\u00fablica se deixassem instrumentalizar contra quem as fortaleceu. Nem Bolsonaro nem Moro s\u00e3o dignos dos cargos que ocupam. Fora&#8221;, pontua.<\/p>\n","protected":false},"excerpt":{"rendered":"<p>247 \u2013\u00a0Em\u00a0artigo\u00a0publicado neste s\u00e1bado, o ex-prefeito Fernando Haddad lembra que o ex-ministro Sergio Moro jamais respeitou as institui\u00e7\u00f5es brasileiras. &#8220;Bolsonaro jamais entender\u00e1 a autonomia da PF, reclamada por Moro. Mas o pr\u00f3prio Moro, bem entendido, tampouco se preocupa em preserv\u00e1-la. A troca de favores que teria sugerido ao presidente lembra mais uma disputa por poder&#8230;<a class=\"more-link\" href=\"http:\/\/blogdalucianaoliveira.com.br\/blog\/2020\/04\/25\/haddad-fora-bolsonaro-mas-tambem-fora-moro\/\">Continue a leitura <span class=\"meta-nav\">&raquo;<\/span><\/a><\/p>\n","protected":false},"author":1,"featured_media":0,"comment_status":"closed","ping_status":"open","sticky":false,"template":"","format":"standard","meta":{"_exactmetrics_skip_tracking":false,"_exactmetrics_sitenote_active":false,"_exactmetrics_sitenote_note":"","_exactmetrics_sitenote_category":0,"jetpack_post_was_ever_published":false,"_jetpack_newsletter_access":"","_jetpack_dont_email_post_to_subs":false,"_jetpack_newsletter_tier_id":0,"_jetpack_memberships_contains_paywalled_content":false,"_jetpack_memberships_contains_paid_content":false,"footnotes":"","jetpack_publicize_message":"","jetpack_publicize_feature_enabled":true,"jetpack_social_post_already_shared":true,"jetpack_social_options":{"image_generator_settings":{"template":"highway","enabled":false},"version":2}},"categories":[1],"tags":[],"class_list":["post-27738","post","type-post","status-publish","format-standard","hentry","category-notas"],"jetpack_publicize_connections":[],"jetpack_sharing_enabled":true,"jetpack_featured_media_url":"","jetpack_shortlink":"https:\/\/wp.me\/p7wKYW-7do","jetpack-related-posts":[],"_links":{"self":[{"href":"http:\/\/blogdalucianaoliveira.com.br\/blog\/wp-json\/wp\/v2\/posts\/27738","targetHints":{"allow":["GET"]}}],"collection":[{"href":"http:\/\/blogdalucianaoliveira.com.br\/blog\/wp-json\/wp\/v2\/posts"}],"about":[{"href":"http:\/\/blogdalucianaoliveira.com.br\/blog\/wp-json\/wp\/v2\/types\/post"}],"author":[{"embeddable":true,"href":"http:\/\/blogdalucianaoliveira.com.br\/blog\/wp-json\/wp\/v2\/users\/1"}],"replies":[{"embeddable":true,"href":"http:\/\/blogdalucianaoliveira.com.br\/blog\/wp-json\/wp\/v2\/comments?post=27738"}],"version-history":[{"count":1,"href":"http:\/\/blogdalucianaoliveira.com.br\/blog\/wp-json\/wp\/v2\/posts\/27738\/revisions"}],"predecessor-version":[{"id":27740,"href":"http:\/\/blogdalucianaoliveira.com.br\/blog\/wp-json\/wp\/v2\/posts\/27738\/revisions\/27740"}],"wp:attachment":[{"href":"http:\/\/blogdalucianaoliveira.com.br\/blog\/wp-json\/wp\/v2\/media?parent=27738"}],"wp:term":[{"taxonomy":"category","embeddable":true,"href":"http:\/\/blogdalucianaoliveira.com.br\/blog\/wp-json\/wp\/v2\/categories?post=27738"},{"taxonomy":"post_tag","embeddable":true,"href":"http:\/\/blogdalucianaoliveira.com.br\/blog\/wp-json\/wp\/v2\/tags?post=27738"}],"curies":[{"name":"wp","href":"https:\/\/api.w.org\/{rel}","templated":true}]}}