{"id":27741,"date":"2020-04-25T07:34:21","date_gmt":"2020-04-25T11:34:21","guid":{"rendered":"http:\/\/blogdalucianaoliveira.com.br\/blog\/?p=27741"},"modified":"2020-04-25T07:34:25","modified_gmt":"2020-04-25T11:34:25","slug":"flavio-bolsonaro-financiou-e-lucrou-com-a-construcao-ilegal-de-predios-erguidos-pelas-milicia-usando-dinheiro-publico","status":"publish","type":"post","link":"http:\/\/blogdalucianaoliveira.com.br\/blog\/2020\/04\/25\/flavio-bolsonaro-financiou-e-lucrou-com-a-construcao-ilegal-de-predios-erguidos-pelas-milicia-usando-dinheiro-publico\/","title":{"rendered":"FL\u00c1VIO BOLSONARO FINANCIOU e lucrou com a constru\u00e7\u00e3o ilegal de pr\u00e9dios erguidos pelas mil\u00edcia usando dinheiro p\u00fablico"},"content":{"rendered":"\n<figure class=\"wp-block-image size-large\"><img data-recalc-dims=\"1\" loading=\"lazy\" decoding=\"async\" width=\"600\" height=\"589\" data-attachment-id=\"27742\" data-permalink=\"http:\/\/blogdalucianaoliveira.com.br\/blog\/2020\/04\/25\/flavio-bolsonaro-financiou-e-lucrou-com-a-construcao-ilegal-de-predios-erguidos-pelas-milicia-usando-dinheiro-publico\/a499ba58-c030-43a2-9125-3f9d9e8c71f3\/\" data-orig-file=\"https:\/\/i0.wp.com\/blogdalucianaoliveira.com.br\/blog\/wp-content\/uploads\/2020\/04\/A499BA58-C030-43A2-9125-3F9D9E8C71F3.jpeg?fit=797%2C782\" data-orig-size=\"797,782\" data-comments-opened=\"0\" data-image-meta=\"{&quot;aperture&quot;:&quot;0&quot;,&quot;credit&quot;:&quot;&quot;,&quot;camera&quot;:&quot;&quot;,&quot;caption&quot;:&quot;&quot;,&quot;created_timestamp&quot;:&quot;0&quot;,&quot;copyright&quot;:&quot;&quot;,&quot;focal_length&quot;:&quot;0&quot;,&quot;iso&quot;:&quot;0&quot;,&quot;shutter_speed&quot;:&quot;0&quot;,&quot;title&quot;:&quot;&quot;,&quot;orientation&quot;:&quot;0&quot;}\" data-image-title=\"A499BA58-C030-43A2-9125-3F9D9E8C71F3\" data-image-description=\"\" data-image-caption=\"\" data-medium-file=\"https:\/\/i0.wp.com\/blogdalucianaoliveira.com.br\/blog\/wp-content\/uploads\/2020\/04\/A499BA58-C030-43A2-9125-3F9D9E8C71F3.jpeg?fit=300%2C294\" data-large-file=\"https:\/\/i0.wp.com\/blogdalucianaoliveira.com.br\/blog\/wp-content\/uploads\/2020\/04\/A499BA58-C030-43A2-9125-3F9D9E8C71F3.jpeg?fit=600%2C589\" src=\"https:\/\/i0.wp.com\/blogdalucianaoliveira.com.br\/blog\/wp-content\/uploads\/2020\/04\/A499BA58-C030-43A2-9125-3F9D9E8C71F3.jpeg?resize=600%2C589\" alt=\"\" class=\"wp-image-27742\" srcset=\"https:\/\/i0.wp.com\/blogdalucianaoliveira.com.br\/blog\/wp-content\/uploads\/2020\/04\/A499BA58-C030-43A2-9125-3F9D9E8C71F3.jpeg?w=797 797w, https:\/\/i0.wp.com\/blogdalucianaoliveira.com.br\/blog\/wp-content\/uploads\/2020\/04\/A499BA58-C030-43A2-9125-3F9D9E8C71F3.jpeg?resize=300%2C294 300w, https:\/\/i0.wp.com\/blogdalucianaoliveira.com.br\/blog\/wp-content\/uploads\/2020\/04\/A499BA58-C030-43A2-9125-3F9D9E8C71F3.jpeg?resize=768%2C754 768w, https:\/\/i0.wp.com\/blogdalucianaoliveira.com.br\/blog\/wp-content\/uploads\/2020\/04\/A499BA58-C030-43A2-9125-3F9D9E8C71F3.jpeg?resize=306%2C300 306w\" sizes=\"auto, (max-width: 600px) 100vw, 600px\" \/><\/figure>\n\n\n\n<p>FL\u00c1VIO BOLSONARO FINANCIOU&nbsp;e lucrou com a constru\u00e7\u00e3o ilegal de pr\u00e9dios erguidos pelas mil\u00edcia usando dinheiro p\u00fablico. \u00c9 o que mostram documentos sigilosos e dados levantados pelo Minist\u00e9rio P\u00fablico do Rio de Janeiro aos quais o&nbsp;<strong>Intercept<\/strong>&nbsp;teve acesso. A investiga\u00e7\u00e3o preocupa a fam\u00edlia Bolsonaro \u2013 os advogados do senador j\u00e1 pediram por nove vezes que o procedimento seja suspenso.<\/p>\n\n\n\n<!--more-->\n\n\n\n<p>O investimento para\u00a0as edifica\u00e7\u00f5es levantadas por tr\u00eas construtoras foi feito com dinheiro de \u201crachadinha\u201d, coletado no antigo gabinete de Flavio Bolsonaro na Assembleia Legislativa do Rio, como afirmam\u00a0promotores e investigadores sob a condi\u00e7\u00e3o de anonimato. O andamento das investiga\u00e7\u00f5es que fecham o cerco contra o filho de Jair Bolsonaro \u00e9 um dos motivos para que o presidente tenha pressionado o ex-ministro Sergio Moro pela troca do comando da Pol\u00edcia Federal no Rio, que tamb\u00e9m investiga o caso, e em Bras\u00edlia.<\/p>\n\n\n\n<p>O inqu\u00e9rito do Minist\u00e9rio P\u00fablico do Rio, que apura&nbsp;fatos de organiza\u00e7\u00e3o criminosa, lavagem de dinheiro e peculato (desvio de dinheiro p\u00fablico) pelo filho de Bolsonaro segue em sigilo. O Intercept teve acesso \u00e0 \u00edntegra da investiga\u00e7\u00e3o. Os investigadores dizem que chegaram \u00e0 conclus\u00e3o com o cruzamento de informa\u00e7\u00f5es banc\u00e1rias de 86 pessoas suspeitas de envolvimento no esquema ilegal, que serviu para irrigar o ramo imobili\u00e1rio da mil\u00edcia. Os dados mostrariam que o hoje senador receberia o lucro do investimento dos pr\u00e9dios, de acordo com os investigadores, atrav\u00e9s de repasses feitos pelo ex-capit\u00e3o do Bope Adriano da N\u00f3brega \u2013 executado em fevereiro \u2013 e pelo ex-assessor Fabr\u00edcio Queiroz.<\/p>\n\n\n\n<div class=\"wp-block-image\"><figure class=\"aligncenter\"><img data-recalc-dims=\"1\" decoding=\"async\" src=\"https:\/\/i0.wp.com\/theintercept.imgix.net\/wp-uploads\/sites\/1\/2020\/04\/trecho-1.jpg?w=600&#038;ssl=1\" alt=\"\" class=\"wp-image-302883\"\/><\/figure><\/div>\n\n\n\n<p>Trecho da den\u00fancia do Minist\u00e9rio P\u00fablico que tornou o capit\u00e3o Adriano Magalh\u00e3es da N\u00f3brega foragido da Justi\u00e7a. Essa den\u00fancia serviu de base para o inqu\u00e9rito das rachadinhas<\/p>\n\n\n\n<p>O esquema funcionaria assim:<\/p>\n\n\n\n<p>\u2022 Fl\u00e1vio pagava os sal\u00e1rios de seus funcion\u00e1rios&nbsp;com a verba do seu gabinete na Alerj.<\/p>\n\n\n\n<p>\u2022 A partir da\u00ed, Queiroz \u2013 apontado no inqu\u00e9rito como articulador do esquema de rachadinhas \u2013 confiscava em m\u00e9dia 40% dos vencimentos dos servidores e repassava parte do dinheiro ao ex-capit\u00e3o do Bope, Adriano da N\u00f3brega, apontado como chefe do Escrit\u00f3rio do Crime, uma mil\u00edcia especializada em assassinatos por encomendo.<\/p>\n\n\n\n<p>\u2022 A organiza\u00e7\u00e3o criminosa tamb\u00e9m atua nas cobran\u00e7as de \u201ctaxas de seguran\u00e7a\u201d, \u00e1gio na venda de botij\u00f5es de g\u00e1s, garraf\u00f5es de \u00e1gua, explora\u00e7\u00e3o de sinal clandestino de TV, grilagem de terras e na constru\u00e7\u00e3o civil em Rio das Pedras e Muzema.<\/p>\n\n\n\n<p>\u2022 As duas favelas, onde vivem mais de 80 mil pessoas, ficam em Jacarepagu\u00e1, na zona oeste do Rio, e assistiram a um&nbsp;<a href=\"https:\/\/oglobo.globo.com\/rio\/favela-da-muzema-no-itanhanga-tomada-por-construcoes-irregulares-20691965\">boom de constru\u00e7\u00f5es de pr\u00e9dios irregulares<\/a>&nbsp;nos \u00faltimos anos. Em abril do ano passado, dois desses pr\u00e9dios ligados a outras mil\u00edcias&nbsp;<a href=\"https:\/\/g1.globo.com\/rj\/rio-de-janeiro\/noticia\/2019\/04\/22\/morre-a-24a-vitima-do-desabamento-na-muzema.ghtml\">desabaram<\/a>, deixando 24&nbsp; mortos e dez feridos.<\/p>\n\n\n\n<p>\u2022 O lucro com a constru\u00e7\u00e3o e venda dos pr\u00e9dios seria dividido, tamb\u00e9m, com Flavio Bolsonaro, segundo as investiga\u00e7\u00f5es, por ser o financiador do esquema usando dinheiro p\u00fablico.<\/p>\n\n\n\n<p>Condecorado por Fl\u00e1vio Bolsonaro com a Medalha Tiradentes, principal honraria do Rio, o ex-caveira Adriano da N\u00f3brega foi\u00a0<a href=\"https:\/\/agenciabrasil.ebc.com.br\/geral\/noticia\/2020-02\/ex-pm-investigado-por-envolvimento-no-caso-marielle-e-morto-na-bahia,\">morto a tiros<\/a>\u00a0em fevereiro em um controverso cerco policial no interior da Bahia com ind\u00edcios de queima de arquivo. Foragido da Justi\u00e7a, o ex-capit\u00e3o estava escondido no s\u00edtio de um vereador bolsonarista. Os diversos celulares do miliciano ainda aguardam por per\u00edcia.<a href=\"https:\/\/www.catarse.me\/intercept\/?utm_source=site_novacamp&amp;utm_campaign=site_novacamp\"><br><\/a><br><\/p>\n\n\n\n<p>As investiga\u00e7\u00f5es do MP revelaram que os repasses da rachadinha chegavam \u00e0s m\u00e3os do capit\u00e3o Adriano por meio de contas usadas por sua m\u00e3e, Raimunda Veras Magalh\u00e3es, e sua esposa, Danielle da Costa N\u00f3brega. As duas ocupavam cargos comissionados no gabinete do deputado na Alerj entre 2016 e 2017. Ambas nomeadas por Queiroz, amigo do ex-capit\u00e3o dos tempos de 18\u00ba batalh\u00e3o da Pol\u00edcia Militar, Jacarepagu\u00e1.<\/p>\n\n\n\n<p><a href=\"https:\/\/drive.google.com\/file\/d\/1Rx1jZPuSW96svEcgPolayxwwNzi9FMLd\/view\">Segundo o MP<\/a>, a m\u00e3e e a mulher de Adriano&nbsp;movimentaram ao menos R$ 1,1 milh\u00e3o no per\u00edodo analisado pela investiga\u00e7\u00e3o, amealhado com o esquema de rachadinha por meio de contas banc\u00e1rias e repasses em dinheiro a empresas, dentre as quais dois restaurantes, uma loja de material de constru\u00e7\u00e3o e tr\u00eas pequenas construtoras.<\/p>\n\n\n\n<p>Com sede em Rio das Pedras, as construtoras S\u00e3o Felipe Constru\u00e7\u00e3o Civil Eireli, S\u00e3o Jorge Constru\u00e7\u00e3o Civil Eireli e ConstruRioMZ foram registradas, segundo o MP, em nome de \u201claranjas\u201d do Escrit\u00f3rio do Crime. O dinheiro ent\u00e3o chegava aos canteiros de obras ilegais por meio de repasses feitos pelo ex-capit\u00e3o aos laranjas das empresas.<\/p>\n\n\n\n<div class=\"wp-block-image\"><figure class=\"aligncenter\"><img data-recalc-dims=\"1\" decoding=\"async\" src=\"https:\/\/i0.wp.com\/theintercept.imgix.net\/wp-uploads\/sites\/1\/2020\/04\/trecho-2.jpg?w=600&#038;ssl=1\" alt=\"\" class=\"wp-image-302884\"\/><\/figure><\/div>\n\n\n\n<p>Trecho de intercepta\u00e7\u00e3o detalha registro da construtora em nome de laranja.<\/p>\n\n\n\n<p>O papel de \u201cinvestidor\u201d nas constru\u00e7\u00f5es da mil\u00edcia ajudaria a explicar a evolu\u00e7\u00e3o patrimonial de Fl\u00e1vio Bolsonaro, que teve um salto entre os anos de 2015 e 2017 com a aquisi\u00e7\u00e3o de dois apartamentos: um no bairro de Laranjeiras e outro em Copacabana, ambos na zona sul do Rio. Os investimentos tamb\u00e9m permitiram a compra de&nbsp;<a href=\"https:\/\/www1.folha.uol.com.br\/poder\/2019\/01\/flavio-bolsonaro-construiu-patrimonio-antes-de-ser-empresario.shtml\">participa\u00e7\u00e3o societ\u00e1ria numa franquia da loja de chocolates Kopenhagen<\/a>.<\/p>\n\n\n\n<p>Flavio entrou na vida pol\u00edtica em 2002, com apenas um carro Gol 1.0, declarado por R$ 25,5 mil. Na \u00faltima declara\u00e7\u00e3o de bens, de 2018, o senador disse ter R$ 1,74 milh\u00e3o. A eleva\u00e7\u00e3o patrimonial coincide com o per\u00edodo em que a m\u00e3e e a mulher do ex-capit\u00e3o estavam nomeadas em seu gabinete.<\/p>\n\n\n\n<h3 class=\"wp-block-heading\">O papel de Adriano<\/h3>\n\n\n\n<p>A liga\u00e7\u00e3o do ex-capit\u00e3o com as pequenas empreiteiras envolvidas no boom da verticaliza\u00e7\u00e3o em Rio das Pedras e Muzema foi levantada em meio \u00e0 investiga\u00e7\u00e3o sobre&nbsp;<a href=\"https:\/\/theintercept.com\/series\/caso-marielle-franco\/\">as execu\u00e7\u00f5es da vereadora Marielle Franco e de seu motorista, Anderson Gomes<\/a>, na noite de 14 de mar\u00e7o de 2018. Foi a partir das quebras de sigilos telef\u00f4nicos e telem\u00e1ticos dos integrantes do Escrit\u00f3rio do Crime que os promotores descobriram que o grupo paramilitar havia evolu\u00eddo da grilagem de terras \u00e0 constru\u00e7\u00e3o civil, erguendo pr\u00e9dios irregulares na regi\u00e3o e, assim, multiplicando seus lucros.<\/p>\n\n\n\n<p>Adriano da N\u00f3brega e dois outros oficiais da PM integrantes do grupo \u2013 o tenente reformado, Maur\u00edcio da Silva Costa, e o major Ronald Paulo Alves Pereira \u2013 usaram, segundo os promotores, nomes de moradores de Rio das Pedras para registrar as construtoras na junta comercial do Rio de Janeiro. A estrat\u00e9gia de usar \u201claranjas\u201d, segundo o MP, foi adotada para tentar dar legitimidade \u00e0s atividades do Escrit\u00f3rio do Crime na constru\u00e7\u00e3o civil.<\/p>\n\n\n\n<p>A descoberta foi usada pelos promotores como base para a abertura do inqu\u00e9rito que resultou na Opera\u00e7\u00e3o Intoc\u00e1veis \u2013 nome escolhido numa refer\u00eancia \u00e0s patentes de oficiais da Pol\u00edcia Militar ostentadas pelos chefes da organiza\u00e7\u00e3o criminosa. A a\u00e7\u00e3o contra a mil\u00edcia foi coordenada pelo Grupo de Atua\u00e7\u00e3o Especial de Combate ao Crime Organizado do MP, o Gaeco, e desencadeada, em janeiro de 2019, como forma de fechar o cerco \u00e0 mil\u00edcia suspeita de arregimentar os assassinos da vereadora do PSOL. Na ocasi\u00e3o, o ex-capit\u00e3o Adriano e outros 12 suspeitos tiveram as pris\u00f5es decretadas.<\/p>\n\n\n\n<div class=\"wp-block-image\"><figure class=\"aligncenter\"><img data-recalc-dims=\"1\" decoding=\"async\" src=\"https:\/\/i0.wp.com\/theintercept.imgix.net\/wp-uploads\/sites\/1\/2020\/04\/trecho-3.jpg?w=600&#038;ssl=1\" alt=\"\" class=\"wp-image-302887\"\/><\/figure><\/div>\n\n\n\n<p>Trecho da den\u00fancia cita a mil\u00edcia de Adriano, constru\u00e7\u00f5es e empresas em nome de laranjas.<\/p>\n\n\n\n<p>Dados do inqu\u00e9rito a que tive acesso comprovam que Adriano, Costa e Pereira eram os \u201cdonos ocultos\u201d das construtoras ConstruRioMZ, S\u00e3o Felipe Constru\u00e7\u00e3o Civil e S\u00e3o Jorge Constru\u00e7\u00e3o Civil. As tr\u00eas empresas foram registradas na junta comercial no segundo semestre de 2018, respectivamente, em nome Isamar Moura, Benedito Aur\u00e9lio Carvalho e Gerardo Mascarenhas, conhecido como Pirata. Os tr\u00eas \u201claranjas\u201d foram presos na opera\u00e7\u00e3o policial, juntamente com os oficiais da PM Costa e Pereira.<\/p>\n\n\n\n<p>Numa das intercepta\u00e7\u00f5es, o miliciano Manoel de Brito Batista, que atuava como uma esp\u00e9cie de gerente das obras, alerta em tom amea\u00e7ador a um interlocutor que 0 questiona sobre um pr\u00e9dio rec\u00e9m erguido na favela Rio das Pedras: \u201cEu tenho oito apartamentos naquele pr\u00e9dio, o resto \u00e9 tudo do Adriano e do Maur\u00edcio. Entendeu? Voc\u00ea procura eles e fala com eles, entendeu? N\u00e3o adianta ficar me mandando mensagem\u201d. Batista tamb\u00e9m foi preso na Opera\u00e7\u00e3o Intoc\u00e1veis.<\/p>\n\n\n\n<div class=\"wp-block-image\"><figure class=\"aligncenter\"><img data-recalc-dims=\"1\" decoding=\"async\" src=\"https:\/\/i0.wp.com\/theintercept.imgix.net\/wp-uploads\/sites\/1\/2020\/04\/trecho-4.jpg?w=600&#038;ssl=1\" alt=\"\" class=\"wp-image-302894\"\/><\/figure><\/div>\n\n\n\n<p>Manoel era o s\u00edndico dos neg\u00f3cios no ramo imobili\u00e1rio.<\/p>\n\n\n\n<p>Na den\u00fancia do MP, Batista \u00e9 citado como respons\u00e1vel pela supervis\u00e3o dos canteiros de obras e pela negocia\u00e7\u00e3o de im\u00f3veis. Numa das escutas telef\u00f4nicas, ele oferece um andar inteiro num pr\u00e9dio rec\u00e9m erguido por 60 parcelas de R$ 4 mil. Valor previamente acertado com o ex-capit\u00e3o Adriano, ora tratado por \u201cGordinho\u201d, ora por \u201cPatr\u00e3oz\u00e3o\u201d, apelidos captados nas investiga\u00e7\u00f5es da rachadinha e das execu\u00e7\u00f5es de Marielle e Anderson.<\/p>\n\n\n\n<div class=\"wp-block-image\"><figure class=\"aligncenter\"><img data-recalc-dims=\"1\" decoding=\"async\" src=\"https:\/\/i0.wp.com\/theintercept.imgix.net\/wp-uploads\/sites\/1\/2020\/04\/trecho-5.jpg?w=600&#038;ssl=1\" alt=\"\" class=\"wp-image-302897\"\/><\/figure><\/div>\n\n\n\n<p>Trecho de conversa entre Manoel e Adriano.<\/p>\n\n\n\n<p>Era Adriano que definia pre\u00e7os, condi\u00e7\u00f5es de pagamentos e, em muitos dos casos, fazia a cobran\u00e7a dos valores diretamente aos compradores e inquilinos. N\u00e3o h\u00e1 na investiga\u00e7\u00e3o uma estimativa dos lucros obtidos pela mil\u00edcia no ramo imobili\u00e1rio, mas o pre\u00e7o m\u00e9dio dos apartamentos, com dois quartos, sala, banheiro e cozinha nas duas favelas gira em torno de R$ 100 mil.<\/p>\n\n\n\n<p>Planilhas apreendidas durante a opera\u00e7\u00e3o policial num im\u00f3vel usado como sede do Escrit\u00f3rio do Crime, o Moradas do Itanhang\u00e1, indicavam retiradas semanais feitas pelo ex-capit\u00e3o e tamb\u00e9m pelo tenente reformado Maur\u00edcio e pelo o&nbsp;<a href=\"https:\/\/theintercept.com\/2019\/01\/22\/bolsonaros-milicias\/\">major Ronald, tamb\u00e9m amigo&nbsp;de Flavio Bolsonaro<\/a>. Al\u00e9m de ser o respons\u00e1vel pela contabilidade do grupo, Ronald tamb\u00e9m foi homenageado por Fl\u00e1vio Bolsonaro com uma men\u00e7\u00e3o honrosa em 2004. Em v\u00e1rias conversas gravadas pelo MP, o major aparece combinando de se encontrar com Batista para \u201cbater\u201d as contas no fim da semana.<\/p>\n\n\n\n<div class=\"wp-block-image\"><figure class=\"aligncenter\"><img data-recalc-dims=\"1\" decoding=\"async\" src=\"https:\/\/i0.wp.com\/theintercept.imgix.net\/wp-uploads\/sites\/1\/2020\/04\/trecho-6.jpg?w=600&#038;ssl=1\" alt=\"\" class=\"wp-image-302899\"\/><\/figure><\/div>\n\n\n\n<p>Major Ronald mantinha planilhas cont\u00e1beis, com repasses de dinheiro para Adriano, plantas de pr\u00e9dios e outros documentos relacionados \u00e0s constru\u00e7\u00f5es ilegais.<\/p>\n\n\n\n<h3 class=\"wp-block-heading\">\u2018O MP est\u00e1 preparando uma pica do tamanho de um cometa para empurrar na gente\u2019<\/h3>\n\n\n\n<p>A frase de Queiroz foi&nbsp;<a href=\"https:\/\/congressoemfoco.uol.com.br\/governo\/ministerio-publico-tem-um-cometa-para-enfiar-na-gente-afirma-queiroz-em-novo-audio\/\">captada num dos grampos judiciais<\/a>. Desde ent\u00e3o, muito se especulou a que ele se referia. Investigadores ouvidos pela reportagem acreditam que Queiroz sabia que o inqu\u00e9rito tinha identificado o uso do dinheiro desviado no esquema de rachadinha para financiar o boom de constru\u00e7\u00f5es ilegais na Muzema e em Rio das Pedras, comunidade onde Fabr\u00edcio Queiroz se refugiou em dezembro de 2018, como revelam as quebras de sigilos telef\u00f4nicos e telem\u00e1ticos.<\/p>\n\n\n\n<p>Na opini\u00e3o de envolvidos na investiga\u00e7\u00e3o da rachadinha, a conclus\u00e3o do cruzamento de dados financeiros dos 86 citados no inqu\u00e9rito, dentre eles o atual senador Flavio Bolsonaro, vai ser capaz de comprovar os crimes, entre eles lavagem de dinheiro. E, assim, explicar a suspeita evolu\u00e7\u00e3o patrimonial do primeiro-filho e, sobretudo, justificar a movimenta\u00e7\u00e3o do senador para tentar a todo custo paralisar o trabalho dos promotores.<\/p>\n\n\n\n<div class=\"wp-block-image\"><figure class=\"aligncenter\"><img data-recalc-dims=\"1\" decoding=\"async\" src=\"https:\/\/i0.wp.com\/theintercept.imgix.net\/wp-uploads\/sites\/1\/2020\/04\/trecho-7.jpg?w=600&#038;ssl=1\" alt=\"\" class=\"wp-image-302900\"\/><\/figure><\/div>\n\n\n\n<p>Item 29 revela que o crime de lavagem de dinheiro est\u00e1 sendo apurado em procedimento espec\u00edfico no inqu\u00e9rito da rachadinha do ent\u00e3o deputado Fl\u00e1vio Bolsonaro.<\/p>\n\n\n\n<p>Nas redes sociais e nas poucas entrevistas em que falou sobre o esquema de rachadinha, Fl\u00e1vio Bolsonaro afirma ser v\u00edtima de persegui\u00e7\u00e3o da imprensa e critica o vazamento de informa\u00e7\u00f5es do processo, que est\u00e1 sob segredo de justi\u00e7a. O pol\u00edtico tamb\u00e9m afirma n\u00e3o ter conhecimento sobre o fracionamento de sal\u00e1rios de seus funcion\u00e1rios. Procurado pelo Intercept, o senador n\u00e3o se manifestou.<\/p>\n\n\n\n<p>O filho 01 chegou a atribuir a responsabilidade das supostas irregularidades a Queiroz, que teve identificados 438 transfer\u00eancias e dep\u00f3sitos em suas contas, totalizando cerca de R$ 7 milh\u00f5es entre os anos de 2014 e 2017.<\/p>\n\n\n\n<p>Queiroz tamb\u00e9m fez dep\u00f3sitos regulares de cheques e em dinheiro em contas do primeiro-filho e da primeira-dama, Michelle Bolsonaro, que numa das opera\u00e7\u00f5es recebeu R$ 24 mil. Na ocasi\u00e3o, o presidente disse que o valor era parte de um empr\u00e9stimo de R$ 40 mil que teria feito ao ex-assessor parlamentar e amigo. Para os investigadores, apenas a conclus\u00e3o do inqu\u00e9rito permitir\u00e1 o esclarecimento do fluxo de dinheiro, mas a decis\u00e3o sobre o prosseguimento da investiga\u00e7\u00e3o depende dos desembargadores do Tribunal de Justi\u00e7a do Rio, que suspenderam os julgamentos devido \u00e0 pandemia de coronav\u00edrus.<\/p>\n\n\n\n<p>Desde o in\u00edcio da investiga\u00e7\u00e3o, em outubro de 2018, o trabalho dos promotores foi suspenso tr\u00eas vezes, atendendo \u00e0 defesa de Fl\u00e1vio Bolsonaro. Ao todo, os advogados impetraram nove pedidos no Supremo Tribunal Federal e no Tribunal de Justi\u00e7a do Rio, alegando que as quebras de sigilo banc\u00e1rio e fiscal do ent\u00e3o deputado estadual n\u00e3o poderiam ter sido concedidas por um juiz de primeira inst\u00e2ncia. Medo de que algu\u00e9m descobrisse que nem s\u00f3 de chocolate \u00e9 feito o milion\u00e1rio patrim\u00f4nio do senador que entrou na vida pol\u00edtica em 2002 com um Gol 1.0 e um sobrenome influente.<\/p>\n\n\n\n<p><\/p>\n","protected":false},"excerpt":{"rendered":"<p>FL\u00c1VIO BOLSONARO FINANCIOU&nbsp;e lucrou com a constru\u00e7\u00e3o ilegal de pr\u00e9dios erguidos pelas mil\u00edcia usando dinheiro p\u00fablico. \u00c9 o que mostram documentos sigilosos e dados levantados pelo Minist\u00e9rio P\u00fablico do Rio de Janeiro aos quais o&nbsp;Intercept&nbsp;teve acesso. A investiga\u00e7\u00e3o preocupa a fam\u00edlia Bolsonaro \u2013 os advogados do senador j\u00e1 pediram por nove vezes que o procedimento&#8230;<a class=\"more-link\" href=\"http:\/\/blogdalucianaoliveira.com.br\/blog\/2020\/04\/25\/flavio-bolsonaro-financiou-e-lucrou-com-a-construcao-ilegal-de-predios-erguidos-pelas-milicia-usando-dinheiro-publico\/\">Continue a leitura <span class=\"meta-nav\">&raquo;<\/span><\/a><\/p>\n","protected":false},"author":1,"featured_media":0,"comment_status":"closed","ping_status":"open","sticky":false,"template":"","format":"standard","meta":{"_exactmetrics_skip_tracking":false,"_exactmetrics_sitenote_active":false,"_exactmetrics_sitenote_note":"","_exactmetrics_sitenote_category":0,"jetpack_post_was_ever_published":false,"_jetpack_newsletter_access":"","_jetpack_dont_email_post_to_subs":false,"_jetpack_newsletter_tier_id":0,"_jetpack_memberships_contains_paywalled_content":false,"_jetpack_memberships_contains_paid_content":false,"footnotes":"","jetpack_publicize_message":"","jetpack_publicize_feature_enabled":true,"jetpack_social_post_already_shared":true,"jetpack_social_options":{"image_generator_settings":{"template":"highway","enabled":false},"version":2}},"categories":[1],"tags":[],"class_list":["post-27741","post","type-post","status-publish","format-standard","hentry","category-notas"],"jetpack_publicize_connections":[],"jetpack_sharing_enabled":true,"jetpack_featured_media_url":"","jetpack_shortlink":"https:\/\/wp.me\/p7wKYW-7dr","jetpack-related-posts":[],"_links":{"self":[{"href":"http:\/\/blogdalucianaoliveira.com.br\/blog\/wp-json\/wp\/v2\/posts\/27741","targetHints":{"allow":["GET"]}}],"collection":[{"href":"http:\/\/blogdalucianaoliveira.com.br\/blog\/wp-json\/wp\/v2\/posts"}],"about":[{"href":"http:\/\/blogdalucianaoliveira.com.br\/blog\/wp-json\/wp\/v2\/types\/post"}],"author":[{"embeddable":true,"href":"http:\/\/blogdalucianaoliveira.com.br\/blog\/wp-json\/wp\/v2\/users\/1"}],"replies":[{"embeddable":true,"href":"http:\/\/blogdalucianaoliveira.com.br\/blog\/wp-json\/wp\/v2\/comments?post=27741"}],"version-history":[{"count":1,"href":"http:\/\/blogdalucianaoliveira.com.br\/blog\/wp-json\/wp\/v2\/posts\/27741\/revisions"}],"predecessor-version":[{"id":27743,"href":"http:\/\/blogdalucianaoliveira.com.br\/blog\/wp-json\/wp\/v2\/posts\/27741\/revisions\/27743"}],"wp:attachment":[{"href":"http:\/\/blogdalucianaoliveira.com.br\/blog\/wp-json\/wp\/v2\/media?parent=27741"}],"wp:term":[{"taxonomy":"category","embeddable":true,"href":"http:\/\/blogdalucianaoliveira.com.br\/blog\/wp-json\/wp\/v2\/categories?post=27741"},{"taxonomy":"post_tag","embeddable":true,"href":"http:\/\/blogdalucianaoliveira.com.br\/blog\/wp-json\/wp\/v2\/tags?post=27741"}],"curies":[{"name":"wp","href":"https:\/\/api.w.org\/{rel}","templated":true}]}}