{"id":27749,"date":"2020-04-25T07:55:08","date_gmt":"2020-04-25T11:55:08","guid":{"rendered":"http:\/\/blogdalucianaoliveira.com.br\/blog\/?p=27749"},"modified":"2020-04-25T07:55:12","modified_gmt":"2020-04-25T11:55:12","slug":"cidadania-23-questiona-a-ausencia-de-previsao-de-atendimento-de-grupos-vulneraveis-em-programa-de-transferencia-de-renda-emergencial-do-estado-de-rondonia","status":"publish","type":"post","link":"http:\/\/blogdalucianaoliveira.com.br\/blog\/2020\/04\/25\/cidadania-23-questiona-a-ausencia-de-previsao-de-atendimento-de-grupos-vulneraveis-em-programa-de-transferencia-de-renda-emergencial-do-estado-de-rondonia\/","title":{"rendered":"Cidadania 23 questiona a aus\u00eancia de previs\u00e3o de atendimento de grupos vulner\u00e1veis em programa de transfer\u00eancia de renda emergencial do Estado de Rond\u00f4nia"},"content":{"rendered":"\n<figure class=\"wp-block-image size-large\"><img loading=\"lazy\" decoding=\"async\" width=\"2033\" height=\"1832\" data-attachment-id=\"27751\" data-permalink=\"http:\/\/blogdalucianaoliveira.com.br\/blog\/2020\/04\/25\/cidadania-23-questiona-a-ausencia-de-previsao-de-atendimento-de-grupos-vulneraveis-em-programa-de-transferencia-de-renda-emergencial-do-estado-de-rondonia\/321d2641-0a20-4d59-8b2f-370e35cfaaa6\/\" data-orig-file=\"https:\/\/i0.wp.com\/blogdalucianaoliveira.com.br\/blog\/wp-content\/uploads\/2020\/04\/321D2641-0A20-4D59-8B2F-370E35CFAAA6.jpeg?fit=2033%2C1832\" data-orig-size=\"2033,1832\" data-comments-opened=\"0\" data-image-meta=\"{&quot;aperture&quot;:&quot;0&quot;,&quot;credit&quot;:&quot;&quot;,&quot;camera&quot;:&quot;&quot;,&quot;caption&quot;:&quot;&quot;,&quot;created_timestamp&quot;:&quot;0&quot;,&quot;copyright&quot;:&quot;&quot;,&quot;focal_length&quot;:&quot;0&quot;,&quot;iso&quot;:&quot;0&quot;,&quot;shutter_speed&quot;:&quot;0&quot;,&quot;title&quot;:&quot;&quot;,&quot;orientation&quot;:&quot;0&quot;}\" data-image-title=\"321D2641-0A20-4D59-8B2F-370E35CFAAA6\" data-image-description=\"\" data-image-caption=\"\" data-medium-file=\"https:\/\/i0.wp.com\/blogdalucianaoliveira.com.br\/blog\/wp-content\/uploads\/2020\/04\/321D2641-0A20-4D59-8B2F-370E35CFAAA6.jpeg?fit=300%2C270\" data-large-file=\"https:\/\/i0.wp.com\/blogdalucianaoliveira.com.br\/blog\/wp-content\/uploads\/2020\/04\/321D2641-0A20-4D59-8B2F-370E35CFAAA6.jpeg?fit=600%2C541\" src=\"https:\/\/i2.wp.com\/blogdalucianaoliveira.com.br\/blog\/wp-content\/uploads\/2020\/04\/321D2641-0A20-4D59-8B2F-370E35CFAAA6.jpeg?fit=600%2C541\" alt=\"\" class=\"wp-image-27751\" srcset=\"https:\/\/i0.wp.com\/blogdalucianaoliveira.com.br\/blog\/wp-content\/uploads\/2020\/04\/321D2641-0A20-4D59-8B2F-370E35CFAAA6.jpeg?w=2033 2033w, https:\/\/i0.wp.com\/blogdalucianaoliveira.com.br\/blog\/wp-content\/uploads\/2020\/04\/321D2641-0A20-4D59-8B2F-370E35CFAAA6.jpeg?resize=300%2C270 300w, https:\/\/i0.wp.com\/blogdalucianaoliveira.com.br\/blog\/wp-content\/uploads\/2020\/04\/321D2641-0A20-4D59-8B2F-370E35CFAAA6.jpeg?resize=1024%2C923 1024w, https:\/\/i0.wp.com\/blogdalucianaoliveira.com.br\/blog\/wp-content\/uploads\/2020\/04\/321D2641-0A20-4D59-8B2F-370E35CFAAA6.jpeg?resize=768%2C692 768w, https:\/\/i0.wp.com\/blogdalucianaoliveira.com.br\/blog\/wp-content\/uploads\/2020\/04\/321D2641-0A20-4D59-8B2F-370E35CFAAA6.jpeg?resize=1536%2C1384 1536w, https:\/\/i0.wp.com\/blogdalucianaoliveira.com.br\/blog\/wp-content\/uploads\/2020\/04\/321D2641-0A20-4D59-8B2F-370E35CFAAA6.jpeg?resize=333%2C300 333w, https:\/\/i0.wp.com\/blogdalucianaoliveira.com.br\/blog\/wp-content\/uploads\/2020\/04\/321D2641-0A20-4D59-8B2F-370E35CFAAA6.jpeg?w=1200 1200w, https:\/\/i0.wp.com\/blogdalucianaoliveira.com.br\/blog\/wp-content\/uploads\/2020\/04\/321D2641-0A20-4D59-8B2F-370E35CFAAA6.jpeg?w=1800 1800w\" sizes=\"auto, (max-width: 600px) 100vw, 600px\" \/><\/figure>\n\n\n\n<p>O partido pol\u00edtico encaminhou pedido ao Tribunal de Contas questionando alguns aspectos do projeto do Programa.<\/p>\n\n\n\n<!--more-->\n\n\n\n<p>Um dos questionamentos foi a aus\u00eancia de um m\u00ednimo de di\u00e1logo e de consulta \u00e0 sociedade civil, ainda que por meio dos Conselho de Direito de Assist\u00eancia Social, que possui previs\u00e3o legal e deveria ter suas atribui\u00e7\u00f5es respeitadas.<\/p>\n\n\n\n<p>Entre as quest\u00f5es levantadas est\u00e1 que o Programa &#8220;Prospera&#8221; n\u00e3o disp\u00f5e sobre o atendimento e prefer\u00eancia para a inclus\u00e3o de segmentos em risco e suas intersec\u00e7\u00f5es como:<\/p>\n\n\n\n<p>a) crian\u00e7as v\u00edtimas de viol\u00eancias (dom\u00e9stica\/sexual\/f\u00edsica\/de Estado);<br>\nb) adolescentes que sejam m\u00e3es;<br>\nc) crian\u00e7as que, cumulativamente, estejam em situa\u00e7\u00e3o de transtorno <br>\nmental (Lei 10.216) e\/ou com defici\u00eancia (Lei 13.146) e\/ou suas fam\u00edlias;<br>\nd) perspectiva de g\u00eanero de forma ampla;<br>\ne) m\u00e3es em fam\u00edlias uniparentais;<br>\nf) mulheres v\u00edtimas de viol\u00eancia dom\u00e9stica;<br>\ng) crian\u00e7as, adolescentes e mulheres ind\u00edgenas (ou em demais intersec\u00e7\u00f5es de etnia\/ra\u00e7a);<\/p>\n\n\n\n<p>O documento remetido ao \u00f3rg\u00e3o de controle indica que &#8220;Toda escolha em pol\u00edtica p\u00fablica \u00e9 uma escolha tr\u00e1gica. Por mais essa raz\u00e3o, <br>\nimpende direcionar os recursos financeiros exatamente para os segmentos sociais que mais acumulem desigualdades e estejam mais expostos aos riscos e vulnerabilidades&#8221;.<\/p>\n\n\n\n<p>O documento, formulado pelo Presidente do Diret\u00f3rio Estadual do Cidadania 23, Vinicius Miguel e pelo Secret\u00e1rio Geral, Raimundo Castro, busca contribuir destacando os setores em hipervulnerabilidade social, que precisam de maior prioridade.<\/p>\n\n\n\n<p>Na defesa, o partido pugna indicando que &#8220;\u00e9 for\u00e7oso encarar os pontos aventados na presente pe\u00e7a para um melhor redesenho e mais eficaz atendimento dos preceitos da Lei Fundamental <br> no tocante \u00e0 mitiga\u00e7\u00e3o da pobreza e redu\u00e7\u00e3o das desigualdades&#8221;.<\/p>\n\n\n\n<figure class=\"wp-block-image size-large\"><img loading=\"lazy\" decoding=\"async\" width=\"828\" height=\"1153\" data-attachment-id=\"27750\" data-permalink=\"http:\/\/blogdalucianaoliveira.com.br\/blog\/2020\/04\/25\/cidadania-23-questiona-a-ausencia-de-previsao-de-atendimento-de-grupos-vulneraveis-em-programa-de-transferencia-de-renda-emergencial-do-estado-de-rondonia\/0dc54393-68ed-4902-b070-a175a200b202\/\" data-orig-file=\"https:\/\/i0.wp.com\/blogdalucianaoliveira.com.br\/blog\/wp-content\/uploads\/2020\/04\/0DC54393-68ED-4902-B070-A175A200B202.jpeg?fit=828%2C1153\" data-orig-size=\"828,1153\" data-comments-opened=\"0\" data-image-meta=\"{&quot;aperture&quot;:&quot;0&quot;,&quot;credit&quot;:&quot;&quot;,&quot;camera&quot;:&quot;&quot;,&quot;caption&quot;:&quot;&quot;,&quot;created_timestamp&quot;:&quot;0&quot;,&quot;copyright&quot;:&quot;&quot;,&quot;focal_length&quot;:&quot;0&quot;,&quot;iso&quot;:&quot;0&quot;,&quot;shutter_speed&quot;:&quot;0&quot;,&quot;title&quot;:&quot;&quot;,&quot;orientation&quot;:&quot;0&quot;}\" data-image-title=\"0DC54393-68ED-4902-B070-A175A200B202\" data-image-description=\"\" data-image-caption=\"\" data-medium-file=\"https:\/\/i0.wp.com\/blogdalucianaoliveira.com.br\/blog\/wp-content\/uploads\/2020\/04\/0DC54393-68ED-4902-B070-A175A200B202.jpeg?fit=215%2C300\" data-large-file=\"https:\/\/i0.wp.com\/blogdalucianaoliveira.com.br\/blog\/wp-content\/uploads\/2020\/04\/0DC54393-68ED-4902-B070-A175A200B202.jpeg?fit=600%2C836\" src=\"https:\/\/i0.wp.com\/blogdalucianaoliveira.com.br\/blog\/wp-content\/uploads\/2020\/04\/0DC54393-68ED-4902-B070-A175A200B202.jpeg?fit=600%2C836\" alt=\"\" class=\"wp-image-27750\" srcset=\"https:\/\/i0.wp.com\/blogdalucianaoliveira.com.br\/blog\/wp-content\/uploads\/2020\/04\/0DC54393-68ED-4902-B070-A175A200B202.jpeg?w=828 828w, https:\/\/i0.wp.com\/blogdalucianaoliveira.com.br\/blog\/wp-content\/uploads\/2020\/04\/0DC54393-68ED-4902-B070-A175A200B202.jpeg?resize=215%2C300 215w, https:\/\/i0.wp.com\/blogdalucianaoliveira.com.br\/blog\/wp-content\/uploads\/2020\/04\/0DC54393-68ED-4902-B070-A175A200B202.jpeg?resize=735%2C1024 735w, https:\/\/i0.wp.com\/blogdalucianaoliveira.com.br\/blog\/wp-content\/uploads\/2020\/04\/0DC54393-68ED-4902-B070-A175A200B202.jpeg?resize=768%2C1069 768w\" sizes=\"auto, (max-width: 600px) 100vw, 600px\" \/><\/figure>\n","protected":false},"excerpt":{"rendered":"<p>O partido pol\u00edtico encaminhou pedido ao Tribunal de Contas questionando alguns aspectos do projeto do Programa.<\/p>\n","protected":false},"author":1,"featured_media":0,"comment_status":"closed","ping_status":"open","sticky":false,"template":"","format":"standard","meta":{"_exactmetrics_skip_tracking":false,"_exactmetrics_sitenote_active":false,"_exactmetrics_sitenote_note":"","_exactmetrics_sitenote_category":0,"jetpack_post_was_ever_published":false,"_jetpack_newsletter_access":"","_jetpack_dont_email_post_to_subs":false,"_jetpack_newsletter_tier_id":0,"_jetpack_memberships_contains_paywalled_content":false,"_jetpack_memberships_contains_paid_content":false,"footnotes":"","jetpack_publicize_message":"","jetpack_publicize_feature_enabled":true,"jetpack_social_post_already_shared":true,"jetpack_social_options":{"image_generator_settings":{"template":"highway","enabled":false},"version":2}},"categories":[1],"tags":[],"class_list":["post-27749","post","type-post","status-publish","format-standard","hentry","category-notas"],"jetpack_publicize_connections":[],"jetpack_sharing_enabled":true,"jetpack_featured_media_url":"","jetpack_shortlink":"https:\/\/wp.me\/p7wKYW-7dz","jetpack-related-posts":[],"_links":{"self":[{"href":"http:\/\/blogdalucianaoliveira.com.br\/blog\/wp-json\/wp\/v2\/posts\/27749","targetHints":{"allow":["GET"]}}],"collection":[{"href":"http:\/\/blogdalucianaoliveira.com.br\/blog\/wp-json\/wp\/v2\/posts"}],"about":[{"href":"http:\/\/blogdalucianaoliveira.com.br\/blog\/wp-json\/wp\/v2\/types\/post"}],"author":[{"embeddable":true,"href":"http:\/\/blogdalucianaoliveira.com.br\/blog\/wp-json\/wp\/v2\/users\/1"}],"replies":[{"embeddable":true,"href":"http:\/\/blogdalucianaoliveira.com.br\/blog\/wp-json\/wp\/v2\/comments?post=27749"}],"version-history":[{"count":1,"href":"http:\/\/blogdalucianaoliveira.com.br\/blog\/wp-json\/wp\/v2\/posts\/27749\/revisions"}],"predecessor-version":[{"id":27752,"href":"http:\/\/blogdalucianaoliveira.com.br\/blog\/wp-json\/wp\/v2\/posts\/27749\/revisions\/27752"}],"wp:attachment":[{"href":"http:\/\/blogdalucianaoliveira.com.br\/blog\/wp-json\/wp\/v2\/media?parent=27749"}],"wp:term":[{"taxonomy":"category","embeddable":true,"href":"http:\/\/blogdalucianaoliveira.com.br\/blog\/wp-json\/wp\/v2\/categories?post=27749"},{"taxonomy":"post_tag","embeddable":true,"href":"http:\/\/blogdalucianaoliveira.com.br\/blog\/wp-json\/wp\/v2\/tags?post=27749"}],"curies":[{"name":"wp","href":"https:\/\/api.w.org\/{rel}","templated":true}]}}