{"id":27756,"date":"2020-04-25T19:15:37","date_gmt":"2020-04-25T23:15:37","guid":{"rendered":"http:\/\/blogdalucianaoliveira.com.br\/blog\/?p=27756"},"modified":"2020-04-25T19:17:31","modified_gmt":"2020-04-25T23:17:31","slug":"pf-aponta-carlos-bolsonaro-como-articulador-de-esquema-de-fake-news","status":"publish","type":"post","link":"http:\/\/blogdalucianaoliveira.com.br\/blog\/2020\/04\/25\/pf-aponta-carlos-bolsonaro-como-articulador-de-esquema-de-fake-news\/","title":{"rendered":"PF aponta Carlos Bolsonaro como articulador de esquema de fake news"},"content":{"rendered":"\n<figure class=\"wp-block-image size-large\"><img data-recalc-dims=\"1\" loading=\"lazy\" decoding=\"async\" width=\"600\" height=\"360\" data-attachment-id=\"27757\" data-permalink=\"http:\/\/blogdalucianaoliveira.com.br\/blog\/2020\/04\/25\/pf-aponta-carlos-bolsonaro-como-articulador-de-esquema-de-fake-news\/image-3-10\/\" data-orig-file=\"https:\/\/i0.wp.com\/blogdalucianaoliveira.com.br\/blog\/wp-content\/uploads\/2020\/04\/image-3.png?fit=1024%2C615\" data-orig-size=\"1024,615\" data-comments-opened=\"0\" data-image-meta=\"{&quot;aperture&quot;:&quot;0&quot;,&quot;credit&quot;:&quot;&quot;,&quot;camera&quot;:&quot;&quot;,&quot;caption&quot;:&quot;&quot;,&quot;created_timestamp&quot;:&quot;0&quot;,&quot;copyright&quot;:&quot;&quot;,&quot;focal_length&quot;:&quot;0&quot;,&quot;iso&quot;:&quot;0&quot;,&quot;shutter_speed&quot;:&quot;0&quot;,&quot;title&quot;:&quot;&quot;,&quot;orientation&quot;:&quot;0&quot;}\" data-image-title=\"image-3\" data-image-description=\"\" data-image-caption=\"\" data-medium-file=\"https:\/\/i0.wp.com\/blogdalucianaoliveira.com.br\/blog\/wp-content\/uploads\/2020\/04\/image-3.png?fit=300%2C180\" data-large-file=\"https:\/\/i0.wp.com\/blogdalucianaoliveira.com.br\/blog\/wp-content\/uploads\/2020\/04\/image-3.png?fit=600%2C360\" src=\"https:\/\/i0.wp.com\/blogdalucianaoliveira.com.br\/blog\/wp-content\/uploads\/2020\/04\/image-3.png?resize=600%2C360\" alt=\"\" class=\"wp-image-27757\" srcset=\"https:\/\/i0.wp.com\/blogdalucianaoliveira.com.br\/blog\/wp-content\/uploads\/2020\/04\/image-3.png?w=1024 1024w, https:\/\/i0.wp.com\/blogdalucianaoliveira.com.br\/blog\/wp-content\/uploads\/2020\/04\/image-3.png?resize=300%2C180 300w, https:\/\/i0.wp.com\/blogdalucianaoliveira.com.br\/blog\/wp-content\/uploads\/2020\/04\/image-3.png?resize=768%2C461 768w, https:\/\/i0.wp.com\/blogdalucianaoliveira.com.br\/blog\/wp-content\/uploads\/2020\/04\/image-3.png?resize=500%2C300 500w\" sizes=\"auto, (max-width: 600px) 100vw, 600px\" \/><\/figure>\n\n\n\n<h4 class=\"wp-block-heading\"><br>Dentro da Pol\u00edcia Federal, diz a reportagem da Folha, n\u00e3o h\u00e1 d\u00favidas de que Bolsonaro j\u00e1 sabia que a investiga\u00e7\u00e3o havia chegado ao filho 02<\/h4>\n\n\n\n<!--more-->\n\n\n\n<p>Uma investiga\u00e7\u00e3o sigilosa conduzida pela Pol\u00edcia Federal a pedido do Superior Tribunal Federal (STF) apontou que o vereador Carlos Bolsonaro (Republicanos), filho do presidente Jair Bolsonaro (sem partido), \u00e9 um dos articuladores de um esquema ilegal de propaga\u00e7\u00e3o de not\u00edcias falsas. A informa\u00e7\u00e3o foi publicada neste s\u00e1bado 25 pela&nbsp;<em>Folha de S.Paulo<\/em>.<\/p>\n\n\n\n<p>Segundo a reportagem, Bolsonaro vinha cobrando informa\u00e7\u00f5es a respeito desta investiga\u00e7\u00e3o, por telefone ou em reuni\u00f5es, do ent\u00e3o diretor Maur\u00edcio Valeixo, que teria resistido aos ass\u00e9dios presidenciais. Valeixo foi exonerado do cargo na sexta-feira 24, o que acabou provocando a sa\u00edda do ministro da Justi\u00e7a e Seguran\u00e7a P\u00fablica, Sergio Moro.<\/p>\n\n\n\n<p>De acordo com a&nbsp;<em>Folha<\/em>, dentro da Pol\u00edcia Federal n\u00e3o h\u00e1 d\u00favidas de que Bolsonaro j\u00e1 estava ciente de que a investiga\u00e7\u00e3o havia chegado at\u00e9 seu filho n\u00famero 2. Dessa forma, imaginou que trocar Valeixo poderia facilitar o caminho para obter mais informa\u00e7\u00f5es sobre a investiga\u00e7\u00e3o do Supremo ou at\u00e9 trocar os delegados envolvidos.<\/p>\n\n\n\n<p>O inqu\u00e9rito do STF foi aberto em mar\u00e7o do ano passado pelo presidente Dias Toffoli para apurar o uso de fake news contra os ministros da corte. Na sexta-feira 24, ap\u00f3s a queda de Valeixo e a sa\u00edda de Moro, o relator do inqu\u00e9rito do Supremo, ministro Alexandre de Moraes, determinou que a Pol\u00edcia Federal mantenha os delegados no caso.<\/p>\n\n\n\n<p><\/p>\n","protected":false},"excerpt":{"rendered":"<p>Dentro da Pol\u00edcia Federal, diz a reportagem da Folha, n\u00e3o h\u00e1 d\u00favidas de que Bolsonaro j\u00e1 sabia que a investiga\u00e7\u00e3o havia chegado ao filho 02<\/p>\n","protected":false},"author":1,"featured_media":0,"comment_status":"closed","ping_status":"open","sticky":false,"template":"","format":"standard","meta":{"_exactmetrics_skip_tracking":false,"_exactmetrics_sitenote_active":false,"_exactmetrics_sitenote_note":"","_exactmetrics_sitenote_category":0,"jetpack_post_was_ever_published":false,"_jetpack_newsletter_access":"","_jetpack_dont_email_post_to_subs":false,"_jetpack_newsletter_tier_id":0,"_jetpack_memberships_contains_paywalled_content":false,"_jetpack_memberships_contains_paid_content":false,"footnotes":"","jetpack_publicize_message":"","jetpack_publicize_feature_enabled":true,"jetpack_social_post_already_shared":true,"jetpack_social_options":{"image_generator_settings":{"template":"highway","enabled":false},"version":2}},"categories":[1],"tags":[],"class_list":["post-27756","post","type-post","status-publish","format-standard","hentry","category-notas"],"jetpack_publicize_connections":[],"jetpack_sharing_enabled":true,"jetpack_featured_media_url":"","jetpack_shortlink":"https:\/\/wp.me\/p7wKYW-7dG","jetpack-related-posts":[],"_links":{"self":[{"href":"http:\/\/blogdalucianaoliveira.com.br\/blog\/wp-json\/wp\/v2\/posts\/27756","targetHints":{"allow":["GET"]}}],"collection":[{"href":"http:\/\/blogdalucianaoliveira.com.br\/blog\/wp-json\/wp\/v2\/posts"}],"about":[{"href":"http:\/\/blogdalucianaoliveira.com.br\/blog\/wp-json\/wp\/v2\/types\/post"}],"author":[{"embeddable":true,"href":"http:\/\/blogdalucianaoliveira.com.br\/blog\/wp-json\/wp\/v2\/users\/1"}],"replies":[{"embeddable":true,"href":"http:\/\/blogdalucianaoliveira.com.br\/blog\/wp-json\/wp\/v2\/comments?post=27756"}],"version-history":[{"count":2,"href":"http:\/\/blogdalucianaoliveira.com.br\/blog\/wp-json\/wp\/v2\/posts\/27756\/revisions"}],"predecessor-version":[{"id":27759,"href":"http:\/\/blogdalucianaoliveira.com.br\/blog\/wp-json\/wp\/v2\/posts\/27756\/revisions\/27759"}],"wp:attachment":[{"href":"http:\/\/blogdalucianaoliveira.com.br\/blog\/wp-json\/wp\/v2\/media?parent=27756"}],"wp:term":[{"taxonomy":"category","embeddable":true,"href":"http:\/\/blogdalucianaoliveira.com.br\/blog\/wp-json\/wp\/v2\/categories?post=27756"},{"taxonomy":"post_tag","embeddable":true,"href":"http:\/\/blogdalucianaoliveira.com.br\/blog\/wp-json\/wp\/v2\/tags?post=27756"}],"curies":[{"name":"wp","href":"https:\/\/api.w.org\/{rel}","templated":true}]}}