{"id":27760,"date":"2020-04-25T19:27:45","date_gmt":"2020-04-25T23:27:45","guid":{"rendered":"http:\/\/blogdalucianaoliveira.com.br\/blog\/?p=27760"},"modified":"2020-04-25T19:27:53","modified_gmt":"2020-04-25T23:27:53","slug":"bolsonaro-confessou-com-todas-as-letras-que-quer-pf-atuando-de-modo-ilegal","status":"publish","type":"post","link":"http:\/\/blogdalucianaoliveira.com.br\/blog\/2020\/04\/25\/bolsonaro-confessou-com-todas-as-letras-que-quer-pf-atuando-de-modo-ilegal\/","title":{"rendered":"Bolsonaro confessou com todas as letras que quer PF atuando de modo ilegal"},"content":{"rendered":"\n<figure class=\"wp-block-image size-large\"><img data-recalc-dims=\"1\" loading=\"lazy\" decoding=\"async\" width=\"600\" height=\"288\" data-attachment-id=\"27761\" data-permalink=\"http:\/\/blogdalucianaoliveira.com.br\/blog\/2020\/04\/25\/bolsonaro-confessou-com-todas-as-letras-que-quer-pf-atuando-de-modo-ilegal\/f684ddf7-426b-43a9-b094-165e4ed1caad\/\" data-orig-file=\"https:\/\/i0.wp.com\/blogdalucianaoliveira.com.br\/blog\/wp-content\/uploads\/2020\/04\/F684DDF7-426B-43A9-B094-165E4ED1CAAD.jpeg?fit=800%2C384\" data-orig-size=\"800,384\" data-comments-opened=\"0\" data-image-meta=\"{&quot;aperture&quot;:&quot;0&quot;,&quot;credit&quot;:&quot;&quot;,&quot;camera&quot;:&quot;&quot;,&quot;caption&quot;:&quot;&quot;,&quot;created_timestamp&quot;:&quot;0&quot;,&quot;copyright&quot;:&quot;&quot;,&quot;focal_length&quot;:&quot;0&quot;,&quot;iso&quot;:&quot;0&quot;,&quot;shutter_speed&quot;:&quot;0&quot;,&quot;title&quot;:&quot;&quot;,&quot;orientation&quot;:&quot;0&quot;}\" data-image-title=\"F684DDF7-426B-43A9-B094-165E4ED1CAAD\" data-image-description=\"\" data-image-caption=\"\" data-medium-file=\"https:\/\/i0.wp.com\/blogdalucianaoliveira.com.br\/blog\/wp-content\/uploads\/2020\/04\/F684DDF7-426B-43A9-B094-165E4ED1CAAD.jpeg?fit=300%2C144\" data-large-file=\"https:\/\/i0.wp.com\/blogdalucianaoliveira.com.br\/blog\/wp-content\/uploads\/2020\/04\/F684DDF7-426B-43A9-B094-165E4ED1CAAD.jpeg?fit=600%2C288\" src=\"https:\/\/i0.wp.com\/blogdalucianaoliveira.com.br\/blog\/wp-content\/uploads\/2020\/04\/F684DDF7-426B-43A9-B094-165E4ED1CAAD.jpeg?resize=600%2C288\" alt=\"\" class=\"wp-image-27761\" srcset=\"https:\/\/i0.wp.com\/blogdalucianaoliveira.com.br\/blog\/wp-content\/uploads\/2020\/04\/F684DDF7-426B-43A9-B094-165E4ED1CAAD.jpeg?w=800 800w, https:\/\/i0.wp.com\/blogdalucianaoliveira.com.br\/blog\/wp-content\/uploads\/2020\/04\/F684DDF7-426B-43A9-B094-165E4ED1CAAD.jpeg?resize=300%2C144 300w, https:\/\/i0.wp.com\/blogdalucianaoliveira.com.br\/blog\/wp-content\/uploads\/2020\/04\/F684DDF7-426B-43A9-B094-165E4ED1CAAD.jpeg?resize=768%2C369 768w, https:\/\/i0.wp.com\/blogdalucianaoliveira.com.br\/blog\/wp-content\/uploads\/2020\/04\/F684DDF7-426B-43A9-B094-165E4ED1CAAD.jpeg?resize=625%2C300 625w\" sizes=\"auto, (max-width: 600px) 100vw, 600px\" \/><\/figure>\n\n\n\n<p>Reinaldo Azevedo &#8211; O presidente Jair Bolsonaro n\u00e3o tem intimidade nem com as leis nem com as palavras. No seu universo, essas coisas n\u00e3o parecem especialmente importantes. No seu estonteante pronunciamento desta sexta, em que falou de tudo e nada ao mesmo tempo, acabou confessando \u2014 e o fez na parte improvisada \u2014 que quer, de fato, uma Pol\u00edcia Federal que esteja a seu servi\u00e7o, n\u00e3o do Estado brasileiro.<\/p>\n\n\n\n<!--more-->\n\n\n\n<p>Vale dizer: antes mesmo que Sergio Moro exibisse uma prova de sua tentativa indevida de interfer\u00eancia na Pol\u00edcia Federal, o pr\u00f3prio presidente a confessou com todas as letras. Pior: afirmou que teve acesso, e \u00e9 preciso ver como, a dados sigilosos da investiga\u00e7\u00e3o sobre a morte de Marielle Franco. Sergio Moro entregou ao &#8220;Jornal Nacional&#8221; duas evid\u00eancias, digamos, &#8220;leves&#8221; da a\u00e7\u00e3o indevida do presidente. Imprudente como, ent\u00e3o, demonstra ser, \u00e9 de se supor que muitas outras existam. Leiam este trecho do seu pronunciamento: Sempre falei para ele: &#8216;Moro, n\u00e3o tenho informa\u00e7\u00f5es da Pol\u00edcia Federal. Eu tenho que todo o dia ter um relat\u00f3rio do que aconteceu, em especial nas \u00faltimas 24 horas, para poder bem decidir o futuro dessa na\u00e7\u00e3o&#8217;. Eu nunca pedi para ele o andamento de qualquer processo, at\u00e9 porque a intelig\u00eancia com ele perdeu espa\u00e7o na Justi\u00e7a. Quase que implorando informa\u00e7\u00f5es. E assim eu sempre cobrei informa\u00e7\u00f5es dos demais \u00f3rg\u00e3os de intelig\u00eancia oficiais do governo, como a Abin, que tem \u00e0 frente um delegado da Pol\u00edcia Federal, uma pessoa que eu conheci durante a minha campanha e tem um nome e \u00e9 respeitado pelos seus companheiros. RETOMO De que diabos de relat\u00f3rio fala o presidente? Inexiste tal procedimento. Mais: o que ele pede \u00e9 absolutamente ilegal. Nem o diretor-geral sabe das investiga\u00e7\u00f5es que est\u00e3o em curso no \u00f3rg\u00e3o. As dilig\u00eancias feitas pelos agentes federais s\u00e3o autorizadas por um juiz, podendo ser um ministro do Supremo quando a investiga\u00e7\u00e3o envolve pessoas com foro naquele tribunal.<\/p>\n\n\n\n<p>Prestem aten\u00e7\u00e3o a estes n\u00fameros: em 2018, a PF realizou 1.563 opera\u00e7\u00f5es e 9.938 pris\u00f5es; em 2019, houve uma queda expressiva, mas o n\u00famero \u00e9 ainda gigantesco: 1.062 opera\u00e7\u00f5es e 9.226 pris\u00f5es. Ser\u00e1 que Bolsonaro quer um relat\u00f3rio di\u00e1rio sobre todas essas a\u00e7\u00f5es? \u00c9 evidente que n\u00e3o! O que ele chama &#8220;relat\u00f3rio&#8221; corresponde, na verdade, a um pedido para ter acesso a dados sigilosos sobre algumas investiga\u00e7\u00f5es \u2014 em particular aquelas que dizem respeito a ele, \u00e0 sua fam\u00edlia e a seus aliados. Isso fica claro na sua troca de mensagens com Moro e, por incr\u00edvel que pare\u00e7a, em seu pr\u00f3prio depoimento. A ser assim, ele est\u00e1 confessando que quer um diretor-geral da PF que pratique crimes em s\u00e9rie. <br><\/p>\n\n\n\n<p>O &#8220;ZERO QUATRO&#8221; PEGADOR E INFORMA\u00c7\u00c3O SIGILOSA Em outro momento de seu pronunciamento, afirma Bolsonaro, daquele seu modo formidavelmente confuso: Quando no clamor da quest\u00e3o do porteiro, do caso Ad\u00e9lio [ELE SE CONFUNDIU; CERTAMENTE QUIS DIZER CASDO MARIELLE], que os dois ex-policiais teriam ido falar comigo, tamb\u00e9m apareceu que o meu filho 04 teria namorado a filha desse ex-sargento. Eu comecei a correr atr\u00e1s, primeiro eu chamei meu filho: &#8216;Abre o jogo&#8217;. &#8216;Pai, eu sa\u00ed com metade do condom\u00ednio, nem lembro quem \u00e9 essa menina, se \u00e9 que eu estive com ela&#8217;. Hoje a vida \u00e9 assim, a inten\u00e7\u00e3o de dizer que o meu filho namorava a filha do ex-sargento era que n\u00f3s t\u00ednhamos um relacionamento familiar.<\/p>\n\n\n\n<p>Eu n\u00e3o me lembro dele, pode ser at\u00e9 que tenha tirado foto com ele, durante pr\u00e9-campanha e campanha era comum eu tirar em m\u00e9dia 500 fotografias por dia, porque essa era a minha imprensa. E da\u00ed eu fiz um pedido para a Pol\u00edcia Federal, quase como um &#8220;por favor, cheguem em Mossor\u00f3 e interrogue o ex-sargento&#8221;. Foram l\u00e1, a PF fez at\u00e9 o trabalho, interrogou e est\u00e1 comigo a c\u00f3pia do interrogat\u00f3rio, onde ele diz simplesmente o seguinte: &#8216;A minha filha nunca namorou a filha do presidente Jair Bolsonaro, porque a minha filha sempre morou nos Estados Unidos&#8217;. Mas eu \u00e9 que tenho que correr atr\u00e1s disso? Ou \u00e9 o ministro, ou \u00e9 a Pol\u00edcia Federal que tem que se interessar? N\u00e3o \u00e9 pra me blindar, porque porque eu n\u00e3o estou em curso em nenhum crime.<\/p>\n\n\n\n<p>RETOMO Pela ordem! Presidente nem d\u00e1 ordens nem pede favor \u00e0 Pol\u00edcia Federal. Bolsonaro est\u00e1 afirmando que teve acesso, ent\u00e3o, com c\u00f3pia a dados sigilosos da investiga\u00e7\u00e3o, como \u00e9 o caso do depoimento. A Ag\u00eancia Brasileira de Intelig\u00eancia, sob o comando de Alexandre Ramagem Rodrigues, que agora vai para PF, parece fornecer os tais &#8220;relat\u00f3rios&#8221; para Bolsonaro. Convenham, leitores: a curiosidade de voc\u00eas n\u00e3o deve ser menor do que a minha. O que Bolsonaro pretende? Selecionar, num universo de mais de mil investiga\u00e7\u00f5es, aqueles que devem ser objetos de relat\u00f3rios? Pois \u00e9. N\u00e3o h\u00e1 como o Supremo n\u00e3o abrir a investiga\u00e7\u00e3o. Que vai ter de ser tocada pela Pol\u00edcia Federal. O presidente atua de modo a se meter ou numa farsa ou numa encrenca. Nem uma coisa nem outra s\u00e3o boas.<\/p>\n\n\n\n<p><\/p>\n","protected":false},"excerpt":{"rendered":"<p>Reinaldo Azevedo &#8211; O presidente Jair Bolsonaro n\u00e3o tem intimidade nem com as leis nem com as palavras. No seu universo, essas coisas n\u00e3o parecem especialmente importantes. No seu estonteante pronunciamento desta sexta, em que falou de tudo e nada ao mesmo tempo, acabou confessando \u2014 e o fez na parte improvisada \u2014 que quer,&#8230;<a class=\"more-link\" href=\"http:\/\/blogdalucianaoliveira.com.br\/blog\/2020\/04\/25\/bolsonaro-confessou-com-todas-as-letras-que-quer-pf-atuando-de-modo-ilegal\/\">Continue a leitura <span class=\"meta-nav\">&raquo;<\/span><\/a><\/p>\n","protected":false},"author":1,"featured_media":0,"comment_status":"closed","ping_status":"open","sticky":false,"template":"","format":"standard","meta":{"_exactmetrics_skip_tracking":false,"_exactmetrics_sitenote_active":false,"_exactmetrics_sitenote_note":"","_exactmetrics_sitenote_category":0,"jetpack_post_was_ever_published":false,"_jetpack_newsletter_access":"","_jetpack_dont_email_post_to_subs":false,"_jetpack_newsletter_tier_id":0,"_jetpack_memberships_contains_paywalled_content":false,"_jetpack_memberships_contains_paid_content":false,"footnotes":"","jetpack_publicize_message":"","jetpack_publicize_feature_enabled":true,"jetpack_social_post_already_shared":true,"jetpack_social_options":{"image_generator_settings":{"template":"highway","enabled":false},"version":2}},"categories":[1],"tags":[],"class_list":["post-27760","post","type-post","status-publish","format-standard","hentry","category-notas"],"jetpack_publicize_connections":[],"jetpack_sharing_enabled":true,"jetpack_featured_media_url":"","jetpack_shortlink":"https:\/\/wp.me\/p7wKYW-7dK","jetpack-related-posts":[],"_links":{"self":[{"href":"http:\/\/blogdalucianaoliveira.com.br\/blog\/wp-json\/wp\/v2\/posts\/27760","targetHints":{"allow":["GET"]}}],"collection":[{"href":"http:\/\/blogdalucianaoliveira.com.br\/blog\/wp-json\/wp\/v2\/posts"}],"about":[{"href":"http:\/\/blogdalucianaoliveira.com.br\/blog\/wp-json\/wp\/v2\/types\/post"}],"author":[{"embeddable":true,"href":"http:\/\/blogdalucianaoliveira.com.br\/blog\/wp-json\/wp\/v2\/users\/1"}],"replies":[{"embeddable":true,"href":"http:\/\/blogdalucianaoliveira.com.br\/blog\/wp-json\/wp\/v2\/comments?post=27760"}],"version-history":[{"count":1,"href":"http:\/\/blogdalucianaoliveira.com.br\/blog\/wp-json\/wp\/v2\/posts\/27760\/revisions"}],"predecessor-version":[{"id":27762,"href":"http:\/\/blogdalucianaoliveira.com.br\/blog\/wp-json\/wp\/v2\/posts\/27760\/revisions\/27762"}],"wp:attachment":[{"href":"http:\/\/blogdalucianaoliveira.com.br\/blog\/wp-json\/wp\/v2\/media?parent=27760"}],"wp:term":[{"taxonomy":"category","embeddable":true,"href":"http:\/\/blogdalucianaoliveira.com.br\/blog\/wp-json\/wp\/v2\/categories?post=27760"},{"taxonomy":"post_tag","embeddable":true,"href":"http:\/\/blogdalucianaoliveira.com.br\/blog\/wp-json\/wp\/v2\/tags?post=27760"}],"curies":[{"name":"wp","href":"https:\/\/api.w.org\/{rel}","templated":true}]}}