{"id":27765,"date":"2020-04-26T13:37:22","date_gmt":"2020-04-26T17:37:22","guid":{"rendered":"http:\/\/blogdalucianaoliveira.com.br\/blog\/?p=27765"},"modified":"2020-04-26T13:37:31","modified_gmt":"2020-04-26T17:37:31","slug":"e-dai-afirma-bolsonaro-sobre-indicacao-de-amigo-de-filho-para-comandar-pf","status":"publish","type":"post","link":"http:\/\/blogdalucianaoliveira.com.br\/blog\/2020\/04\/26\/e-dai-afirma-bolsonaro-sobre-indicacao-de-amigo-de-filho-para-comandar-pf\/","title":{"rendered":"&#8216;E da\u00ed?&#8217;, afirma Bolsonaro sobre indica\u00e7\u00e3o de amigo de filho para comandar PF"},"content":{"rendered":"\n<figure class=\"wp-block-image size-large\"><img data-recalc-dims=\"1\" loading=\"lazy\" decoding=\"async\" width=\"600\" height=\"374\" data-attachment-id=\"27766\" data-permalink=\"http:\/\/blogdalucianaoliveira.com.br\/blog\/2020\/04\/26\/e-dai-afirma-bolsonaro-sobre-indicacao-de-amigo-de-filho-para-comandar-pf\/image-70-4\/\" data-orig-file=\"https:\/\/i0.wp.com\/blogdalucianaoliveira.com.br\/blog\/wp-content\/uploads\/2020\/04\/image-70.jpeg?fit=610%2C380\" data-orig-size=\"610,380\" data-comments-opened=\"0\" data-image-meta=\"{&quot;aperture&quot;:&quot;0&quot;,&quot;credit&quot;:&quot;&quot;,&quot;camera&quot;:&quot;&quot;,&quot;caption&quot;:&quot;&quot;,&quot;created_timestamp&quot;:&quot;0&quot;,&quot;copyright&quot;:&quot;&quot;,&quot;focal_length&quot;:&quot;0&quot;,&quot;iso&quot;:&quot;0&quot;,&quot;shutter_speed&quot;:&quot;0&quot;,&quot;title&quot;:&quot;&quot;,&quot;orientation&quot;:&quot;0&quot;}\" data-image-title=\"image-70\" data-image-description=\"\" data-image-caption=\"\" data-medium-file=\"https:\/\/i0.wp.com\/blogdalucianaoliveira.com.br\/blog\/wp-content\/uploads\/2020\/04\/image-70.jpeg?fit=300%2C187\" data-large-file=\"https:\/\/i0.wp.com\/blogdalucianaoliveira.com.br\/blog\/wp-content\/uploads\/2020\/04\/image-70.jpeg?fit=600%2C374\" src=\"https:\/\/i0.wp.com\/blogdalucianaoliveira.com.br\/blog\/wp-content\/uploads\/2020\/04\/image-70.jpeg?resize=600%2C374\" alt=\"\" class=\"wp-image-27766\" srcset=\"https:\/\/i0.wp.com\/blogdalucianaoliveira.com.br\/blog\/wp-content\/uploads\/2020\/04\/image-70.jpeg?w=610 610w, https:\/\/i0.wp.com\/blogdalucianaoliveira.com.br\/blog\/wp-content\/uploads\/2020\/04\/image-70.jpeg?resize=300%2C187 300w, https:\/\/i0.wp.com\/blogdalucianaoliveira.com.br\/blog\/wp-content\/uploads\/2020\/04\/image-70.jpeg?resize=482%2C300 482w\" sizes=\"auto, (max-width: 600px) 100vw, 600px\" \/><\/figure>\n\n\n\n<p><strong>247<\/strong>\u00a0&#8211; Jair Bolsonaro defendeu neste domingo (26) para o comando da Pol\u00edcia Federal o nome de Alexandre Ramagem, amigo de seu filho e vereador, Carlos Bolsonaro. &#8220;E da\u00ed? Antes de conhecer meus filhos, eu conheci o Ramagem. Por isso deve ser vetado? Devo escolher algu\u00e9m amigo de quem?&#8221;, disse. O relato foi publicado no\u00a0<a href=\"https:\/\/www1.folha.uol.com.br\/poder\/2020\/04\/e-dai-diz-bolsonaro-sobre-indicacao-de-amigo-de-filho-para-comandar-pf.shtml?utm_source=twitter&amp;utm_medium=social&amp;utm_campaign=twfolha\">jornal Folha de S.Paulo<\/a>.<\/p>\n\n\n\n<!--more-->\n\n\n\n<p>Outro usu\u00e1rio da rede social postou na p\u00e1gina de Bolsonaro uma reportagem do jornal publicada neste s\u00e1bado (25) apontando que a Pol\u00edcia Federal identificou Carlos Bolsonaro como um dos articuladores de um esquema crimi noso de fake news. &#8220;Acreditando na Folha de S.Paulo. S\u00f3 quando criminalizarem a liberdade de express\u00e3o voc\u00ea vai aprender&#8221;, respondeu Bolsonaro.<\/p>\n","protected":false},"excerpt":{"rendered":"<p>247\u00a0&#8211; Jair Bolsonaro defendeu neste domingo (26) para o comando da Pol\u00edcia Federal o nome de Alexandre Ramagem, amigo de seu filho e vereador, Carlos Bolsonaro. &#8220;E da\u00ed? Antes de conhecer meus filhos, eu conheci o Ramagem. Por isso deve ser vetado? Devo escolher algu\u00e9m amigo de quem?&#8221;, disse. O relato foi publicado no\u00a0jornal Folha&#8230;<a class=\"more-link\" href=\"http:\/\/blogdalucianaoliveira.com.br\/blog\/2020\/04\/26\/e-dai-afirma-bolsonaro-sobre-indicacao-de-amigo-de-filho-para-comandar-pf\/\">Continue a leitura <span class=\"meta-nav\">&raquo;<\/span><\/a><\/p>\n","protected":false},"author":1,"featured_media":0,"comment_status":"closed","ping_status":"open","sticky":false,"template":"","format":"standard","meta":{"_exactmetrics_skip_tracking":false,"_exactmetrics_sitenote_active":false,"_exactmetrics_sitenote_note":"","_exactmetrics_sitenote_category":0,"jetpack_post_was_ever_published":false,"_jetpack_newsletter_access":"","_jetpack_dont_email_post_to_subs":false,"_jetpack_newsletter_tier_id":0,"_jetpack_memberships_contains_paywalled_content":false,"_jetpack_memberships_contains_paid_content":false,"footnotes":"","jetpack_publicize_message":"","jetpack_publicize_feature_enabled":true,"jetpack_social_post_already_shared":true,"jetpack_social_options":{"image_generator_settings":{"template":"highway","enabled":false},"version":2}},"categories":[1],"tags":[],"class_list":["post-27765","post","type-post","status-publish","format-standard","hentry","category-notas"],"jetpack_publicize_connections":[],"jetpack_sharing_enabled":true,"jetpack_featured_media_url":"","jetpack_shortlink":"https:\/\/wp.me\/p7wKYW-7dP","jetpack-related-posts":[],"_links":{"self":[{"href":"http:\/\/blogdalucianaoliveira.com.br\/blog\/wp-json\/wp\/v2\/posts\/27765","targetHints":{"allow":["GET"]}}],"collection":[{"href":"http:\/\/blogdalucianaoliveira.com.br\/blog\/wp-json\/wp\/v2\/posts"}],"about":[{"href":"http:\/\/blogdalucianaoliveira.com.br\/blog\/wp-json\/wp\/v2\/types\/post"}],"author":[{"embeddable":true,"href":"http:\/\/blogdalucianaoliveira.com.br\/blog\/wp-json\/wp\/v2\/users\/1"}],"replies":[{"embeddable":true,"href":"http:\/\/blogdalucianaoliveira.com.br\/blog\/wp-json\/wp\/v2\/comments?post=27765"}],"version-history":[{"count":1,"href":"http:\/\/blogdalucianaoliveira.com.br\/blog\/wp-json\/wp\/v2\/posts\/27765\/revisions"}],"predecessor-version":[{"id":27767,"href":"http:\/\/blogdalucianaoliveira.com.br\/blog\/wp-json\/wp\/v2\/posts\/27765\/revisions\/27767"}],"wp:attachment":[{"href":"http:\/\/blogdalucianaoliveira.com.br\/blog\/wp-json\/wp\/v2\/media?parent=27765"}],"wp:term":[{"taxonomy":"category","embeddable":true,"href":"http:\/\/blogdalucianaoliveira.com.br\/blog\/wp-json\/wp\/v2\/categories?post=27765"},{"taxonomy":"post_tag","embeddable":true,"href":"http:\/\/blogdalucianaoliveira.com.br\/blog\/wp-json\/wp\/v2\/tags?post=27765"}],"curies":[{"name":"wp","href":"https:\/\/api.w.org\/{rel}","templated":true}]}}