{"id":27774,"date":"2020-04-27T08:13:00","date_gmt":"2020-04-27T12:13:00","guid":{"rendered":"http:\/\/blogdalucianaoliveira.com.br\/blog\/?p=27774"},"modified":"2020-04-27T08:13:09","modified_gmt":"2020-04-27T12:13:09","slug":"apoio-ao-impeachment-de-bolsonaro-alcanca-54-e-aprovacao-de-moro-vai-a-57-apos-sair-do-governo","status":"publish","type":"post","link":"http:\/\/blogdalucianaoliveira.com.br\/blog\/2020\/04\/27\/apoio-ao-impeachment-de-bolsonaro-alcanca-54-e-aprovacao-de-moro-vai-a-57-apos-sair-do-governo\/","title":{"rendered":"Apoio ao impeachment de Bolsonaro alcan\u00e7a 54% e aprova\u00e7\u00e3o de Moro vai a 57% ap\u00f3s sair do Governo"},"content":{"rendered":"\n<figure class=\"wp-block-image size-large\"><img data-recalc-dims=\"1\" loading=\"lazy\" decoding=\"async\" width=\"600\" height=\"405\" data-attachment-id=\"27775\" data-permalink=\"http:\/\/blogdalucianaoliveira.com.br\/blog\/2020\/04\/27\/apoio-ao-impeachment-de-bolsonaro-alcanca-54-e-aprovacao-de-moro-vai-a-57-apos-sair-do-governo\/image-71-4\/\" data-orig-file=\"https:\/\/i0.wp.com\/blogdalucianaoliveira.com.br\/blog\/wp-content\/uploads\/2020\/04\/image-71.jpeg?fit=640%2C432\" data-orig-size=\"640,432\" data-comments-opened=\"0\" data-image-meta=\"{&quot;aperture&quot;:&quot;0&quot;,&quot;credit&quot;:&quot;&quot;,&quot;camera&quot;:&quot;&quot;,&quot;caption&quot;:&quot;&quot;,&quot;created_timestamp&quot;:&quot;0&quot;,&quot;copyright&quot;:&quot;&quot;,&quot;focal_length&quot;:&quot;0&quot;,&quot;iso&quot;:&quot;0&quot;,&quot;shutter_speed&quot;:&quot;0&quot;,&quot;title&quot;:&quot;&quot;,&quot;orientation&quot;:&quot;0&quot;}\" data-image-title=\"image-71\" data-image-description=\"\" data-image-caption=\"\" data-medium-file=\"https:\/\/i0.wp.com\/blogdalucianaoliveira.com.br\/blog\/wp-content\/uploads\/2020\/04\/image-71.jpeg?fit=300%2C203\" data-large-file=\"https:\/\/i0.wp.com\/blogdalucianaoliveira.com.br\/blog\/wp-content\/uploads\/2020\/04\/image-71.jpeg?fit=600%2C405\" src=\"https:\/\/i0.wp.com\/blogdalucianaoliveira.com.br\/blog\/wp-content\/uploads\/2020\/04\/image-71.jpeg?resize=600%2C405\" alt=\"\" class=\"wp-image-27775\" srcset=\"https:\/\/i0.wp.com\/blogdalucianaoliveira.com.br\/blog\/wp-content\/uploads\/2020\/04\/image-71.jpeg?w=640 640w, https:\/\/i0.wp.com\/blogdalucianaoliveira.com.br\/blog\/wp-content\/uploads\/2020\/04\/image-71.jpeg?resize=300%2C203 300w, https:\/\/i0.wp.com\/blogdalucianaoliveira.com.br\/blog\/wp-content\/uploads\/2020\/04\/image-71.jpeg?resize=444%2C300 444w\" sizes=\"auto, (max-width: 600px) 100vw, 600px\" \/><\/figure>\n\n\n\n<p>Nova pesquisa da Atlas Pol\u00edtico indica que, pela primeira vez, maioria da popula\u00e7\u00e3o \u00e9 favor\u00e1vel \u00e0 sa\u00edda do presidente. Imagem p\u00fablica do ex-ministro da Justi\u00e7a se fortalece.<\/p>\n\n\n\n<!--more-->\n\n\n\n<p><a href=\"https:\/\/brasil.elpais.com\/autor\/beatriz-juca-pinheiro\/\">BEATRIZ JUC\u00c1<\/a>, no El Pa\u00eds<\/p>\n\n\n\n<p>A guerra p\u00fablica travada entre o presidente\u00a0<a href=\"https:\/\/brasil.elpais.com\/noticias\/jair-messias-bolsonaro\/\">Jair Bolsonaro<\/a>\u00a0e o agora ex-ministro Sergio Moro em meio \u00e0s acusa\u00e7\u00f5es de interfer\u00eancia pol\u00edtica no comando da Pol\u00edcia Federal empurrou o presidente a um patamar in\u00e9dito no derretimento de sua imagem p\u00fablica: pela primeira vez na s\u00e9rie hist\u00f3rica de pesquisas realizadas pela\u00a0<a href=\"http:\/\/atlaspolitico.com.br\/downloads\/Atlas_BR_031820.pdf\">consultoria Atlas Pol\u00edtico<\/a>, a maioria dos entrevistados (54%) \u00e9 favor\u00e1vel a um processo de impeachment contra Bolsonaro. O presidente j\u00e1 vinha\u00a0<a rel=\"noreferrer noopener\" href=\"https:\/\/brasil.elpais.com\/brasil\/2020-03-19\/gestao-de-bolsonaro-do-coronavirus-e-reprovada-por-64-e-45-se-dizem-a-favor-de-impeachment.html\" target=\"_blank\">experimentando queda na aprova\u00e7\u00e3o de seu Governo<\/a>\u00a0desde fevereiro diante de seu comportamento err\u00e1tico durante a crise do coronav\u00edrus e do baixo desempenho econ\u00f4mico nesse per\u00edodo, mas os reflexos da demiss\u00e3o de seu ministro mais popular afetaram diretamente seu capital pol\u00edtico: 64,4% responderam que desaprovam seu desempenho enquanto 30% o aprovam. Enquanto isso, o\u00a0<a rel=\"noreferrer noopener\" href=\"https:\/\/brasil.elpais.com\/brasil\/2020-04-25\/moro-salva-o-que-resta-da-biografia-ao-terminar-um-casamento-de-conveniencia-com-bolsonaro.html\" target=\"_blank\">ex-ministro Sergio Moro fortalece a sua imagem p\u00fablica<\/a>\u00a0e v\u00ea sua aprova\u00e7\u00e3o chegar a 57%, \u00edndice que n\u00e3o alcan\u00e7ava desde a suspei\u00e7\u00e3o levantada sobre a sua atua\u00e7\u00e3o como juiz ap\u00f3s o\u00a0<a rel=\"noreferrer noopener\" href=\"https:\/\/brasil.elpais.com\/noticias\/vaza-jato\/\" target=\"_blank\">vazamento de mensagens<\/a>\u00a0de integrantes da for\u00e7a-tarefa da Lava Jato.<\/p>\n\n\n\n<p>Na \u00faltima sexta-feira, Moro deixou o cargo de superministro da Justi\u00e7a e da Seguran\u00e7a P\u00fablica. Na ocasi\u00e3o, fez graves acusa\u00e7\u00f5es contra o presidente Bolsonaro por querer interferir nas investiga\u00e7\u00f5es da Pol\u00edcia Federal, exonerando o diretor geral da corpora\u00e7\u00e3o, Maur\u00edcio Valeixo, \u00e0 revelia de seu ent\u00e3o ministro. Bolsonaro rebateu em um longo pronunciamento feito no mesmo dia, no qual acusava Moro de mentir e\u00a0<a rel=\"noreferrer noopener\" href=\"https:\/\/brasil.elpais.com\/brasil\/2020-04-24\/bolsonaro-nega-interferencia-na-pf-mas-diz-que-quer-nome-com-quem-possa-interagir.html\" target=\"_blank\">negava inten\u00e7\u00e3o de interferir na PF<\/a>. Ambos protagonizaram uma guerra pol\u00edtica em meio \u00e0 crise sanit\u00e1ria mais grave do s\u00e9culo que atingiu suas imagens p\u00fablicas. Em meio a esse cabo de guerra \u2015segundo indica a pesquisa do Atlas Pol\u00edtico feita com 2.000 pessoas entre os dias 24 e 26 de abril\u2015a\u00a0<a rel=\"noreferrer noopener\" href=\"https:\/\/brasil.elpais.com\/opiniao\/2020-04-25\/bolsonaro-fica-nu-ao-se-despir-das-tres-bandeiras-que-o-levaram-ao-poder.html\" target=\"_blank\">imagem do presidente saiu ferida<\/a>. A pesquisa, que tem uma margem de erro de dois pontos percentuais, mostra que 68% dos entrevistados discordam da demiss\u00e3o de Valeixo por Bolsonaro enquanto 72% concordam com as cr\u00edticas feitas por Moro ao presidente, como a alega\u00e7\u00e3o de tentativa de interferir politicamente em investiga\u00e7\u00f5es da PF.<\/p>\n\n\n\n<p><br>\u201cH\u00e1 uma queda sem precedentes da imagem positiva que o presidente tinha na nossa s\u00e9rie hist\u00f3rica. Isso se reflete em v\u00e1rias perguntas relacionadas, como a pergunta sobre o impeachment. Pela primeira vez, a gente observa uma maioria a favor num momento em que se come\u00e7a a discutir mais sobre isso, o que pode criar uma press\u00e3o popular sobre o Congresso\u201d, afirma o cientista pol\u00edtico Andrei Roman, criador do&nbsp;<a href=\"https:\/\/brasil.elpais.com\/noticias\/atlas-politico-noticias\/\">Atlas Pol\u00edtico<\/a>.<\/p>\n\n\n\n<figure class=\"wp-block-image\"><img data-recalc-dims=\"1\" decoding=\"async\" src=\"https:\/\/i0.wp.com\/imagens.brasil.elpais.com\/resizer\/_W42JXvLBtvOOWf4mCGsbRQllQs%3D\/768x0\/arc-anglerfish-eu-central-1-prod-prisa.s3.amazonaws.com\/public\/QZYYFLF4VZBZPJO6ON5DT4DKE4.png?w=600&#038;ssl=1\" alt=\"\"\/><figcaption>ATLAS POL\u00cdTICO<\/figcaption><\/figure>\n\n\n\n<p>O&nbsp;<a href=\"https:\/\/brasil.elpais.com\/brasil\/2020-04-25\/brasil-caminha-as-cegas-com-bolsonaro-enquanto-apoio-ao-governo-racha-apos-saida-de-moro.html\" target=\"_blank\" rel=\"noreferrer noopener\">embate entre Bolsonaro e Moro colocou o impeachment de volta ao debate p\u00fablico<\/a>. Oposicionistas t\u00eam aumentado a press\u00e3o na C\u00e2mara dos Deputados para iniciar um processo. A Casa j\u00e1 recebeu ao menos 19 pedidos que acusam o presidente de crime de responsabilidade, sendo oito deles protocolados neste ano. E um vig\u00e9simo pedido dever\u00e1 ser entregue nos pr\u00f3ximos dias pelo partido que elegeu Bolsonaro, PSL. Segundo a pesquisa do Atlas Pol\u00edtico, 58% das mulheres s\u00e3o favor\u00e1veis a um processo de destitui\u00e7\u00e3o do presidente enquanto entre homens o percentual cai para 49%. Analisando as respostas conforme a cren\u00e7a religiosa, o presidente ainda det\u00e9m forte apoio dos evang\u00e9licos, que t\u00eam base parlamentar importante no Congresso. Entre os evang\u00e9licos, apenas 39% s\u00e3o a favor do impeachment e 53% s\u00e3o contra. Entre cat\u00f3licos, por exemplo, esses percentuais s\u00e3o de 59% a favor da destitui\u00e7\u00e3o e 29% contra ela.<\/p>\n\n\n\n<figure class=\"wp-block-image\"><img data-recalc-dims=\"1\" decoding=\"async\" src=\"https:\/\/i0.wp.com\/imagens.brasil.elpais.com\/resizer\/nSsEFxPoiSCwAVyDkwwNJ_5Z3cg%3D\/768x0\/arc-anglerfish-eu-central-1-prod-prisa.s3.amazonaws.com\/public\/ZIFPGDG7OVHXBGZO4PNSZEGKOQ.png?w=600&#038;ssl=1\" alt=\"\"\/><figcaption>ATLAS POL\u00cdTICO<\/figcaption><\/figure>\n\n\n\n<p>Paralelo ao derretimento da imagem p\u00fablica de Bolsonaro,\u00a0<a rel=\"noreferrer noopener\" href=\"https:\/\/brasil.elpais.com\/politica\/2020-04-25\/no-berco-da-lava-jato-grupos-de-apoio-a-operacao-se-dividem-entre-moro-e-bolsonaro-nas-redes-direita-tambem-racha.html\" target=\"_blank\">Sergio Moro v\u00ea seu nome se fortalecer politicamente<\/a>\u00a0diante da opini\u00e3o p\u00fablica. O ministro chegou a ter sua imagem arranhada com as den\u00fancias da Vaza Jato, quando chegou a ter 48% de aprova\u00e7\u00e3o. Voltou a crescer e, durante a crise do coronav\u00edrus, manteve estabilidade, com\u00a0<a rel=\"noreferrer noopener\" href=\"https:\/\/brasil.elpais.com\/politica\/2020-04-15\/76-sao-contra-saida-de-mandetta-da-saude.html\" target=\"_blank\">cerca de 53% de aprova\u00e7\u00e3o<\/a>, em pesquisa do dia 15 de abril. Ao protagonizar o embate p\u00fablico com o presidente, viu sua aprova\u00e7\u00e3o voltar a crescer e atingir o percentual que tinha antes da suspei\u00e7\u00e3o sobre sua atua\u00e7\u00e3o como juiz da Lava Jato. Entre dez l\u00edderes pol\u00edticos inclu\u00eddos na pesquisa, Moro tem aprova\u00e7\u00e3o menor apenas que a de Henrique Mandetta, ex-ministro da Sa\u00fade que foi demitido por Bolsonaro por diverg\u00eancias na condu\u00e7\u00e3o da crise do coronav\u00edrus.<\/p>\n\n\n\n<figure class=\"wp-block-image\"><img data-recalc-dims=\"1\" decoding=\"async\" src=\"https:\/\/i0.wp.com\/imagens.brasil.elpais.com\/resizer\/o_Z5plIuv7h5S3JL8dWe-niWsgg%3D\/768x0\/arc-anglerfish-eu-central-1-prod-prisa.s3.amazonaws.com\/public\/Y57WIPWA4VBTLASG6C24H27KQI.png?w=600&#038;ssl=1\" alt=\"\"\/><figcaption>ATLAS POL\u00cdTICO<\/figcaption><\/figure>\n\n\n\n<p>Pela primeira vez, Bolsonaro tem \u00edndices de rejei\u00e7\u00e3o maiores que o ex-presidente Lula (PT). O presidente se elegeu em 2018 com forte discurso de polariza\u00e7\u00e3o, no qual combatia o petismo. Bolsonaro tamb\u00e9m tem menos popularidade que o ministro da economia Paulo Guedes, cuja aprova\u00e7\u00e3o s\u00f3 \u00e9 menor que a de Mandetta e Moro. L\u00edderes pol\u00edticos que se colocam como oposi\u00e7\u00e3o, como por exemplo Lula e Fernando Haddad, n\u00e3o t\u00eam crescido em meio \u00e0 crise. \u201cVoc\u00ea tem todo um desgaste do Bolsonaro, que n\u00e3o est\u00e1 conseguindo ser capitalizado pela esquerda, pela oposi\u00e7\u00e3o formal ao Governo. O desempenho de Lula e Haddad segue sendo o mesmo. Mas existe o surgimento dessas novas figuras de direita, como Mandetta e Moro, que se colocam fortes competidores para 2022\u201d, analisa Andrei Roman.<\/p>\n\n\n\n<figure class=\"wp-block-image\"><img data-recalc-dims=\"1\" decoding=\"async\" src=\"https:\/\/i0.wp.com\/imagens.brasil.elpais.com\/resizer\/y1fKCD3oM2Xhbm8dFITvBIAIR6I%3D\/768x0\/arc-anglerfish-eu-central-1-prod-prisa.s3.amazonaws.com\/public\/CR6VLUJJVFGM3BRKZFQMYISMBU.png?w=600&#038;ssl=1\" alt=\"\"\/><figcaption>ATLAS POL\u00cdTICO<\/figcaption><\/figure>\n\n\n\n<p><em>Inicialmente, publicamos que 52% eram favor\u00e1veis ao impeachment de Bolsonaro. O percentual correto \u00e9 de 54%.<\/em><\/p>\n","protected":false},"excerpt":{"rendered":"<p>Nova pesquisa da Atlas Pol\u00edtico indica que, pela primeira vez, maioria da popula\u00e7\u00e3o \u00e9 favor\u00e1vel \u00e0 sa\u00edda do presidente. Imagem p\u00fablica do ex-ministro da Justi\u00e7a se fortalece.<\/p>\n","protected":false},"author":1,"featured_media":0,"comment_status":"closed","ping_status":"open","sticky":false,"template":"","format":"standard","meta":{"_exactmetrics_skip_tracking":false,"_exactmetrics_sitenote_active":false,"_exactmetrics_sitenote_note":"","_exactmetrics_sitenote_category":0,"jetpack_post_was_ever_published":false,"_jetpack_newsletter_access":"","_jetpack_dont_email_post_to_subs":false,"_jetpack_newsletter_tier_id":0,"_jetpack_memberships_contains_paywalled_content":false,"_jetpack_memberships_contains_paid_content":false,"footnotes":"","jetpack_publicize_message":"","jetpack_publicize_feature_enabled":true,"jetpack_social_post_already_shared":true,"jetpack_social_options":{"image_generator_settings":{"template":"highway","enabled":false},"version":2}},"categories":[1],"tags":[],"class_list":["post-27774","post","type-post","status-publish","format-standard","hentry","category-notas"],"jetpack_publicize_connections":[],"jetpack_sharing_enabled":true,"jetpack_featured_media_url":"","jetpack_shortlink":"https:\/\/wp.me\/p7wKYW-7dY","jetpack-related-posts":[],"_links":{"self":[{"href":"http:\/\/blogdalucianaoliveira.com.br\/blog\/wp-json\/wp\/v2\/posts\/27774","targetHints":{"allow":["GET"]}}],"collection":[{"href":"http:\/\/blogdalucianaoliveira.com.br\/blog\/wp-json\/wp\/v2\/posts"}],"about":[{"href":"http:\/\/blogdalucianaoliveira.com.br\/blog\/wp-json\/wp\/v2\/types\/post"}],"author":[{"embeddable":true,"href":"http:\/\/blogdalucianaoliveira.com.br\/blog\/wp-json\/wp\/v2\/users\/1"}],"replies":[{"embeddable":true,"href":"http:\/\/blogdalucianaoliveira.com.br\/blog\/wp-json\/wp\/v2\/comments?post=27774"}],"version-history":[{"count":1,"href":"http:\/\/blogdalucianaoliveira.com.br\/blog\/wp-json\/wp\/v2\/posts\/27774\/revisions"}],"predecessor-version":[{"id":27776,"href":"http:\/\/blogdalucianaoliveira.com.br\/blog\/wp-json\/wp\/v2\/posts\/27774\/revisions\/27776"}],"wp:attachment":[{"href":"http:\/\/blogdalucianaoliveira.com.br\/blog\/wp-json\/wp\/v2\/media?parent=27774"}],"wp:term":[{"taxonomy":"category","embeddable":true,"href":"http:\/\/blogdalucianaoliveira.com.br\/blog\/wp-json\/wp\/v2\/categories?post=27774"},{"taxonomy":"post_tag","embeddable":true,"href":"http:\/\/blogdalucianaoliveira.com.br\/blog\/wp-json\/wp\/v2\/tags?post=27774"}],"curies":[{"name":"wp","href":"https:\/\/api.w.org\/{rel}","templated":true}]}}