{"id":27782,"date":"2020-04-27T17:33:59","date_gmt":"2020-04-27T21:33:59","guid":{"rendered":"http:\/\/blogdalucianaoliveira.com.br\/blog\/?p=27782"},"modified":"2020-04-27T17:34:09","modified_gmt":"2020-04-27T21:34:09","slug":"secretarios-de-saude-reclamam-de-teich-sem-dialogo-vacilante-e-tutelado","status":"publish","type":"post","link":"http:\/\/blogdalucianaoliveira.com.br\/blog\/2020\/04\/27\/secretarios-de-saude-reclamam-de-teich-sem-dialogo-vacilante-e-tutelado\/","title":{"rendered":"Secret\u00e1rios de Sa\u00fade reclamam de Teich: sem di\u00e1logo, vacilante e tutelado"},"content":{"rendered":"\n<figure class=\"wp-block-image\"><img data-recalc-dims=\"1\" decoding=\"async\" src=\"https:\/\/i0.wp.com\/publisher-publish.s3.eu-central-1.amazonaws.com\/pb-brasil247\/swp\/jtjeq9\/media\/20200419160440_a68b2f04-0a9f-428e-972c-cd33b73832aa.jpeg?w=600&#038;ssl=1\" alt=\"Nelson Teich com Jair Bolsonaro\"\/><\/figure>\n\n\n\n<p><strong>247 &#8211;\u00a0<\/strong>Secret\u00e1rios estaduais de Sa\u00fade reclamam do novo ministro da Sa\u00fade de Jair Bolsonaro, Nelson Teich. Segundo informa\u00e7\u00f5es divulgadas pelo\u00a0<a rel=\"noreferrer noopener\" target=\"_blank\" href=\"https:\/\/www1.folha.uol.com.br\/colunas\/painel\/2020\/04\/secretarios-de-saude-nao-conseguem-reuniao-com-teich-ha-10-dias-e-dizem-que-ministro-e-tutelado.shtml?utm_source=twitter&amp;utm_medium=social&amp;utm_campaign=comptw\">Painel da Folha de S. Paulo<\/a>, eles dizem que Teich \u00e9 frio, distante, vacilante e tutelado. Al\u00e9m disso, afirmam n\u00e3o conseguem reuni\u00e3o com o ministro h\u00e1 10 dias, desde o dia 17 de abril, quando ele tomou posse &#8211; mesmo com o aprofundamento da crise do coronav\u00edrus. Isso difere do ex-ministro, Luiz Henrique Mandetta, com quem eles afirmavam ter reuni\u00f5es di\u00e1rias. <\/p>\n","protected":false},"excerpt":{"rendered":"<p>247 &#8211;\u00a0Secret\u00e1rios estaduais de Sa\u00fade reclamam do novo ministro da Sa\u00fade de Jair Bolsonaro, Nelson Teich. Segundo informa\u00e7\u00f5es divulgadas pelo\u00a0Painel da Folha de S. Paulo, eles dizem que Teich \u00e9 frio, distante, vacilante e tutelado. Al\u00e9m disso, afirmam n\u00e3o conseguem reuni\u00e3o com o ministro h\u00e1 10 dias, desde o dia 17 de abril, quando ele&#8230;<a class=\"more-link\" href=\"http:\/\/blogdalucianaoliveira.com.br\/blog\/2020\/04\/27\/secretarios-de-saude-reclamam-de-teich-sem-dialogo-vacilante-e-tutelado\/\">Continue a leitura <span class=\"meta-nav\">&raquo;<\/span><\/a><\/p>\n","protected":false},"author":1,"featured_media":0,"comment_status":"closed","ping_status":"open","sticky":false,"template":"","format":"standard","meta":{"_exactmetrics_skip_tracking":false,"_exactmetrics_sitenote_active":false,"_exactmetrics_sitenote_note":"","_exactmetrics_sitenote_category":0,"jetpack_post_was_ever_published":false,"_jetpack_newsletter_access":"","_jetpack_dont_email_post_to_subs":false,"_jetpack_newsletter_tier_id":0,"_jetpack_memberships_contains_paywalled_content":false,"_jetpack_memberships_contains_paid_content":false,"footnotes":"","jetpack_publicize_message":"","jetpack_publicize_feature_enabled":true,"jetpack_social_post_already_shared":true,"jetpack_social_options":{"image_generator_settings":{"template":"highway","enabled":false},"version":2}},"categories":[1],"tags":[356],"class_list":["post-27782","post","type-post","status-publish","format-standard","hentry","category-notas","tag-teich-bolsonaro"],"jetpack_publicize_connections":[],"jetpack_sharing_enabled":true,"jetpack_featured_media_url":"","jetpack_shortlink":"https:\/\/wp.me\/p7wKYW-7e6","jetpack-related-posts":[],"_links":{"self":[{"href":"http:\/\/blogdalucianaoliveira.com.br\/blog\/wp-json\/wp\/v2\/posts\/27782","targetHints":{"allow":["GET"]}}],"collection":[{"href":"http:\/\/blogdalucianaoliveira.com.br\/blog\/wp-json\/wp\/v2\/posts"}],"about":[{"href":"http:\/\/blogdalucianaoliveira.com.br\/blog\/wp-json\/wp\/v2\/types\/post"}],"author":[{"embeddable":true,"href":"http:\/\/blogdalucianaoliveira.com.br\/blog\/wp-json\/wp\/v2\/users\/1"}],"replies":[{"embeddable":true,"href":"http:\/\/blogdalucianaoliveira.com.br\/blog\/wp-json\/wp\/v2\/comments?post=27782"}],"version-history":[{"count":1,"href":"http:\/\/blogdalucianaoliveira.com.br\/blog\/wp-json\/wp\/v2\/posts\/27782\/revisions"}],"predecessor-version":[{"id":27783,"href":"http:\/\/blogdalucianaoliveira.com.br\/blog\/wp-json\/wp\/v2\/posts\/27782\/revisions\/27783"}],"wp:attachment":[{"href":"http:\/\/blogdalucianaoliveira.com.br\/blog\/wp-json\/wp\/v2\/media?parent=27782"}],"wp:term":[{"taxonomy":"category","embeddable":true,"href":"http:\/\/blogdalucianaoliveira.com.br\/blog\/wp-json\/wp\/v2\/categories?post=27782"},{"taxonomy":"post_tag","embeddable":true,"href":"http:\/\/blogdalucianaoliveira.com.br\/blog\/wp-json\/wp\/v2\/tags?post=27782"}],"curies":[{"name":"wp","href":"https:\/\/api.w.org\/{rel}","templated":true}]}}