{"id":27787,"date":"2020-04-27T17:51:33","date_gmt":"2020-04-27T21:51:33","guid":{"rendered":"http:\/\/blogdalucianaoliveira.com.br\/blog\/?p=27787"},"modified":"2020-04-27T17:51:36","modified_gmt":"2020-04-27T21:51:36","slug":"os-6-casos-envolvendo-aliados-ou-familia-de-bolsonaro-que-ficam-em-evidencia-com-mudanca-de-comando-da-pf","status":"publish","type":"post","link":"http:\/\/blogdalucianaoliveira.com.br\/blog\/2020\/04\/27\/os-6-casos-envolvendo-aliados-ou-familia-de-bolsonaro-que-ficam-em-evidencia-com-mudanca-de-comando-da-pf\/","title":{"rendered":"Os 6 casos envolvendo aliados ou fam\u00edlia de Bolsonaro que ficam em evid\u00eancia com mudan\u00e7a de comando da PF"},"content":{"rendered":"\n<figure class=\"wp-block-image\"><img data-recalc-dims=\"1\" decoding=\"async\" src=\"https:\/\/i0.wp.com\/ichef.bbci.co.uk\/news\/660\/cpsprodpb\/2A33\/production\/_111930801_cc343854-7d72-4ad2-b3fe-5daf8220574e.jpg?w=600&#038;ssl=1\" alt=\"Carlos, Fl\u00e1vio, Jair e Eduardo Bolsonaro\"\/><\/figure>\n\n\n\n<p>Na BBC &#8211; As circunst\u00e2ncias da sa\u00edda do ex-ministro Sergio Moro do governo Jair Bolsonaro alimentaram questionamentos sobre como um novo comando na Pol\u00edcia Federal poderia afetar casos que envolvem filhos e aliados do presidente.<\/p>\n\n\n\n<!--more-->\n\n\n\n<p>Moro atribuiu sua sa\u00edda do Minist\u00e9rio da Justi\u00e7a a press\u00f5es que o presidente estaria exercendo sobre a Pol\u00edcia Federal, que classificou de &#8220;inadequadas&#8221;. Segundo o ex-juiz da Lava Jato, Bolsonaro chegou a pedir informa\u00e7\u00f5es sobre investiga\u00e7\u00f5es em andamento, amea\u00e7ando a autonomia da corpora\u00e7\u00e3o.<\/p>\n\n\n\n<p>Bolsonaro negou, no mesmo dia, que tenha tentado interferir na Pol\u00edcia Federal (PF). &#8220;Nunca pedi para ele (Moro) que a PF me blindasse onde quer que fosse&#8221;, disse o presidente. Ele afirmou, no entanto, que&nbsp;<a href=\"https:\/\/www.bbc.com\/portuguese\/brasil-52420754\">pediu informa\u00e7\u00f5es sobre as atividades da PF a Moro para &#8220;bem decidir o futuro dessa na\u00e7\u00e3o&#8221;<\/a>.<\/p>\n\n\n\n<p>A exonera\u00e7\u00e3o de Maur\u00edcio Valeixo do cargo de diretor-geral da Pol\u00edcia Federal foi publicada na sexta-feira (24\/04). Alexandre Ramagem, atual diretor da Abin (Ag\u00eancia Brasileira de Intelig\u00eancia), \u00e9 apontado como prov\u00e1vel novo diretor-geral da Pol\u00edcia Federal.<\/p>\n\n\n\n<p>No domingo (26\/04), Bolsonaro respondeu &#8220;e da\u00ed?&#8221;, em rede social, a uma mensagem que dizia que Alexandre Ramagem \u00e9 amigo dos filhos do presidente.<\/p>\n\n\n\n<p>&#8220;E da\u00ed? Antes de conhecer os meus filhos eu conheci o Ramagem. Por isso deve ser vetado? Devo escolher algu\u00e9m amigo de quem?&#8221;, escreveu Bolsonaro.<\/p>\n\n\n\n<h2 class=\"wp-block-heading\">Interfer\u00eancias?<\/h2>\n\n\n\n<p>A Federa\u00e7\u00e3o Nacional dos Policiais Federais (Fenapef), que representa quase 15 mil policiais federais de todo o pa\u00eds, divulgou nota na qual diz que &#8220;a Pol\u00edcia Federal \u00e9 uma pol\u00edcia de Estado e n\u00e3o de governo e, por isso, acredita e defende que jamais a institui\u00e7\u00e3o deve ser atingida por interfer\u00eancias pol\u00edticas&#8221;.<\/p>\n\n\n\n<p>O presidente da Fenapef, Lu\u00eds Ant\u00f4nio Boudens, disse \u00e0 BBC News Brasil que a federa\u00e7\u00e3o vai refor\u00e7ar a vigil\u00e2ncia sobre eventuais tentativas de interfer\u00eancia pol\u00edtica.<\/p>\n\n\n\n<p>&#8220;Aumenta o nosso cuidado nosso com a preserva\u00e7\u00e3o de policiais envolvidos nas investiga\u00e7\u00f5es. Nossa vigil\u00e2ncia ser\u00e1 mais atenta&#8221;, afirmou.<\/p>\n\n\n\n<p>Ele refor\u00e7a que \u00e9 prerrogativa do presidente da Rep\u00fablica escolher o diretor-geral da PF, mas disse que &#8220;se cria um alerta&#8221; quando se fala em rela\u00e7\u00e3o de amizade. &#8220;N\u00f3s n\u00e3o consideramos, a n\u00e3o ser que haja motiva\u00e7\u00e3o descoberta, que a troca de diretor-geral \u00e9 uma interfer\u00eancia. Isso \u00e9 previsto em lei, n\u00e3o h\u00e1 que se falar em atropelo&#8221;.<\/p>\n\n\n\n<p>Quando se fala em eventual tentativa de interven\u00e7\u00e3o na PF para minar investiga\u00e7\u00f5es, os dois pontos centrais, segundo Boudens, s\u00e3o mudan\u00e7as em equipes de investigadores e algum tipo de corte desproporcional de verbas para \u00e1reas da Pol\u00edcia Federal.<\/p>\n\n\n\n<p>&#8220;A remo\u00e7\u00e3o de policiais de equipe de investiga\u00e7\u00e3o sem motivo plaus\u00edvel \u00e9 algo que geraria suspeita&#8221;, explica Boudens.<\/p>\n\n\n\n<p>Veja, a seguir, 6 casos que envolvem pessoas pr\u00f3ximas ao presidente Jair Bolsonaro e que t\u00eam alguma rela\u00e7\u00e3o com a Pol\u00edcia Federal:<\/p>\n\n\n\n<figure class=\"wp-block-image\"><img data-recalc-dims=\"1\" decoding=\"async\" src=\"https:\/\/i0.wp.com\/ichef.bbci.co.uk\/news\/624\/cpsprodpb\/14A22\/production\/_110641548_hi058415541.jpg?w=600&#038;ssl=1\" alt=\"Sergio Moro\"\/><figcaption>Image captionEx-juiz da Lava Jato, Moro anunciou sua demiss\u00e3o do governo e acusou o presidente Bolsonaro de tentar interferir em investiga\u00e7\u00f5es<\/figcaption><\/figure>\n\n\n\n<h2 class=\"wp-block-heading\">1. CPMI das fake news<\/h2>\n\n\n\n<p>Dois filhos do presidente Jair Bolsonaro &#8211; Carlos Bolsonaro, vereador do Rio, e Eduardo Bolsonaro, deputado federal &#8211; s\u00e3o investigados pela Comiss\u00e3o Parlamentar Mista de Inqu\u00e9rito (CPMI) das Fake News.<\/p>\n\n\n\n<p>Depoimentos \u00e0 comiss\u00e3o denunciaram a participa\u00e7\u00e3o de Carlos e Eduardo em campanhas na internet para atacar advers\u00e1rios pol\u00edticos, com uso frequente de not\u00edcias falsas.<\/p>\n\n\n\n<p>Alvo de ataques em sites e redes sociais, a deputada federal e ex-l\u00edder do governo Joice Hasselmann (PSL-SP) apresentou um dossi\u00ea \u00e0 comiss\u00e3o e acusou Carlos e Eduardo Bolsonaro de impulsionar os ataques. Outro deputado federal, Alexandre Frota (PSDB-SP), tamb\u00e9m alvo de ataques e outro ex-aliado, fez acusa\u00e7\u00f5es semelhantes.<\/p>\n\n\n\n<p>Frota disse que documentos enviados pelo Facebook \u00e0 C\u00e2mara implicavam Eduardo Guimar\u00e3es, um assessor de Eduardo, no esquema de ataques virtuais. Segundo Frota, os documentos revelaram que o computador de Guimar\u00e3es est\u00e1 vinculado \u00e0 conta do Instagram Bolsofeios, que faz v\u00e1rios ataques contra jornalistas e cr\u00edticos do governo.<\/p>\n\n\n\n<p>Eduardo Bolsonaro disse desconhecer qualquer v\u00ednculo entre seu assessor e a conta.<\/p>\n\n\n\n<p>A BBC News Brasil perguntou ao gabinete de Carlos qual sua posi\u00e7\u00e3o em rela\u00e7\u00e3o \u00e0s den\u00fancias, mas n\u00e3o obteve resposta.<\/p>\n\n\n\n<p>O trabalho da CPMI foi refor\u00e7ado, desde o fim do ano passado, por um delegado e um perito criminal especializados em crime cibern\u00e9tico.<\/p>\n\n\n\n<p>Em 22 de abril, o presidente do Senado, Davi Alcolumbre (DEM), determinou a suspens\u00e3o dos prazos da comiss\u00e3o durante a pandemia do coronav\u00edrus. Com a decis\u00e3o, que contraria os interesses da fam\u00edlia Bolsonaro, os congressistas ter\u00e3o mais tempo para investigar o tema.<\/p>\n\n\n\n<p>O presidente da CPI Mista das Fake News, senador Angelo Coronel (PSD-BA), j\u00e1 disse que pretende convocar Moro para falar \u00e0 comiss\u00e3o.<\/p>\n\n\n\n<h2 class=\"wp-block-heading\">2. Inqu\u00e9rito das fake news<\/h2>\n\n\n\n<p>O Supremo Tribunal Federal (STF) determinou a abertura de uma investiga\u00e7\u00e3o sobre ataques a membros da corte e do Congresso. A investiga\u00e7\u00e3o, que tramita em sigilo, teve acesso \u00e0s informa\u00e7\u00f5es colhidas pela CPMI das Fake News e pode se tornar outra fonte de preocupa\u00e7\u00e3o para Eduardo e Carlos Bolsonaro.<\/p>\n\n\n\n<p>Embora a tramita\u00e7\u00e3o seja sigilosa, alguns resultados j\u00e1 foram divulgados pela imprensa. Segundo a Folha de S.Paulo, a Pol\u00edcia Federal identificou Carlos Bolsonaro como um dos articuladores de um esquema criminoso de fake news. E, segundo o Estad\u00e3o, foram identificados empres\u00e1rios bolsonaristas que estariam financiando ataques contra ministros da Corte nas redes sociais.<\/p>\n\n\n\n<p>Ap\u00f3s a sa\u00edda de Moro com acusa\u00e7\u00f5es contra Bolsonaro, o ministro do STF Alexandre de Moraes, que \u00e9 relator do caso, determinou que o comando da Pol\u00edcia Federal mantenha nos postos os delegados da PF que trabalham nesse caso. A medida foi vista como uma forma de evitar que uma eventual substitui\u00e7\u00e3o na dire\u00e7\u00e3o-geral da PF influencie a investiga\u00e7\u00e3o.<\/p>\n\n\n\n<p>Boudens, da Fenapef, diz que o ministro do Supremo foi \u00e1gil. &#8220;Podemos at\u00e9 questionar constitucionalmente aquilo, porque a PF que teria que decidir sobre seus pr\u00f3prios coordenadores, mas entendo que ele acertou ao tomar a medida como preventiva&#8221;.<\/p>\n\n\n\n<figure class=\"wp-block-image\"><img data-recalc-dims=\"1\" decoding=\"async\" src=\"https:\/\/i0.wp.com\/ichef.bbci.co.uk\/news\/624\/cpsprodpb\/15C54\/production\/_111927198_whatsubject.jpg?w=600&#038;ssl=1\" alt=\"Carlos, Fl\u00e1vio e Eduardo Bolsonaro\"\/><figcaption>Image captionCarlos, Fl\u00e1vio e Eduardo Bolsonaro<\/figcaption><\/figure>\n\n\n\n<h2 class=\"wp-block-heading\">3. Investiga\u00e7\u00e3o de atos pr\u00f3-golpe<\/h2>\n\n\n\n<p>O ministro Alexandre de Moraes, do STF, autorizou a abertura de inqu\u00e9rito para investigar as manifesta\u00e7\u00f5es realizadas no dia 19 de abril. O pedido de investiga\u00e7\u00e3o foi feito pelo procurador-geral da Rep\u00fablica, Augusto Aras, para apurar se houve ato contra a democracia por deputados federais, o que justifica a compet\u00eancia do STF no caso. Este inqu\u00e9rito tamb\u00e9m est\u00e1 sob sigilo.<\/p>\n\n\n\n<p>Nessa data, o presidente Jair Bolsonaro fez pronunciamento a manifestantes em frente ao Quartel General do Ex\u00e9rcito. Entre os manifestantes, havia defensores do fechamento do Congresso, do STF e de um novo AI-5, o ato institucional que endureceu o regime militar e suprimiu direitos e liberdades. O presidente n\u00e3o est\u00e1 no pedido de inqu\u00e9rito.<\/p>\n\n\n\n<p>Tamb\u00e9m em rela\u00e7\u00e3o a essa investiga\u00e7\u00e3o, o ministro Alexandre de Moraes, que \u00e9 relator e respons\u00e1vel por coordenar as investiga\u00e7\u00f5es junto \u00e0 Pol\u00edcia Federal, determinou que a PF mantenha nos postos os delegados que j\u00e1 trabalham no caso.<\/p>\n\n\n\n<h2 class=\"wp-block-heading\">4. Caso Queiroz e a Superintend\u00eancia da PF no Rio<\/h2>\n\n\n\n<p>Em agosto de 2019, Bolsonaro anunciou a troca de superintendente da Pol\u00edcia Federal no Rio de Janeiro: Ricardo Saadi foi substitu\u00eddo por Carlos Henrique Oliveira. O presidente mencionou problemas de &#8220;gest\u00e3o e produtividade&#8221;, mas a institui\u00e7\u00e3o negou problemas de desempenho da chefia.<\/p>\n\n\n\n<p>Embora o superintendente da PF no Rio n\u00e3o tivesse inger\u00eancia sobre casos envolvendo a fam\u00edlia Bolsonaro, houve uma avalia\u00e7\u00e3o de que Bolsonaro trocou o superintendente porque a atua\u00e7\u00e3o de Saadi estava em sintonia com autoridades que lidavam com o Caso Queiroz \u2014 que investiga supostos elos entre mil\u00edcias do Rio de Janeiro \u2014 no \u00e2mbito estadual, com o Minist\u00e9rio P\u00fablico do Rio de Janeiro.<\/p>\n\n\n\n<p>Fabr\u00edcio Queiroz, ex-assessor de Fl\u00e1vio Bolsonaro na Assembleia Legislativa do Rio de Janeiro (Alerj) e amigo de Jair Bolsonaro desde a d\u00e9cada de 1980, passou a ser investigado em 2018 depois que o Coaf (atual Unidade de Intelig\u00eancia Financeira) identificou diversas transa\u00e7\u00f5es suspeitas.<\/p>\n\n\n\n<p>Segundo o \u00f3rg\u00e3o, Queiroz movimentou R$ 1,2 milh\u00e3o entre janeiro de 2016 e janeiro de 2017, valor que seria incompat\u00edvel com seu patrim\u00f4nio e ocupa\u00e7\u00e3o, e recebeu transfer\u00eancias em sua conta de sete servidores que passaram pelo gabinete de Fl\u00e1vio.<\/p>\n\n\n\n<p>Essas movimenta\u00e7\u00f5es at\u00edpicas, que vieram \u00e0 tona num bra\u00e7o da Opera\u00e7\u00e3o Lava Jato, levaram a uma investiga\u00e7\u00e3o do Minist\u00e9rio P\u00fablico do Rio de Janeiro. H\u00e1 a suspeita de que as transfer\u00eancias se devessem a um esquema de &#8220;rachadinha&#8221;, no qual parte dos sal\u00e1rios dos assessores seria devolvida a Fl\u00e1vio ou destinada a outro fins, o que Fl\u00e1vio nega.<\/p>\n\n\n\n<p>Fl\u00e1vio recorreu ao Supremo Tribunal Federal para barrar a apura\u00e7\u00e3o, mas foi derrotado, e as investiga\u00e7\u00f5es foram retomadas por decis\u00e3o do ministro Gilmar Mendes.<\/p>\n\n\n\n<p>Na semana passada, em outro rev\u00e9s para o senador, o ministro Felix Fischer, do Superior Tribunal de Justi\u00e7a (STJ), negou um pedido para que as investiga\u00e7\u00f5es fossem suspensas.<\/p>\n\n\n\n<p>Para os investigadores, Fl\u00e1vio Bolsonaro \u00e9 chefe de uma organiza\u00e7\u00e3o criminosa que atuou em seu gabinete na Assembleia Legislativa entre 2007 e 2018, e parte dos recursos movimentados no esquema foi lavada em uma franquia de chocolate da qual ele \u00e9 s\u00f3cio.<\/p>\n\n\n\n<p>Promotores investigam ainda se a &#8220;rachadinha&#8221; teria sido usada para financiar uma mil\u00edcia que era comandada pelo ex-policial Adriano N\u00f3brega, morto em fevereiro.<\/p>\n\n\n\n<p>Danielle Mendon\u00e7a, ex-mulher de N\u00f3brega, trabalhou como assessora de Fl\u00e1vio. Em conversas de WhatsApp acessadas pelos investigadores, ela disse que o ex-marido ficava com parte do sal\u00e1rio que ela recebia do gabinete.<\/p>\n\n\n\n<p>Fl\u00e1vio \u00e9 investigado sob suspeita de peculato, lavagem de dinheiro e organiza\u00e7\u00e3o criminosa. N\u00e3o h\u00e1 informa\u00e7\u00f5es detalhadas sobre os pr\u00f3ximos passos nem previs\u00e3o de conclus\u00e3o porque os processos correm sob sigilo.<\/p>\n\n\n\n<p>O senador nega ter cometido qualquer ilegalidade no caso.<\/p>\n\n\n\n<p>&#8220;Fabricio Queiroz trabalhou comigo por mais de dez anos e sempre foi da minha confian\u00e7a. Nunca soube de algo que desabonasse sua conduta&#8221;, disse, no Twitter, quando o caso veio \u00e0 tona. &#8220;Tenho meu passado limpo e jamais cometi qualquer irregularidade em minha vida. Tudo ser\u00e1 provado em momento oportuno dentro do processo legal&#8221;, afirmou Fl\u00e1vio em nota.<\/p>\n\n\n\n<p>No domingo (26\/04), em meio \u00e0s negocia\u00e7\u00f5es sobre novos nomes para assumir a PF e o Minist\u00e9rio da Justi\u00e7a, Bolsonaro recebeu no Pal\u00e1cio da Alvorada o advogado Frederick Wassef, que advoga para Flavio Bolsonaro no caso Queiroz. N\u00e3o houve declara\u00e7\u00e3o \u00e0 imprensa.<\/p>\n\n\n\n<h2 class=\"wp-block-heading\">5. Ad\u00e9lio Bispo<\/h2>\n\n\n\n<p>No pronunciamento em que rebateu acusa\u00e7\u00f5es de Moro, Bolsonaro disse que o ex-ministro se preocupou mais com o caso do assassinato da vereadora Marielle Franco do que com o atentado sofrido por ele durante campanha presidencial.<\/p>\n\n\n\n<p>A press\u00e3o de Bolsonaro sobre o caso Ad\u00e9lio Bispo, autor do atentado a faca, ser\u00e1 o primeiro problema para o novo diretor da PF. Segundo a coluna Painel, da Folha de S.Paulo, a avalia\u00e7\u00e3o interna entre os policiais federais \u00e9 que j\u00e1 houve intensa investiga\u00e7\u00e3o neste caso, mas que n\u00e3o foi encontrado um mandante.<\/p>\n\n\n\n<p>Ainda est\u00e1 pendente, no entanto, a decis\u00e3o do STF de autorizar ou n\u00e3o investiga\u00e7\u00f5es em documentos e equipamentos recolhidos com advogados de Ad\u00e9lio. Caber\u00e1 aos ministros do Supremo decidir se, neste caso, a PF ter\u00e1 permiss\u00e3o para periciar um celular e outros materiais apreendidos no escrit\u00f3rio do advogado Zanone Manuel de Oliveira, que defende Ad\u00e9lio.<\/p>\n\n\n\n<p>A investiga\u00e7\u00e3o dos materiais que estavam com Zanone foi suspensa ap\u00f3s a Justi\u00e7a atender a um pedido da Ordem dos Advogados do Brasil, que argumentou que vasculhar informa\u00e7\u00f5es de um advogado violaria o sigilo profissional garantido pela Constitui\u00e7\u00e3o.<\/p>\n\n\n\n<p>Bolsonaro e seus advogados defendem que essa per\u00edcia poderia ajudar a elucidar o epis\u00f3dio.<\/p>\n\n\n\n<p>Ad\u00e9lio est\u00e1 preso desde o atentado, em setembro de 2018.<\/p>\n\n\n\n<h2 class=\"wp-block-heading\">6. Secret\u00e1rio de Comunica\u00e7\u00e3o de Bolsonaro<\/h2>\n\n\n\n<p>No in\u00edcio deste ano,&nbsp;<a href=\"https:\/\/www.bbc.com\/portuguese\/brasil-51399402\">a Pol\u00edcia Federal abriu inqu\u00e9rito para investigar supostas irregularidades cometidas pelo secret\u00e1rio de Comunica\u00e7\u00e3o Social da Presid\u00eancia da Rep\u00fablica<\/a>, F\u00e1bio Wajngarten. O inqu\u00e9rito tamb\u00e9m tramita em sigilo.<\/p>\n\n\n\n<p>O pedido do Minist\u00e9rio P\u00fablico Federal diz que o objetivo \u00e9 investigar ind\u00edcios de corrup\u00e7\u00e3o, peculato e advocacia administrativa (quando o gestor usa cargo p\u00fablico para defender interesses privados).<\/p>\n\n\n\n<p>O caso de Wajngarten veio \u00e0 tona a partir de uma s\u00e9rie de reportagens publicadas pelo jornal Folha de S.Paulo desde meados de janeiro.<\/p>\n\n\n\n<p>O ve\u00edculo revelou que ele, mesmo com cargo p\u00fablico, segue como o principal s\u00f3cio de uma empresa que presta consultoria e recebe dinheiro de TVs e empresas de publicidade contratadas pela secretaria comandada por ele. Esse cen\u00e1rio implicaria conflito de interesse.<\/p>\n\n\n\n<p>Wajngarten nega todas as acusa\u00e7\u00f5es e diz que a investiga\u00e7\u00e3o servir\u00e1 para provar sua inoc\u00eancia.<\/p>\n","protected":false},"excerpt":{"rendered":"<p>Na BBC &#8211; As circunst\u00e2ncias da sa\u00edda do ex-ministro Sergio Moro do governo Jair Bolsonaro alimentaram questionamentos sobre como um novo comando na Pol\u00edcia Federal poderia afetar casos que envolvem filhos e aliados do presidente.<\/p>\n","protected":false},"author":1,"featured_media":0,"comment_status":"closed","ping_status":"open","sticky":false,"template":"","format":"standard","meta":{"_exactmetrics_skip_tracking":false,"_exactmetrics_sitenote_active":false,"_exactmetrics_sitenote_note":"","_exactmetrics_sitenote_category":0,"jetpack_post_was_ever_published":false,"_jetpack_newsletter_access":"","_jetpack_dont_email_post_to_subs":false,"_jetpack_newsletter_tier_id":0,"_jetpack_memberships_contains_paywalled_content":false,"_jetpack_memberships_contains_paid_content":false,"footnotes":"","jetpack_publicize_message":"","jetpack_publicize_feature_enabled":true,"jetpack_social_post_already_shared":true,"jetpack_social_options":{"image_generator_settings":{"template":"highway","enabled":false},"version":2}},"categories":[1],"tags":[53,360,115,359],"class_list":["post-27787","post","type-post","status-publish","format-standard","hentry","category-notas","tag-bolsonaro","tag-interferencia","tag-moro","tag-pf"],"jetpack_publicize_connections":[],"jetpack_sharing_enabled":true,"jetpack_featured_media_url":"","jetpack_shortlink":"https:\/\/wp.me\/p7wKYW-7eb","jetpack-related-posts":[],"_links":{"self":[{"href":"http:\/\/blogdalucianaoliveira.com.br\/blog\/wp-json\/wp\/v2\/posts\/27787","targetHints":{"allow":["GET"]}}],"collection":[{"href":"http:\/\/blogdalucianaoliveira.com.br\/blog\/wp-json\/wp\/v2\/posts"}],"about":[{"href":"http:\/\/blogdalucianaoliveira.com.br\/blog\/wp-json\/wp\/v2\/types\/post"}],"author":[{"embeddable":true,"href":"http:\/\/blogdalucianaoliveira.com.br\/blog\/wp-json\/wp\/v2\/users\/1"}],"replies":[{"embeddable":true,"href":"http:\/\/blogdalucianaoliveira.com.br\/blog\/wp-json\/wp\/v2\/comments?post=27787"}],"version-history":[{"count":1,"href":"http:\/\/blogdalucianaoliveira.com.br\/blog\/wp-json\/wp\/v2\/posts\/27787\/revisions"}],"predecessor-version":[{"id":27788,"href":"http:\/\/blogdalucianaoliveira.com.br\/blog\/wp-json\/wp\/v2\/posts\/27787\/revisions\/27788"}],"wp:attachment":[{"href":"http:\/\/blogdalucianaoliveira.com.br\/blog\/wp-json\/wp\/v2\/media?parent=27787"}],"wp:term":[{"taxonomy":"category","embeddable":true,"href":"http:\/\/blogdalucianaoliveira.com.br\/blog\/wp-json\/wp\/v2\/categories?post=27787"},{"taxonomy":"post_tag","embeddable":true,"href":"http:\/\/blogdalucianaoliveira.com.br\/blog\/wp-json\/wp\/v2\/tags?post=27787"}],"curies":[{"name":"wp","href":"https:\/\/api.w.org\/{rel}","templated":true}]}}