{"id":27789,"date":"2020-04-27T23:29:29","date_gmt":"2020-04-28T03:29:29","guid":{"rendered":"http:\/\/blogdalucianaoliveira.com.br\/blog\/?p=27789"},"modified":"2020-04-27T23:29:37","modified_gmt":"2020-04-28T03:29:37","slug":"celso-de-mello-abre-inquerito-no-stf-contra-jair-bolsonaro","status":"publish","type":"post","link":"http:\/\/blogdalucianaoliveira.com.br\/blog\/2020\/04\/27\/celso-de-mello-abre-inquerito-no-stf-contra-jair-bolsonaro\/","title":{"rendered":"Celso de Mello abre inqu\u00e9rito no STF contra Jair Bolsonaro"},"content":{"rendered":"\n<figure class=\"wp-block-image size-large\"><img data-recalc-dims=\"1\" loading=\"lazy\" decoding=\"async\" width=\"600\" height=\"374\" data-attachment-id=\"27790\" data-permalink=\"http:\/\/blogdalucianaoliveira.com.br\/blog\/2020\/04\/27\/celso-de-mello-abre-inquerito-no-stf-contra-jair-bolsonaro\/image-73-4\/\" data-orig-file=\"https:\/\/i0.wp.com\/blogdalucianaoliveira.com.br\/blog\/wp-content\/uploads\/2020\/04\/image-73.jpeg?fit=610%2C380\" data-orig-size=\"610,380\" data-comments-opened=\"0\" data-image-meta=\"{&quot;aperture&quot;:&quot;0&quot;,&quot;credit&quot;:&quot;&quot;,&quot;camera&quot;:&quot;&quot;,&quot;caption&quot;:&quot;&quot;,&quot;created_timestamp&quot;:&quot;0&quot;,&quot;copyright&quot;:&quot;&quot;,&quot;focal_length&quot;:&quot;0&quot;,&quot;iso&quot;:&quot;0&quot;,&quot;shutter_speed&quot;:&quot;0&quot;,&quot;title&quot;:&quot;&quot;,&quot;orientation&quot;:&quot;0&quot;}\" data-image-title=\"image-73\" data-image-description=\"\" data-image-caption=\"\" data-medium-file=\"https:\/\/i0.wp.com\/blogdalucianaoliveira.com.br\/blog\/wp-content\/uploads\/2020\/04\/image-73.jpeg?fit=300%2C187\" data-large-file=\"https:\/\/i0.wp.com\/blogdalucianaoliveira.com.br\/blog\/wp-content\/uploads\/2020\/04\/image-73.jpeg?fit=600%2C374\" src=\"https:\/\/i0.wp.com\/blogdalucianaoliveira.com.br\/blog\/wp-content\/uploads\/2020\/04\/image-73.jpeg?resize=600%2C374\" alt=\"\" class=\"wp-image-27790\" srcset=\"https:\/\/i0.wp.com\/blogdalucianaoliveira.com.br\/blog\/wp-content\/uploads\/2020\/04\/image-73.jpeg?w=610 610w, https:\/\/i0.wp.com\/blogdalucianaoliveira.com.br\/blog\/wp-content\/uploads\/2020\/04\/image-73.jpeg?resize=300%2C187 300w, https:\/\/i0.wp.com\/blogdalucianaoliveira.com.br\/blog\/wp-content\/uploads\/2020\/04\/image-73.jpeg?resize=482%2C300 482w\" sizes=\"auto, (max-width: 600px) 100vw, 600px\" \/><\/figure>\n\n\n\n<p><strong>247<\/strong>\u00a0&#8211; O ministro Celso de Mello, decano do Supremo Tribunal Federal decidiu autorizar a abertura de inqu\u00e9rito para investigar as declara\u00e7\u00f5es do ex-ministro da Justi\u00e7a S\u00e9rgio Moro contra Jair Bolsonaro.\u00a0<\/p>\n\n\n\n<!--more-->\n\n\n\n<p><a href=\"https:\/\/politica.estadao.com.br\/blogs\/fausto-macedo\/celso-de-mello-abre-inquerito-para-investigar-declaracoes-de-moro-contra-bolsonaro\/\">A reportagem do jornal O Estado de S. Paulo<\/a>destaca que \u201co objetivo \u00e9 apurar se foram cometidos os crimes de falsidade ideol\u00f3gica, coa\u00e7\u00e3o no curso do processo, advocacia administrativa, prevarica\u00e7\u00e3o, obstru\u00e7\u00e3o de Justi\u00e7a, corrup\u00e7\u00e3o passiva privilegiada, denuncia\u00e7\u00e3o caluniosa e crime contra a honra.\u201d<\/p>\n\n\n\n<p>A mat\u00e9ria ainda relata que \u201cintegrantes do Minist\u00e9rio P\u00fablico Federal (MPF) apontam que, como Aras pediu ao STF a apura\u00e7\u00e3o do crime de denuncia\u00e7\u00e3o caluniosa e contra a honra, o inqu\u00e9rito pode se voltar contra Moro, caso as investiga\u00e7\u00f5es n\u00e3o confirmem as acusa\u00e7\u00f5es.\u201d<\/p>\n","protected":false},"excerpt":{"rendered":"<p>247\u00a0&#8211; O ministro Celso de Mello, decano do Supremo Tribunal Federal decidiu autorizar a abertura de inqu\u00e9rito para investigar as declara\u00e7\u00f5es do ex-ministro da Justi\u00e7a S\u00e9rgio Moro contra Jair Bolsonaro.\u00a0<\/p>\n","protected":false},"author":1,"featured_media":0,"comment_status":"closed","ping_status":"open","sticky":false,"template":"","format":"standard","meta":{"_exactmetrics_skip_tracking":false,"_exactmetrics_sitenote_active":false,"_exactmetrics_sitenote_note":"","_exactmetrics_sitenote_category":0,"jetpack_post_was_ever_published":false,"_jetpack_newsletter_access":"","_jetpack_dont_email_post_to_subs":false,"_jetpack_newsletter_tier_id":0,"_jetpack_memberships_contains_paywalled_content":false,"_jetpack_memberships_contains_paid_content":false,"footnotes":"","jetpack_publicize_message":"","jetpack_publicize_feature_enabled":true,"jetpack_social_post_already_shared":true,"jetpack_social_options":{"image_generator_settings":{"template":"highway","enabled":false},"version":2}},"categories":[1],"tags":[],"class_list":["post-27789","post","type-post","status-publish","format-standard","hentry","category-notas"],"jetpack_publicize_connections":[],"jetpack_sharing_enabled":true,"jetpack_featured_media_url":"","jetpack_shortlink":"https:\/\/wp.me\/p7wKYW-7ed","jetpack-related-posts":[],"_links":{"self":[{"href":"http:\/\/blogdalucianaoliveira.com.br\/blog\/wp-json\/wp\/v2\/posts\/27789","targetHints":{"allow":["GET"]}}],"collection":[{"href":"http:\/\/blogdalucianaoliveira.com.br\/blog\/wp-json\/wp\/v2\/posts"}],"about":[{"href":"http:\/\/blogdalucianaoliveira.com.br\/blog\/wp-json\/wp\/v2\/types\/post"}],"author":[{"embeddable":true,"href":"http:\/\/blogdalucianaoliveira.com.br\/blog\/wp-json\/wp\/v2\/users\/1"}],"replies":[{"embeddable":true,"href":"http:\/\/blogdalucianaoliveira.com.br\/blog\/wp-json\/wp\/v2\/comments?post=27789"}],"version-history":[{"count":1,"href":"http:\/\/blogdalucianaoliveira.com.br\/blog\/wp-json\/wp\/v2\/posts\/27789\/revisions"}],"predecessor-version":[{"id":27791,"href":"http:\/\/blogdalucianaoliveira.com.br\/blog\/wp-json\/wp\/v2\/posts\/27789\/revisions\/27791"}],"wp:attachment":[{"href":"http:\/\/blogdalucianaoliveira.com.br\/blog\/wp-json\/wp\/v2\/media?parent=27789"}],"wp:term":[{"taxonomy":"category","embeddable":true,"href":"http:\/\/blogdalucianaoliveira.com.br\/blog\/wp-json\/wp\/v2\/categories?post=27789"},{"taxonomy":"post_tag","embeddable":true,"href":"http:\/\/blogdalucianaoliveira.com.br\/blog\/wp-json\/wp\/v2\/tags?post=27789"}],"curies":[{"name":"wp","href":"https:\/\/api.w.org\/{rel}","templated":true}]}}