{"id":27792,"date":"2020-04-28T00:17:36","date_gmt":"2020-04-28T04:17:36","guid":{"rendered":"http:\/\/blogdalucianaoliveira.com.br\/blog\/?p=27792"},"modified":"2020-04-28T00:22:36","modified_gmt":"2020-04-28T04:22:36","slug":"os-pontos-que-a-historia-da","status":"publish","type":"post","link":"http:\/\/blogdalucianaoliveira.com.br\/blog\/2020\/04\/28\/os-pontos-que-a-historia-da\/","title":{"rendered":"Os pontos que a hist\u00f3ria d\u00e1"},"content":{"rendered":"\n<figure class=\"wp-block-image size-large\"><img data-recalc-dims=\"1\" loading=\"lazy\" decoding=\"async\" width=\"450\" height=\"337\" data-attachment-id=\"27793\" data-permalink=\"http:\/\/blogdalucianaoliveira.com.br\/blog\/2020\/04\/28\/os-pontos-que-a-historia-da\/image-74-4\/\" data-orig-file=\"https:\/\/i0.wp.com\/blogdalucianaoliveira.com.br\/blog\/wp-content\/uploads\/2020\/04\/image-74.jpeg?fit=450%2C337\" data-orig-size=\"450,337\" data-comments-opened=\"0\" data-image-meta=\"{&quot;aperture&quot;:&quot;0&quot;,&quot;credit&quot;:&quot;&quot;,&quot;camera&quot;:&quot;&quot;,&quot;caption&quot;:&quot;&quot;,&quot;created_timestamp&quot;:&quot;0&quot;,&quot;copyright&quot;:&quot;&quot;,&quot;focal_length&quot;:&quot;0&quot;,&quot;iso&quot;:&quot;0&quot;,&quot;shutter_speed&quot;:&quot;0&quot;,&quot;title&quot;:&quot;&quot;,&quot;orientation&quot;:&quot;0&quot;}\" data-image-title=\"image-74\" data-image-description=\"\" data-image-caption=\"\" data-medium-file=\"https:\/\/i0.wp.com\/blogdalucianaoliveira.com.br\/blog\/wp-content\/uploads\/2020\/04\/image-74.jpeg?fit=300%2C225\" data-large-file=\"https:\/\/i0.wp.com\/blogdalucianaoliveira.com.br\/blog\/wp-content\/uploads\/2020\/04\/image-74.jpeg?fit=450%2C337\" src=\"https:\/\/i0.wp.com\/blogdalucianaoliveira.com.br\/blog\/wp-content\/uploads\/2020\/04\/image-74.jpeg?resize=450%2C337\" alt=\"\" class=\"wp-image-27793\" srcset=\"https:\/\/i0.wp.com\/blogdalucianaoliveira.com.br\/blog\/wp-content\/uploads\/2020\/04\/image-74.jpeg?w=450 450w, https:\/\/i0.wp.com\/blogdalucianaoliveira.com.br\/blog\/wp-content\/uploads\/2020\/04\/image-74.jpeg?resize=300%2C225 300w, https:\/\/i0.wp.com\/blogdalucianaoliveira.com.br\/blog\/wp-content\/uploads\/2020\/04\/image-74.jpeg?resize=401%2C300 401w\" sizes=\"auto, (max-width: 450px) 100vw, 450px\" \/><\/figure>\n\n\n\n<p>Passando a pandemia, o ministro do STF Gilmar Mendes prometeu  levar a julgamento o pedido de habeas corpus feito pela defesa do ex-presidente Luiz In\u00e1cio Lula da Silva que pede a anula\u00e7\u00e3o das condena\u00e7\u00f5es do petista feitas pelo ex-juiz S\u00e9rgio Moro, agora ex- ministro da Justi\u00e7a e Seguran\u00e7a P\u00fablica. <\/p>\n\n\n\n<!--more-->\n\n\n\n<p>O pedido da defesa de Lula \u00e9 baseado na indica\u00e7\u00e3o de Moro para compor o governo de Jair Bolsonaro, advers\u00e1rio politico do petista, e nas mensagens publicadas pelo site &#8220;The Intercept Brasil&#8221;. <br><\/p>\n\n\n\n<p>As conversas entre o ent\u00e3o juiz e procuradores da for\u00e7a-tarefa da Lava Jato, revelaram parcialidade, com forte ind\u00edcio de que Moro atuou em conjunto com a acusa\u00e7\u00e3o nos processos contra o ex-presidente, extrapolando os limites do Caruso. <\/p>\n\n\n\n<p>Ao sair deixando a catinga pra ser investigada, Moro falou que ao aceitar o cargo de ministro s\u00f3 pediu uma pens\u00e3o pra mulher. Com base em que, ele vai ter que dizer. <\/p>\n\n\n\n<p>Vai ser espremido para falar da negocia\u00e7\u00e3o ao cargo de ministro quando ainda era juiz. <\/p>\n\n\n\n<p>Vai ficar ainda mais evidente a parcialidade no julgamento de Lula em troca de recompensa pela pris\u00e3o sem provas. <\/p>\n\n\n\n<p>Isso pra quem ainda tinha d\u00favidas. <\/p>\n\n\n\n<p>Moro usou a condena\u00e7\u00e3o de Lula como catapulta a uma vaga no Supremo. <\/p>\n\n\n\n<p>Os advogados de Lula tinham raz\u00e3o.<\/p>\n\n\n\n<p>Vale lembrar que Gilmar ficou indignado com o est\u00edmulo dos bandoleiros da Lava Jato para investigar a mulher dele e do Toffoli. <\/p>\n\n\n\n<p>Chamou de organiza\u00e7\u00e3o criminosa o que formaram alguns membros da Lava Jato. <\/p>\n\n\n\n<p>Quem viver ver\u00e1 os pontos que a hist\u00f3ria d\u00e1.<\/p>\n","protected":false},"excerpt":{"rendered":"<p>Passando a pandemia, o ministro do STF Gilmar Mendes prometeu levar a julgamento o pedido de habeas corpus feito pela defesa do ex-presidente Luiz In\u00e1cio Lula da Silva que pede a anula\u00e7\u00e3o das condena\u00e7\u00f5es do petista feitas pelo ex-juiz S\u00e9rgio Moro, agora ex- ministro da Justi\u00e7a e Seguran\u00e7a P\u00fablica.<\/p>\n","protected":false},"author":1,"featured_media":0,"comment_status":"closed","ping_status":"open","sticky":false,"template":"","format":"standard","meta":{"_exactmetrics_skip_tracking":false,"_exactmetrics_sitenote_active":false,"_exactmetrics_sitenote_note":"","_exactmetrics_sitenote_category":0,"jetpack_post_was_ever_published":false,"_jetpack_newsletter_access":"","_jetpack_dont_email_post_to_subs":false,"_jetpack_newsletter_tier_id":0,"_jetpack_memberships_contains_paywalled_content":false,"_jetpack_memberships_contains_paid_content":false,"footnotes":"","jetpack_publicize_message":"","jetpack_publicize_feature_enabled":true,"jetpack_social_post_already_shared":true,"jetpack_social_options":{"image_generator_settings":{"template":"highway","enabled":false},"version":2}},"categories":[1],"tags":[115],"class_list":["post-27792","post","type-post","status-publish","format-standard","hentry","category-notas","tag-moro"],"jetpack_publicize_connections":[],"jetpack_sharing_enabled":true,"jetpack_featured_media_url":"","jetpack_shortlink":"https:\/\/wp.me\/p7wKYW-7eg","jetpack-related-posts":[],"_links":{"self":[{"href":"http:\/\/blogdalucianaoliveira.com.br\/blog\/wp-json\/wp\/v2\/posts\/27792","targetHints":{"allow":["GET"]}}],"collection":[{"href":"http:\/\/blogdalucianaoliveira.com.br\/blog\/wp-json\/wp\/v2\/posts"}],"about":[{"href":"http:\/\/blogdalucianaoliveira.com.br\/blog\/wp-json\/wp\/v2\/types\/post"}],"author":[{"embeddable":true,"href":"http:\/\/blogdalucianaoliveira.com.br\/blog\/wp-json\/wp\/v2\/users\/1"}],"replies":[{"embeddable":true,"href":"http:\/\/blogdalucianaoliveira.com.br\/blog\/wp-json\/wp\/v2\/comments?post=27792"}],"version-history":[{"count":2,"href":"http:\/\/blogdalucianaoliveira.com.br\/blog\/wp-json\/wp\/v2\/posts\/27792\/revisions"}],"predecessor-version":[{"id":27795,"href":"http:\/\/blogdalucianaoliveira.com.br\/blog\/wp-json\/wp\/v2\/posts\/27792\/revisions\/27795"}],"wp:attachment":[{"href":"http:\/\/blogdalucianaoliveira.com.br\/blog\/wp-json\/wp\/v2\/media?parent=27792"}],"wp:term":[{"taxonomy":"category","embeddable":true,"href":"http:\/\/blogdalucianaoliveira.com.br\/blog\/wp-json\/wp\/v2\/categories?post=27792"},{"taxonomy":"post_tag","embeddable":true,"href":"http:\/\/blogdalucianaoliveira.com.br\/blog\/wp-json\/wp\/v2\/tags?post=27792"}],"curies":[{"name":"wp","href":"https:\/\/api.w.org\/{rel}","templated":true}]}}