{"id":27798,"date":"2020-04-28T07:46:49","date_gmt":"2020-04-28T11:46:49","guid":{"rendered":"http:\/\/blogdalucianaoliveira.com.br\/blog\/?p=27798"},"modified":"2020-04-28T07:46:57","modified_gmt":"2020-04-28T11:46:57","slug":"bolsonaro-nomeia-andre-mendonca-para-a-justica-e-ramagem-para-comandar-a-policia-federal","status":"publish","type":"post","link":"http:\/\/blogdalucianaoliveira.com.br\/blog\/2020\/04\/28\/bolsonaro-nomeia-andre-mendonca-para-a-justica-e-ramagem-para-comandar-a-policia-federal\/","title":{"rendered":"Bolsonaro nomeia Andr\u00e9 Mendon\u00e7a para a Justi\u00e7a e Ramagem para comandar a Pol\u00edcia Federal"},"content":{"rendered":"\n<figure class=\"wp-block-image size-large\"><img data-recalc-dims=\"1\" loading=\"lazy\" decoding=\"async\" width=\"600\" height=\"374\" data-attachment-id=\"27799\" data-permalink=\"http:\/\/blogdalucianaoliveira.com.br\/blog\/2020\/04\/28\/bolsonaro-nomeia-andre-mendonca-para-a-justica-e-ramagem-para-comandar-a-policia-federal\/image-76-3\/\" data-orig-file=\"https:\/\/i0.wp.com\/blogdalucianaoliveira.com.br\/blog\/wp-content\/uploads\/2020\/04\/image-76.jpeg?fit=610%2C380\" data-orig-size=\"610,380\" data-comments-opened=\"0\" data-image-meta=\"{&quot;aperture&quot;:&quot;0&quot;,&quot;credit&quot;:&quot;&quot;,&quot;camera&quot;:&quot;&quot;,&quot;caption&quot;:&quot;&quot;,&quot;created_timestamp&quot;:&quot;0&quot;,&quot;copyright&quot;:&quot;&quot;,&quot;focal_length&quot;:&quot;0&quot;,&quot;iso&quot;:&quot;0&quot;,&quot;shutter_speed&quot;:&quot;0&quot;,&quot;title&quot;:&quot;&quot;,&quot;orientation&quot;:&quot;0&quot;}\" data-image-title=\"image-76\" data-image-description=\"\" data-image-caption=\"\" data-medium-file=\"https:\/\/i0.wp.com\/blogdalucianaoliveira.com.br\/blog\/wp-content\/uploads\/2020\/04\/image-76.jpeg?fit=300%2C187\" data-large-file=\"https:\/\/i0.wp.com\/blogdalucianaoliveira.com.br\/blog\/wp-content\/uploads\/2020\/04\/image-76.jpeg?fit=600%2C374\" src=\"https:\/\/i0.wp.com\/blogdalucianaoliveira.com.br\/blog\/wp-content\/uploads\/2020\/04\/image-76.jpeg?resize=600%2C374\" alt=\"\" class=\"wp-image-27799\" srcset=\"https:\/\/i0.wp.com\/blogdalucianaoliveira.com.br\/blog\/wp-content\/uploads\/2020\/04\/image-76.jpeg?w=610 610w, https:\/\/i0.wp.com\/blogdalucianaoliveira.com.br\/blog\/wp-content\/uploads\/2020\/04\/image-76.jpeg?resize=300%2C187 300w, https:\/\/i0.wp.com\/blogdalucianaoliveira.com.br\/blog\/wp-content\/uploads\/2020\/04\/image-76.jpeg?resize=482%2C300 482w\" sizes=\"auto, (max-width: 600px) 100vw, 600px\" \/><\/figure>\n\n\n\n<p><strong>247 &#8211;<\/strong>&nbsp;Jair Bolsonaro nomeou para o lugar do ex-ministro Sergio Moro o Evang\u00e9lico, Andr\u00e9 Mendon\u00e7a, considerado extremamente leal. Anteriormente, o titular do Planalto tinha sinalizado que poderia ser indicado para ocupar uma vaga no STF. Ele era o advogado geral da Uni\u00e3o.<\/p>\n\n\n\n<!--more-->\n\n\n\n<p>Bolsonaro foi obrigado a desistir da nomea\u00e7\u00e3o de Jorge Oliveira, ministro-chefe da Secretaria-Geral da Presid\u00eancia, que era considerado o candidato mais forte \u00e0 vaga do ex-juiz S\u00e9rgio Moro. Como Oliveira \u00e9 amigo \u00edntimo do cl\u00e3 Bolsonaro, sua nomea\u00e7\u00e3o para o Minist\u00e9rio da Justi\u00e7a foi alvo de contesta\u00e7\u00e3o pol\u00edtica e seria questionada no STF.\u00a0<br><\/p>\n\n\n\n<p>Alexandre Ramagem, delegado da Pol\u00edcia Federal, pertence ao grupo de auxiliares de confian\u00e7a do Planalto com o apoio do vereador Carlos Bolsonaro (Republicanos-RJ), informa&nbsp;<a href=\"https:\/\/https\/\/politica.estadao.com.br\/blogs\/fausto-macedo\/bolsonaro-nomeia-andre-mendonca-para-o-lugar-de-moro-e-ramagem-para-chefiar-a-pf\/\"><strong>O Estado de S.Paulo.<\/strong><\/a>&nbsp;<\/p>\n\n\n\n<p>Sua nomea\u00e7\u00e3o tamb\u00e9m est\u00e1 no alvo de cr\u00edticas, porque caber\u00e1 a Ramagem conduzir a Pol\u00edcia Federal no momento em que a corpora\u00e7\u00e3o investiga condutas il\u00edcitas de Carlos e Eduardo Bolsonaro, filhos do titular do Pal\u00e1cio do Planalto.&nbsp;<\/p>\n","protected":false},"excerpt":{"rendered":"<p>247 &#8211;&nbsp;Jair Bolsonaro nomeou para o lugar do ex-ministro Sergio Moro o Evang\u00e9lico, Andr\u00e9 Mendon\u00e7a, considerado extremamente leal. Anteriormente, o titular do Planalto tinha sinalizado que poderia ser indicado para ocupar uma vaga no STF. Ele era o advogado geral da Uni\u00e3o.<\/p>\n","protected":false},"author":1,"featured_media":0,"comment_status":"closed","ping_status":"open","sticky":false,"template":"","format":"standard","meta":{"_exactmetrics_skip_tracking":false,"_exactmetrics_sitenote_active":false,"_exactmetrics_sitenote_note":"","_exactmetrics_sitenote_category":0,"jetpack_post_was_ever_published":false,"_jetpack_newsletter_access":"","_jetpack_dont_email_post_to_subs":false,"_jetpack_newsletter_tier_id":0,"_jetpack_memberships_contains_paywalled_content":false,"_jetpack_memberships_contains_paid_content":false,"footnotes":"","jetpack_publicize_message":"","jetpack_publicize_feature_enabled":true,"jetpack_social_post_already_shared":true,"jetpack_social_options":{"image_generator_settings":{"template":"highway","enabled":false},"version":2}},"categories":[1],"tags":[],"class_list":["post-27798","post","type-post","status-publish","format-standard","hentry","category-notas"],"jetpack_publicize_connections":[],"jetpack_sharing_enabled":true,"jetpack_featured_media_url":"","jetpack_shortlink":"https:\/\/wp.me\/p7wKYW-7em","jetpack-related-posts":[],"_links":{"self":[{"href":"http:\/\/blogdalucianaoliveira.com.br\/blog\/wp-json\/wp\/v2\/posts\/27798","targetHints":{"allow":["GET"]}}],"collection":[{"href":"http:\/\/blogdalucianaoliveira.com.br\/blog\/wp-json\/wp\/v2\/posts"}],"about":[{"href":"http:\/\/blogdalucianaoliveira.com.br\/blog\/wp-json\/wp\/v2\/types\/post"}],"author":[{"embeddable":true,"href":"http:\/\/blogdalucianaoliveira.com.br\/blog\/wp-json\/wp\/v2\/users\/1"}],"replies":[{"embeddable":true,"href":"http:\/\/blogdalucianaoliveira.com.br\/blog\/wp-json\/wp\/v2\/comments?post=27798"}],"version-history":[{"count":1,"href":"http:\/\/blogdalucianaoliveira.com.br\/blog\/wp-json\/wp\/v2\/posts\/27798\/revisions"}],"predecessor-version":[{"id":27800,"href":"http:\/\/blogdalucianaoliveira.com.br\/blog\/wp-json\/wp\/v2\/posts\/27798\/revisions\/27800"}],"wp:attachment":[{"href":"http:\/\/blogdalucianaoliveira.com.br\/blog\/wp-json\/wp\/v2\/media?parent=27798"}],"wp:term":[{"taxonomy":"category","embeddable":true,"href":"http:\/\/blogdalucianaoliveira.com.br\/blog\/wp-json\/wp\/v2\/categories?post=27798"},{"taxonomy":"post_tag","embeddable":true,"href":"http:\/\/blogdalucianaoliveira.com.br\/blog\/wp-json\/wp\/v2\/tags?post=27798"}],"curies":[{"name":"wp","href":"https:\/\/api.w.org\/{rel}","templated":true}]}}