{"id":27801,"date":"2020-04-28T07:55:55","date_gmt":"2020-04-28T11:55:55","guid":{"rendered":"http:\/\/blogdalucianaoliveira.com.br\/blog\/?p=27801"},"modified":"2020-04-28T07:55:58","modified_gmt":"2020-04-28T11:55:58","slug":"respirador-criado-na-usp-e-aprovado-em-testes-com-humanos-aparelho-e-feito-em-2-horas-e-15-vezes-mais-barato","status":"publish","type":"post","link":"http:\/\/blogdalucianaoliveira.com.br\/blog\/2020\/04\/28\/respirador-criado-na-usp-e-aprovado-em-testes-com-humanos-aparelho-e-feito-em-2-horas-e-15-vezes-mais-barato\/","title":{"rendered":"Respirador criado na USP \u00e9 aprovado em testes com humanos; aparelho \u00e9 feito em 2 horas e 15 vezes mais barato"},"content":{"rendered":"\n<figure class=\"wp-block-image size-large\"><img data-recalc-dims=\"1\" loading=\"lazy\" decoding=\"async\" width=\"600\" height=\"676\" data-attachment-id=\"27804\" data-permalink=\"http:\/\/blogdalucianaoliveira.com.br\/blog\/2020\/04\/28\/respirador-criado-na-usp-e-aprovado-em-testes-com-humanos-aparelho-e-feito-em-2-horas-e-15-vezes-mais-barato\/936be1d4-1c84-4d5c-97f3-74dadb3a553d\/\" data-orig-file=\"https:\/\/i0.wp.com\/blogdalucianaoliveira.com.br\/blog\/wp-content\/uploads\/2020\/04\/936BE1D4-1C84-4D5C-97F3-74DADB3A553D.jpeg?fit=715%2C805\" data-orig-size=\"715,805\" data-comments-opened=\"0\" data-image-meta=\"{&quot;aperture&quot;:&quot;0&quot;,&quot;credit&quot;:&quot;&quot;,&quot;camera&quot;:&quot;&quot;,&quot;caption&quot;:&quot;&quot;,&quot;created_timestamp&quot;:&quot;0&quot;,&quot;copyright&quot;:&quot;&quot;,&quot;focal_length&quot;:&quot;0&quot;,&quot;iso&quot;:&quot;0&quot;,&quot;shutter_speed&quot;:&quot;0&quot;,&quot;title&quot;:&quot;&quot;,&quot;orientation&quot;:&quot;0&quot;}\" data-image-title=\"936BE1D4-1C84-4D5C-97F3-74DADB3A553D\" data-image-description=\"\" data-image-caption=\"\" data-medium-file=\"https:\/\/i0.wp.com\/blogdalucianaoliveira.com.br\/blog\/wp-content\/uploads\/2020\/04\/936BE1D4-1C84-4D5C-97F3-74DADB3A553D.jpeg?fit=266%2C300\" data-large-file=\"https:\/\/i0.wp.com\/blogdalucianaoliveira.com.br\/blog\/wp-content\/uploads\/2020\/04\/936BE1D4-1C84-4D5C-97F3-74DADB3A553D.jpeg?fit=600%2C676\" src=\"https:\/\/i0.wp.com\/blogdalucianaoliveira.com.br\/blog\/wp-content\/uploads\/2020\/04\/936BE1D4-1C84-4D5C-97F3-74DADB3A553D.jpeg?resize=600%2C676\" alt=\"\" class=\"wp-image-27804\" srcset=\"https:\/\/i0.wp.com\/blogdalucianaoliveira.com.br\/blog\/wp-content\/uploads\/2020\/04\/936BE1D4-1C84-4D5C-97F3-74DADB3A553D.jpeg?w=715 715w, https:\/\/i0.wp.com\/blogdalucianaoliveira.com.br\/blog\/wp-content\/uploads\/2020\/04\/936BE1D4-1C84-4D5C-97F3-74DADB3A553D.jpeg?resize=266%2C300 266w\" sizes=\"auto, (max-width: 600px) 100vw, 600px\" \/><\/figure>\n\n\n\n<p>No G1 &#8211; O\u00a0<a href=\"https:\/\/g1.globo.com\/sp\/sao-paulo\/noticia\/2020\/03\/31\/coronavirus-pesquisadores-da-usp-criam-ventilador-pulmonar-para-emergencias-feito-em-2-horas-e-15-vezes-mais-barato.ghtml\">ventilador pulmonar emergencial<\/a>\u00a0criado por um grupo de engenheiros da Escola Polit\u00e9cnica (Poli) da\u00a0<a href=\"https:\/\/g1.globo.com\/educacao\/universidade\/usp\/\">USP\u00a0<\/a>para suprir a necessidade de respiradores durante a pandemia de coronav\u00edrus foi aprovado em testes t\u00e9cnicos e agora ser\u00e1 enviado para aprova\u00e7\u00e3o da Ag\u00eancia Nacional de Vigil\u00e2ncia Sanit\u00e1ria (<a href=\"https:\/\/g1.globo.com\/tudo-sobre\/anvisa\/\">Anvisa<\/a>).<\/p>\n\n\n\n<!--more-->\n\n\n\n<p>Os testes com humanos foram feitos com quatro pacientes nas depend\u00eancias do Instituto do Cora\u00e7\u00e3o (Incor) do Hospital das Cl\u00ednicas (HC) da USP, entre os dias 17 e 19 de abril. Na avalia\u00e7\u00e3o dos t\u00e9cnicos, o respirador foi considerado aprovado em todos os modos de uso e n\u00e3o houve nenhum problema com os pacientes ventilados.<\/p>\n\n\n\n<p>Al\u00e9m da pesquisa feita no HC, testes com animais e avalia\u00e7\u00f5es t\u00e9cnicas tamb\u00e9m comprovaram a efici\u00eancia do respirador, que pode ser fabricado em 2 horas e custa 15 vezes menos do que os aparelhos comerciais mais barato, segundo os pesquisadores.<\/p>\n\n\n\n<p>O ensaio no HC foi feito de acordo com as orienta\u00e7\u00f5es da Comiss\u00e3o Nacional de \u00c9tica em Pesquisa e sob a coordena\u00e7\u00e3o do professor Jos\u00e9 Ot\u00e1vio Auler Junior, da Faculdade de Medicina. Antes disso, em 13 e 14 de abril, o equipamento foi testado em animais, sob a orienta\u00e7\u00e3o de professoras da Faculdade de Medicina Veterin\u00e1ria e Zootecnia (FMVZ).<\/p>\n\n\n\n<p>O respirador Inspire foi desenvolvido pela equipe do professor da Poli, Raul Gonz\u00e1lez Lima. Al\u00e9m de ser produzido em at\u00e9 2 horas, o equipamento tem custo vantajoso: enquanto os ventiladores convencionais custam, em m\u00e9dia, R$ 15 mil, o valor do Inspire \u00e9 de cerca de R$ 1 mil, de acordo com os pesquisadores envolvidos.&nbsp;<\/p>\n\n\n\n<p>Para acelerar as avalia\u00e7\u00f5es t\u00e9cnicas, os engenheiros tiveram que improvisar. Uma bexiga de anivers\u00e1rio, feita de borracha, foi enchida de ar pelo respirador para verificar se o aparelho era capaz de controlar vari\u00e1veis como press\u00e3o e vaz\u00e3o do oxig\u00eanio.<\/p>\n\n\n\n<h2 class=\"wp-block-heading\">Cria\u00e7\u00e3o do respirador<\/h2>\n\n\n\n<p>Um grupo de grupo de aproximadamente 40 pesquisadores da Escola Polit\u00e9cnica da Universidade de S\u00e3o Paulo (Poli-USP), entre engenheiros biom\u00e9dicos, mec\u00e2nicos, mecatr\u00f4nicos, eletr\u00f4nicos e de produ\u00e7\u00e3o, estudantes e representantes da iniciativa privada, se articulou no desenvolvimento do respirador para suprir uma poss\u00edvel demanda do equipamento hospitalar durante a pandemia do coronav\u00edrus.\u00a0<br><\/p>\n\n\n\n<figure class=\"wp-block-image size-large\"><img data-recalc-dims=\"1\" loading=\"lazy\" decoding=\"async\" width=\"600\" height=\"461\" data-attachment-id=\"27803\" data-permalink=\"http:\/\/blogdalucianaoliveira.com.br\/blog\/2020\/04\/28\/respirador-criado-na-usp-e-aprovado-em-testes-com-humanos-aparelho-e-feito-em-2-horas-e-15-vezes-mais-barato\/f3d70fb0-467f-44db-8eb7-1724ec4c901a\/\" data-orig-file=\"https:\/\/i0.wp.com\/blogdalucianaoliveira.com.br\/blog\/wp-content\/uploads\/2020\/04\/F3D70FB0-467F-44DB-8EB7-1724EC4C901A.jpeg?fit=828%2C636\" data-orig-size=\"828,636\" data-comments-opened=\"0\" data-image-meta=\"{&quot;aperture&quot;:&quot;0&quot;,&quot;credit&quot;:&quot;&quot;,&quot;camera&quot;:&quot;&quot;,&quot;caption&quot;:&quot;&quot;,&quot;created_timestamp&quot;:&quot;0&quot;,&quot;copyright&quot;:&quot;&quot;,&quot;focal_length&quot;:&quot;0&quot;,&quot;iso&quot;:&quot;0&quot;,&quot;shutter_speed&quot;:&quot;0&quot;,&quot;title&quot;:&quot;&quot;,&quot;orientation&quot;:&quot;0&quot;}\" data-image-title=\"F3D70FB0-467F-44DB-8EB7-1724EC4C901A\" data-image-description=\"\" data-image-caption=\"\" data-medium-file=\"https:\/\/i0.wp.com\/blogdalucianaoliveira.com.br\/blog\/wp-content\/uploads\/2020\/04\/F3D70FB0-467F-44DB-8EB7-1724EC4C901A.jpeg?fit=300%2C230\" data-large-file=\"https:\/\/i0.wp.com\/blogdalucianaoliveira.com.br\/blog\/wp-content\/uploads\/2020\/04\/F3D70FB0-467F-44DB-8EB7-1724EC4C901A.jpeg?fit=600%2C461\" src=\"https:\/\/i0.wp.com\/blogdalucianaoliveira.com.br\/blog\/wp-content\/uploads\/2020\/04\/F3D70FB0-467F-44DB-8EB7-1724EC4C901A.jpeg?resize=600%2C461\" alt=\"\" class=\"wp-image-27803\" srcset=\"https:\/\/i0.wp.com\/blogdalucianaoliveira.com.br\/blog\/wp-content\/uploads\/2020\/04\/F3D70FB0-467F-44DB-8EB7-1724EC4C901A.jpeg?w=828 828w, https:\/\/i0.wp.com\/blogdalucianaoliveira.com.br\/blog\/wp-content\/uploads\/2020\/04\/F3D70FB0-467F-44DB-8EB7-1724EC4C901A.jpeg?resize=300%2C230 300w, https:\/\/i0.wp.com\/blogdalucianaoliveira.com.br\/blog\/wp-content\/uploads\/2020\/04\/F3D70FB0-467F-44DB-8EB7-1724EC4C901A.jpeg?resize=768%2C590 768w, https:\/\/i0.wp.com\/blogdalucianaoliveira.com.br\/blog\/wp-content\/uploads\/2020\/04\/F3D70FB0-467F-44DB-8EB7-1724EC4C901A.jpeg?resize=391%2C300 391w\" sizes=\"auto, (max-width: 600px) 100vw, 600px\" \/><\/figure>\n\n\n\n<p>A proposta do grupo era a cria\u00e7\u00e3o de um ventilador pulmonar de baixo custo, com tecnologia e componentes nacionais. O resultado \u00e9 um equipamento produzido com mais rapidez e menor custo.<\/p>\n\n\n\n<blockquote class=\"wp-block-quote is-layout-flow wp-block-quote-is-layout-flow\"><p>\u201cBuscamos montar um equipamento que pudesse utilizar ao m\u00e1ximo componentes que j\u00e1 existem no mercado brasileiro, n\u00e3o dependendo muito de importa\u00e7\u00e3o, e que pud\u00e9ssemos acionar os fabricantes para aumentar sua produ\u00e7\u00e3o\u201d, disse o professor Raul Gonz\u00e1lez Lima, especialista em Engenharia Biom\u00e9dica.<\/p><p><\/p><\/blockquote>\n\n\n\n<figure class=\"wp-block-image size-large\"><img data-recalc-dims=\"1\" loading=\"lazy\" decoding=\"async\" width=\"600\" height=\"491\" data-attachment-id=\"27802\" data-permalink=\"http:\/\/blogdalucianaoliveira.com.br\/blog\/2020\/04\/28\/respirador-criado-na-usp-e-aprovado-em-testes-com-humanos-aparelho-e-feito-em-2-horas-e-15-vezes-mais-barato\/1a751f70-bd83-4c34-b96d-29000b48bd0b\/\" data-orig-file=\"https:\/\/i0.wp.com\/blogdalucianaoliveira.com.br\/blog\/wp-content\/uploads\/2020\/04\/1A751F70-BD83-4C34-B96D-29000B48BD0B.jpeg?fit=828%2C678\" data-orig-size=\"828,678\" data-comments-opened=\"0\" data-image-meta=\"{&quot;aperture&quot;:&quot;0&quot;,&quot;credit&quot;:&quot;&quot;,&quot;camera&quot;:&quot;&quot;,&quot;caption&quot;:&quot;&quot;,&quot;created_timestamp&quot;:&quot;0&quot;,&quot;copyright&quot;:&quot;&quot;,&quot;focal_length&quot;:&quot;0&quot;,&quot;iso&quot;:&quot;0&quot;,&quot;shutter_speed&quot;:&quot;0&quot;,&quot;title&quot;:&quot;&quot;,&quot;orientation&quot;:&quot;0&quot;}\" data-image-title=\"1A751F70-BD83-4C34-B96D-29000B48BD0B\" data-image-description=\"\" data-image-caption=\"\" data-medium-file=\"https:\/\/i0.wp.com\/blogdalucianaoliveira.com.br\/blog\/wp-content\/uploads\/2020\/04\/1A751F70-BD83-4C34-B96D-29000B48BD0B.jpeg?fit=300%2C246\" data-large-file=\"https:\/\/i0.wp.com\/blogdalucianaoliveira.com.br\/blog\/wp-content\/uploads\/2020\/04\/1A751F70-BD83-4C34-B96D-29000B48BD0B.jpeg?fit=600%2C491\" src=\"https:\/\/i0.wp.com\/blogdalucianaoliveira.com.br\/blog\/wp-content\/uploads\/2020\/04\/1A751F70-BD83-4C34-B96D-29000B48BD0B.jpeg?resize=600%2C491\" alt=\"\" class=\"wp-image-27802\" srcset=\"https:\/\/i0.wp.com\/blogdalucianaoliveira.com.br\/blog\/wp-content\/uploads\/2020\/04\/1A751F70-BD83-4C34-B96D-29000B48BD0B.jpeg?w=828 828w, https:\/\/i0.wp.com\/blogdalucianaoliveira.com.br\/blog\/wp-content\/uploads\/2020\/04\/1A751F70-BD83-4C34-B96D-29000B48BD0B.jpeg?resize=300%2C246 300w, https:\/\/i0.wp.com\/blogdalucianaoliveira.com.br\/blog\/wp-content\/uploads\/2020\/04\/1A751F70-BD83-4C34-B96D-29000B48BD0B.jpeg?resize=768%2C629 768w, https:\/\/i0.wp.com\/blogdalucianaoliveira.com.br\/blog\/wp-content\/uploads\/2020\/04\/1A751F70-BD83-4C34-B96D-29000B48BD0B.jpeg?resize=366%2C300 366w\" sizes=\"auto, (max-width: 600px) 100vw, 600px\" \/><\/figure>\n\n\n\n<p><br>Respiradores no BrasilTaxa de ocupa\u00e7\u00e3o m\u00e9dia de respiradores em mar\u00e7o ficou entre 50-80%<\/p>\n\n\n\n<p>Fonte: Universidade de S\u00e3o Paulo<\/p>\n\n\n\n<p>O tempo total de fabrica\u00e7\u00e3o \u00e9 inferior a duas horas. \u201cN\u00f3s gostar\u00edamos que a ind\u00fastria nacional se desenvolvesse e exportasse as tecnologias que possuem para muitos pa\u00edses\u201d, continuou o pesquisador.<\/p>\n\n\n\n<p>O ventilador pulmonar desenvolvido pela Poli-USP \u00e9 mec\u00e2nico, para ser utilizado em emerg\u00eancias, pois a equipe considerou uma eventual falta de linhas de ar comprimido nos leitos de hospital, o que tornaria necess\u00e1rio o bombeamento de ar para o paciente.<\/p>\n\n\n\n<p>Segundo o pesquisador Raul Gonz\u00e1lez Lima, a Poli-USP \u00e9 respons\u00e1vel pelo projeto, mas n\u00e3o pela fabrica\u00e7\u00e3o, que dever\u00e1 ser feita por empresas com autoriza\u00e7\u00e3o da Anvisa. O projeto tem licen\u00e7a aberta para os interessados em produzir o ventilador.&nbsp;<\/p>\n\n\n\n<p><\/p>\n","protected":false},"excerpt":{"rendered":"<p>No G1 &#8211; O\u00a0ventilador pulmonar emergencial\u00a0criado por um grupo de engenheiros da Escola Polit\u00e9cnica (Poli) da\u00a0USP\u00a0para suprir a necessidade de respiradores durante a pandemia de coronav\u00edrus foi aprovado em testes t\u00e9cnicos e agora ser\u00e1 enviado para aprova\u00e7\u00e3o da Ag\u00eancia Nacional de Vigil\u00e2ncia Sanit\u00e1ria (Anvisa).<\/p>\n","protected":false},"author":1,"featured_media":0,"comment_status":"closed","ping_status":"open","sticky":false,"template":"","format":"standard","meta":{"_exactmetrics_skip_tracking":false,"_exactmetrics_sitenote_active":false,"_exactmetrics_sitenote_note":"","_exactmetrics_sitenote_category":0,"jetpack_post_was_ever_published":false,"_jetpack_newsletter_access":"","_jetpack_dont_email_post_to_subs":false,"_jetpack_newsletter_tier_id":0,"_jetpack_memberships_contains_paywalled_content":false,"_jetpack_memberships_contains_paid_content":false,"footnotes":"","jetpack_publicize_message":"","jetpack_publicize_feature_enabled":true,"jetpack_social_post_already_shared":true,"jetpack_social_options":{"image_generator_settings":{"template":"highway","enabled":false},"version":2}},"categories":[1],"tags":[],"class_list":["post-27801","post","type-post","status-publish","format-standard","hentry","category-notas"],"jetpack_publicize_connections":[],"jetpack_sharing_enabled":true,"jetpack_featured_media_url":"","jetpack_shortlink":"https:\/\/wp.me\/p7wKYW-7ep","jetpack-related-posts":[],"_links":{"self":[{"href":"http:\/\/blogdalucianaoliveira.com.br\/blog\/wp-json\/wp\/v2\/posts\/27801","targetHints":{"allow":["GET"]}}],"collection":[{"href":"http:\/\/blogdalucianaoliveira.com.br\/blog\/wp-json\/wp\/v2\/posts"}],"about":[{"href":"http:\/\/blogdalucianaoliveira.com.br\/blog\/wp-json\/wp\/v2\/types\/post"}],"author":[{"embeddable":true,"href":"http:\/\/blogdalucianaoliveira.com.br\/blog\/wp-json\/wp\/v2\/users\/1"}],"replies":[{"embeddable":true,"href":"http:\/\/blogdalucianaoliveira.com.br\/blog\/wp-json\/wp\/v2\/comments?post=27801"}],"version-history":[{"count":1,"href":"http:\/\/blogdalucianaoliveira.com.br\/blog\/wp-json\/wp\/v2\/posts\/27801\/revisions"}],"predecessor-version":[{"id":27805,"href":"http:\/\/blogdalucianaoliveira.com.br\/blog\/wp-json\/wp\/v2\/posts\/27801\/revisions\/27805"}],"wp:attachment":[{"href":"http:\/\/blogdalucianaoliveira.com.br\/blog\/wp-json\/wp\/v2\/media?parent=27801"}],"wp:term":[{"taxonomy":"category","embeddable":true,"href":"http:\/\/blogdalucianaoliveira.com.br\/blog\/wp-json\/wp\/v2\/categories?post=27801"},{"taxonomy":"post_tag","embeddable":true,"href":"http:\/\/blogdalucianaoliveira.com.br\/blog\/wp-json\/wp\/v2\/tags?post=27801"}],"curies":[{"name":"wp","href":"https:\/\/api.w.org\/{rel}","templated":true}]}}