{"id":27809,"date":"2020-04-28T15:59:40","date_gmt":"2020-04-28T19:59:40","guid":{"rendered":"http:\/\/blogdalucianaoliveira.com.br\/blog\/?p=27809"},"modified":"2020-04-28T15:59:48","modified_gmt":"2020-04-28T19:59:48","slug":"empresarios-obrigam-trabalhadores-a-se-ajoelhar-em-protesto-contra-quarentena-na-pb","status":"publish","type":"post","link":"http:\/\/blogdalucianaoliveira.com.br\/blog\/2020\/04\/28\/empresarios-obrigam-trabalhadores-a-se-ajoelhar-em-protesto-contra-quarentena-na-pb\/","title":{"rendered":"Empres\u00e1rios obrigam trabalhadores a se ajoelhar em protesto contra quarentena na PB"},"content":{"rendered":"\n<figure class=\"wp-block-image size-large\"><img data-recalc-dims=\"1\" loading=\"lazy\" decoding=\"async\" width=\"600\" height=\"613\" data-attachment-id=\"27810\" data-permalink=\"http:\/\/blogdalucianaoliveira.com.br\/blog\/2020\/04\/28\/empresarios-obrigam-trabalhadores-a-se-ajoelhar-em-protesto-contra-quarentena-na-pb\/image-77-4\/\" data-orig-file=\"https:\/\/i0.wp.com\/blogdalucianaoliveira.com.br\/blog\/wp-content\/uploads\/2020\/04\/image-77.jpeg?fit=720%2C735\" data-orig-size=\"720,735\" data-comments-opened=\"0\" data-image-meta=\"{&quot;aperture&quot;:&quot;0&quot;,&quot;credit&quot;:&quot;&quot;,&quot;camera&quot;:&quot;&quot;,&quot;caption&quot;:&quot;&quot;,&quot;created_timestamp&quot;:&quot;0&quot;,&quot;copyright&quot;:&quot;&quot;,&quot;focal_length&quot;:&quot;0&quot;,&quot;iso&quot;:&quot;0&quot;,&quot;shutter_speed&quot;:&quot;0&quot;,&quot;title&quot;:&quot;&quot;,&quot;orientation&quot;:&quot;0&quot;}\" data-image-title=\"image-77\" data-image-description=\"\" data-image-caption=\"\" data-medium-file=\"https:\/\/i0.wp.com\/blogdalucianaoliveira.com.br\/blog\/wp-content\/uploads\/2020\/04\/image-77.jpeg?fit=294%2C300\" data-large-file=\"https:\/\/i0.wp.com\/blogdalucianaoliveira.com.br\/blog\/wp-content\/uploads\/2020\/04\/image-77.jpeg?fit=600%2C613\" src=\"https:\/\/i0.wp.com\/blogdalucianaoliveira.com.br\/blog\/wp-content\/uploads\/2020\/04\/image-77.jpeg?resize=600%2C613\" alt=\"\" class=\"wp-image-27810\" srcset=\"https:\/\/i0.wp.com\/blogdalucianaoliveira.com.br\/blog\/wp-content\/uploads\/2020\/04\/image-77.jpeg?w=720 720w, https:\/\/i0.wp.com\/blogdalucianaoliveira.com.br\/blog\/wp-content\/uploads\/2020\/04\/image-77.jpeg?resize=294%2C300 294w\" sizes=\"auto, (max-width: 600px) 100vw, 600px\" \/><\/figure>\n\n\n\n<h4 class=\"wp-block-heading\">Den\u00fancias an\u00f4nimas de coa\u00e7\u00e3o foram feitas ao sindicato dos Comerci\u00e1rios de Campina Grande nesta segunda-feira (27)<\/h4>\n\n\n\n<!--more-->\n\n\n\n<p>Reda\u00e7\u00e3o BdF &#8211; PBBrasil de Fato<\/p>\n\n\n\n<p>A popula\u00e7\u00e3o da Para\u00edba foi surpreendida por uma cena chocante na segunda-feira (27). Trabalhadoras e trabalhadores do com\u00e9rcio de Campina Grande ajoelhados, fazendo louvores e ora\u00e7\u00f5es pedindo a reabertura do setor.<\/p>\n\n\n\n<p>Por tr\u00e1s da a\u00e7\u00e3o, um protesto organizado pela&nbsp;C\u00e2mara de Dirigentes Lojistas de Campina Grande ao Tribunal de Justi\u00e7a da Para\u00edba que buscava a reabertura do com\u00e9rcio local. A entidade alega que a suspens\u00e3o das atividades comerciais, em decorr\u00eancia da&nbsp;<a href=\"https:\/\/www.brasildefato.com.br\/minuto-a-minuto\/coronavirus-no-brasil\">pandemia do novo coronav\u00edrus<\/a>, acarretar\u00e1 a fal\u00eancia de diversos comerciantes na cidade de Campina Grande.<\/p>\n\n\n\n<p>Ap\u00f3s o ato vexat\u00f3rio, v\u00e1rios comerci\u00e1rios denunciaram anonimamente ao sindicato os constrangimentos a que foram submetidos para que a atividade fosse realizada. Em nota, o Sindicato dos Comerci\u00e1rios de Campina Grande se posicionou dizendo que &#8220;\u00e9 falsa a informa\u00e7\u00e3o que este movimento foi organizado e realizado em comum acordo entre as partes&#8221;.<\/p>\n\n\n\n<p>Ainda de acordo com a entidade, trabalhadores &#8220;foram coagidos a participar do movimento por parte de alguns empres\u00e1rios chefes de algumas empresas, com a amea\u00e7a da possibilidade de afastamento dos seus postos de trabalho&#8221;.<\/p>\n\n\n\n<p>O Minist\u00e9rio P\u00fablico do Trabalho (MPT) informou ao&nbsp;<strong>Brasil de Fato<\/strong>&nbsp;que n\u00e3o recebeu den\u00fancia formal sobre o fato. &#8220;Mas, diante das not\u00edcias veiculadas na imprensa local, j\u00e1 foi instaurado procedimento investigat\u00f3rio (not\u00edcia de fato) para apurar os fatos&#8221;, declarou Andressa Lucena, procuradora do MPT em Campina Grande.<\/p>\n\n\n\n<p>Nas redes sociais, houve protestos contra a atitude dos empres\u00e1rios e den\u00fancias de viola\u00e7\u00e3o dos direitos trabalhistas e humanos.<\/p>\n\n\n\n<figure class=\"wp-block-image size-large\"><img data-recalc-dims=\"1\" loading=\"lazy\" decoding=\"async\" width=\"540\" height=\"960\" data-attachment-id=\"27811\" data-permalink=\"http:\/\/blogdalucianaoliveira.com.br\/blog\/2020\/04\/28\/empresarios-obrigam-trabalhadores-a-se-ajoelhar-em-protesto-contra-quarentena-na-pb\/image-78-4\/\" data-orig-file=\"https:\/\/i0.wp.com\/blogdalucianaoliveira.com.br\/blog\/wp-content\/uploads\/2020\/04\/image-78.jpeg?fit=540%2C960\" data-orig-size=\"540,960\" data-comments-opened=\"0\" data-image-meta=\"{&quot;aperture&quot;:&quot;0&quot;,&quot;credit&quot;:&quot;&quot;,&quot;camera&quot;:&quot;&quot;,&quot;caption&quot;:&quot;&quot;,&quot;created_timestamp&quot;:&quot;0&quot;,&quot;copyright&quot;:&quot;&quot;,&quot;focal_length&quot;:&quot;0&quot;,&quot;iso&quot;:&quot;0&quot;,&quot;shutter_speed&quot;:&quot;0&quot;,&quot;title&quot;:&quot;&quot;,&quot;orientation&quot;:&quot;0&quot;}\" data-image-title=\"image-78\" data-image-description=\"\" data-image-caption=\"\" data-medium-file=\"https:\/\/i0.wp.com\/blogdalucianaoliveira.com.br\/blog\/wp-content\/uploads\/2020\/04\/image-78.jpeg?fit=169%2C300\" data-large-file=\"https:\/\/i0.wp.com\/blogdalucianaoliveira.com.br\/blog\/wp-content\/uploads\/2020\/04\/image-78.jpeg?fit=540%2C960\" src=\"https:\/\/i0.wp.com\/blogdalucianaoliveira.com.br\/blog\/wp-content\/uploads\/2020\/04\/image-78.jpeg?resize=540%2C960\" alt=\"\" class=\"wp-image-27811\" srcset=\"https:\/\/i0.wp.com\/blogdalucianaoliveira.com.br\/blog\/wp-content\/uploads\/2020\/04\/image-78.jpeg?w=540 540w, https:\/\/i0.wp.com\/blogdalucianaoliveira.com.br\/blog\/wp-content\/uploads\/2020\/04\/image-78.jpeg?resize=169%2C300 169w\" sizes=\"auto, (max-width: 540px) 100vw, 540px\" \/><\/figure>\n\n\n\n<figure class=\"wp-block-image size-large\"><img data-recalc-dims=\"1\" loading=\"lazy\" decoding=\"async\" width=\"540\" height=\"563\" data-attachment-id=\"27812\" data-permalink=\"http:\/\/blogdalucianaoliveira.com.br\/blog\/2020\/04\/28\/empresarios-obrigam-trabalhadores-a-se-ajoelhar-em-protesto-contra-quarentena-na-pb\/image-79-4\/\" data-orig-file=\"https:\/\/i0.wp.com\/blogdalucianaoliveira.com.br\/blog\/wp-content\/uploads\/2020\/04\/image-79.jpeg?fit=540%2C563\" data-orig-size=\"540,563\" data-comments-opened=\"0\" data-image-meta=\"{&quot;aperture&quot;:&quot;0&quot;,&quot;credit&quot;:&quot;&quot;,&quot;camera&quot;:&quot;&quot;,&quot;caption&quot;:&quot;&quot;,&quot;created_timestamp&quot;:&quot;0&quot;,&quot;copyright&quot;:&quot;&quot;,&quot;focal_length&quot;:&quot;0&quot;,&quot;iso&quot;:&quot;0&quot;,&quot;shutter_speed&quot;:&quot;0&quot;,&quot;title&quot;:&quot;&quot;,&quot;orientation&quot;:&quot;0&quot;}\" data-image-title=\"image-79\" data-image-description=\"\" data-image-caption=\"\" data-medium-file=\"https:\/\/i0.wp.com\/blogdalucianaoliveira.com.br\/blog\/wp-content\/uploads\/2020\/04\/image-79.jpeg?fit=288%2C300\" data-large-file=\"https:\/\/i0.wp.com\/blogdalucianaoliveira.com.br\/blog\/wp-content\/uploads\/2020\/04\/image-79.jpeg?fit=540%2C563\" src=\"https:\/\/i0.wp.com\/blogdalucianaoliveira.com.br\/blog\/wp-content\/uploads\/2020\/04\/image-79.jpeg?resize=540%2C563\" alt=\"\" class=\"wp-image-27812\" srcset=\"https:\/\/i0.wp.com\/blogdalucianaoliveira.com.br\/blog\/wp-content\/uploads\/2020\/04\/image-79.jpeg?w=540 540w, https:\/\/i0.wp.com\/blogdalucianaoliveira.com.br\/blog\/wp-content\/uploads\/2020\/04\/image-79.jpeg?resize=288%2C300 288w\" sizes=\"auto, (max-width: 540px) 100vw, 540px\" \/><\/figure>\n\n\n\n<p>Covid-19 na PB<\/p>\n\n\n\n<p>De acordo com o secret\u00e1rio da Sa\u00fade estadual, Geraldo Medeiros, estudos indicam que a&nbsp;Para\u00edba est\u00e1 atravessando o pico dos casos de doen\u00e7a e que os n\u00fameros elevados de casos devem continuar at\u00e9 o final do m\u00eas de maio. Na \u00faltima semana, a ocupa\u00e7\u00e3o&nbsp;dos leitos em&nbsp;Unidades de Tratamento Intensivo (UTIs) saltou de 16% para 58%. O&nbsp;secret\u00e1rio n\u00e3o descarta um colapso no sistema de sa\u00fade.<\/p>\n\n\n\n<p>H\u00e1 633 casos confirmados da covid-19 e 53 mortes no estado, segundo dados desta ter\u00e7a-feira (28). H\u00e1 uma semana, em 20 de abril, eram 263 casos. Campina Grande possui 42 casos confirmados.Trabalhadores do com\u00e9rcio ajoelhados em Campina Grande nesta segunda (27) \/ Reprodu\u00e7\u00e3o<\/p>\n\n\n\n<p><strong>Veja a nota do Sindicato dos Comerci\u00e1rios:<\/strong><\/p>\n\n\n\n<p><em>O Sindicato dos Comerci\u00e1rios de Campina Grande e Regi\u00e3o, vem a p\u00fablico informar, que diferentemente do que foi divulgado pelos empres\u00e1rios organizadores do ato que pediu a reabertura do com\u00e9rcio ocorrida na manh\u00e3 desta segunda-feira (27), e reproduzido por alguns ve\u00edculos de comunica\u00e7\u00e3o da cidade, a categoria n\u00e3o comunga com o pedido de retorno das atividades nesse momento, assim como o Sindicato, entidade oficial representativa da categoria, que em nenhum momento foi consultado pelos organizadores da atividade, sendo assim, \u00e9 falsa a informa\u00e7\u00e3o que este movimento foi organizado e realizado em comum acordo entre as partes.<\/em><\/p>\n\n\n\n<p><em>Al\u00e9m disso, vem a p\u00fablico denunciar, que muitos funcion\u00e1rios participantes do referido ato, atrav\u00e9s de den\u00fancias an\u00f4nimas, foram coagidos a participar do movimento por parte de alguns empres\u00e1rios chefes de algumas empresas, com a amea\u00e7a da possibilidade de afastamento dos seus postos de trabalho. Como tamb\u00e9m denuncia a postura de alguns empres\u00e1rios, que dada \u00e0 presen\u00e7a dos representantes da categoria, de maneira agressiva tentaram inviabilizar a fiscaliza\u00e7\u00e3o e o trabalho destes.<\/em><\/p>\n\n\n\n<p><em>Sendo assim, repudiamos veementemente qualquer tentativa de coa\u00e7\u00e3o aos trabalhadores e trabalhadoras, assim como qualquer pedido de retorno \u00e0s atividades que desrespeitam as orienta\u00e7\u00f5es dos organismos de Sa\u00fade e as medidas de preven\u00e7\u00e3o e seguran\u00e7a no combate ao Covid-19 e que ponham em risco a sa\u00fade dos comerci\u00e1rios e de toda popula\u00e7\u00e3o campinense.<\/em><\/p>\n\n\n\n<p><em>O Sindicato reitera a defesa do posicionamento que vem sendo tomado, desde o in\u00edcio dessa crise, de di\u00e1logo e respeito \u00e0s orienta\u00e7\u00f5es dos \u00f3rg\u00e3os de sa\u00fade competentes, sejam eles internacionais, nacionais, estaduais e municipais, as recomenda\u00e7\u00f5es do Minist\u00e9rio P\u00fablico Estadual, Minist\u00e9rio P\u00fablico Federal e Minist\u00e9rio P\u00fablico do Trabalho, como tamb\u00e9m o respeito da suspens\u00e3o das atividades realizadas via Decreto Estadual e acatado pela Gest\u00e3o Municipal e o retorno gradual das atividades em momento oportuno de resolu\u00e7\u00e3o dessa crise. O Sindicato ainda defende a manuten\u00e7\u00e3o dos postos de trabalho, a garantia de todos os direitos, a defesa da sa\u00fade e da vida dos trabalhadores (as) e seus familiares.<\/em><\/p>\n\n\n\n<p><strong>Fonte:&nbsp;<\/strong><a target=\"_blank\" href=\"https:\/\/www.brasildefatopb.com.br\/2020\/04\/28\/comerciarios-sao-obrigados-a-se-ajoelhar-pedindo-reabertura-do-comercio-em-cg\" rel=\"noreferrer noopener\">BdF Para\u00edba<\/a><\/p>\n\n\n\n<p>Edi\u00e7\u00e3o: Heloisa de Sousa e Rodrigo Chagas<\/p>\n","protected":false},"excerpt":{"rendered":"<p>Den\u00fancias an\u00f4nimas de coa\u00e7\u00e3o foram feitas ao sindicato dos Comerci\u00e1rios de Campina Grande nesta segunda-feira (27)<\/p>\n","protected":false},"author":1,"featured_media":0,"comment_status":"closed","ping_status":"open","sticky":false,"template":"","format":"standard","meta":{"_exactmetrics_skip_tracking":false,"_exactmetrics_sitenote_active":false,"_exactmetrics_sitenote_note":"","_exactmetrics_sitenote_category":0,"jetpack_post_was_ever_published":false,"_jetpack_newsletter_access":"","_jetpack_dont_email_post_to_subs":false,"_jetpack_newsletter_tier_id":0,"_jetpack_memberships_contains_paywalled_content":false,"_jetpack_memberships_contains_paid_content":false,"footnotes":"","jetpack_publicize_message":"","jetpack_publicize_feature_enabled":true,"jetpack_social_post_already_shared":true,"jetpack_social_options":{"image_generator_settings":{"template":"highway","enabled":false},"version":2}},"categories":[1],"tags":[],"class_list":["post-27809","post","type-post","status-publish","format-standard","hentry","category-notas"],"jetpack_publicize_connections":[],"jetpack_sharing_enabled":true,"jetpack_featured_media_url":"","jetpack_shortlink":"https:\/\/wp.me\/p7wKYW-7ex","jetpack-related-posts":[],"_links":{"self":[{"href":"http:\/\/blogdalucianaoliveira.com.br\/blog\/wp-json\/wp\/v2\/posts\/27809","targetHints":{"allow":["GET"]}}],"collection":[{"href":"http:\/\/blogdalucianaoliveira.com.br\/blog\/wp-json\/wp\/v2\/posts"}],"about":[{"href":"http:\/\/blogdalucianaoliveira.com.br\/blog\/wp-json\/wp\/v2\/types\/post"}],"author":[{"embeddable":true,"href":"http:\/\/blogdalucianaoliveira.com.br\/blog\/wp-json\/wp\/v2\/users\/1"}],"replies":[{"embeddable":true,"href":"http:\/\/blogdalucianaoliveira.com.br\/blog\/wp-json\/wp\/v2\/comments?post=27809"}],"version-history":[{"count":1,"href":"http:\/\/blogdalucianaoliveira.com.br\/blog\/wp-json\/wp\/v2\/posts\/27809\/revisions"}],"predecessor-version":[{"id":27813,"href":"http:\/\/blogdalucianaoliveira.com.br\/blog\/wp-json\/wp\/v2\/posts\/27809\/revisions\/27813"}],"wp:attachment":[{"href":"http:\/\/blogdalucianaoliveira.com.br\/blog\/wp-json\/wp\/v2\/media?parent=27809"}],"wp:term":[{"taxonomy":"category","embeddable":true,"href":"http:\/\/blogdalucianaoliveira.com.br\/blog\/wp-json\/wp\/v2\/categories?post=27809"},{"taxonomy":"post_tag","embeddable":true,"href":"http:\/\/blogdalucianaoliveira.com.br\/blog\/wp-json\/wp\/v2\/tags?post=27809"}],"curies":[{"name":"wp","href":"https:\/\/api.w.org\/{rel}","templated":true}]}}