{"id":27816,"date":"2020-04-28T19:24:57","date_gmt":"2020-04-28T23:24:57","guid":{"rendered":"http:\/\/blogdalucianaoliveira.com.br\/blog\/?p=27816"},"modified":"2020-04-28T19:25:02","modified_gmt":"2020-04-28T23:25:02","slug":"e-dai-lamento-quer-que-eu-faca-o-que-diz-bolsonaro-sobre-recorde-de-mortos-por-coronavirus","status":"publish","type":"post","link":"http:\/\/blogdalucianaoliveira.com.br\/blog\/2020\/04\/28\/e-dai-lamento-quer-que-eu-faca-o-que-diz-bolsonaro-sobre-recorde-de-mortos-por-coronavirus\/","title":{"rendered":"&#8216;E da\u00ed? Lamento, quer que eu fa\u00e7a o qu\u00ea?&#8217;, diz Bolsonaro sobre recorde de mortos por coronav\u00edrus"},"content":{"rendered":"\n<figure class=\"wp-block-image\"><img data-recalc-dims=\"1\" decoding=\"async\" src=\"https:\/\/i0.wp.com\/f.i.uol.com.br\/fotografia\/2020\/04\/19\/15873267045e9caef0dfd3f_1587326704_3x2_md.jpg?w=600&#038;ssl=1\" alt=\"E da\u00ed? Lamento, quer que eu fa\u00e7a o qu\u00ea?', diz Bolsonaro sobre ...\"\/><\/figure>\n\n\n\n<h4 class=\"wp-block-heading\">Brasil registrou 474 novos \u00f3bitos nesta ter\u00e7a e ultrassou a China no total de mortes por Covid-19<\/h4>\n\n\n\n<!--more-->\n\n\n\n<p><strong><a href=\"https:\/\/www1.folha.uol.com.br\/autores\/julia-chaib.shtml\">Julia Chaib<\/a><\/strong><strong><a href=\"https:\/\/www1.folha.uol.com.br\/autores\/daniel-carvalho.shtml\">Daniel Carvalho<\/a><\/strong>, na FSP<\/p>\n\n\n\n<p>O presidente Jair Bolsonaro afirmou nesta ter\u00e7a-feira (29) que lamenta, mas n\u00e3o tem o que fazer em rela\u00e7\u00e3o ao&nbsp;<a href=\"https:\/\/www1.folha.uol.com.br\/equilibrioesaude\/2020\/04\/brasil-bate-recorde-de-mortes-por-coronavirus-com-474-novos-obitos-e-ultrapassa-china.shtml\">novo recorde de mortes registradas em 24 horas, com 474 \u00f3bitos<\/a>, ultrapassando a China no n\u00famero total de \u00f3bitos pelo novo coronav\u00edrus.<br><br>&#8220;E da\u00ed? Lamento. Quer que eu fa\u00e7a o qu\u00ea? Eu sou Messias, mas n\u00e3o fa\u00e7o milagre\u200b&#8221;, afirmou ao ser questionado sobre os n\u00fameros.<\/p>\n\n\n\n<p>Bolsonaro disse que cabe ao ministro da Sa\u00fade, Nelson Teich, explicar os n\u00fameros.<br><br>O recorde di\u00e1rio anterior do Brasil era de 23 de abril,&nbsp;<a href=\"https:\/\/www1.folha.uol.com.br\/equilibrioesaude\/2020\/04\/brasil-registra-338-novas-mortes-por-coronavirus-total-e-de-4543-obitos.shtml\">com 407 novas v\u00edtimas<\/a>. O pa\u00eds \u00e9 agora o 9\u00ba pa\u00eds com mais mortes no mundo. Segundo o boletim mais recente do Minist\u00e9rio da Sa\u00fade, ao todo 5.017 pessoas morreram por Covid-19. A China, por sua vez, registra 4.637 mortos, segundo a Universidade Johns Hopkins, nos EUA, que monitora a pandemia,<\/p>\n\n\n\n<p>A primeira morte por coronav\u00edrus na China (e no mundo) foi confirmada em 11 de janeiro. No Brasil, a confirma\u00e7\u00e3o do primeiro \u00f3bito ocorreu em 17 de mar\u00e7o.Em n\u00famero de pessoas infectadas, o pa\u00eds tem 71.886 casos confirmados e est\u00e1 em 11\u00ba lugar, ainda atr\u00e1s da China, que tem 83.938 casos.<\/p>\n","protected":false},"excerpt":{"rendered":"<p>Brasil registrou 474 novos \u00f3bitos nesta ter\u00e7a e ultrassou a China no total de mortes por Covid-19<\/p>\n","protected":false},"author":1,"featured_media":0,"comment_status":"closed","ping_status":"open","sticky":false,"template":"","format":"standard","meta":{"_exactmetrics_skip_tracking":false,"_exactmetrics_sitenote_active":false,"_exactmetrics_sitenote_note":"","_exactmetrics_sitenote_category":0,"jetpack_post_was_ever_published":false,"_jetpack_newsletter_access":"","_jetpack_dont_email_post_to_subs":false,"_jetpack_newsletter_tier_id":0,"_jetpack_memberships_contains_paywalled_content":false,"_jetpack_memberships_contains_paid_content":false,"footnotes":"","jetpack_publicize_message":"","jetpack_publicize_feature_enabled":true,"jetpack_social_post_already_shared":true,"jetpack_social_options":{"image_generator_settings":{"template":"highway","enabled":false},"version":2}},"categories":[1],"tags":[362],"class_list":["post-27816","post","type-post","status-publish","format-standard","hentry","category-notas","tag-mortes-covid-bolsonaro"],"jetpack_publicize_connections":[],"jetpack_sharing_enabled":true,"jetpack_featured_media_url":"","jetpack_shortlink":"https:\/\/wp.me\/p7wKYW-7eE","jetpack-related-posts":[],"_links":{"self":[{"href":"http:\/\/blogdalucianaoliveira.com.br\/blog\/wp-json\/wp\/v2\/posts\/27816","targetHints":{"allow":["GET"]}}],"collection":[{"href":"http:\/\/blogdalucianaoliveira.com.br\/blog\/wp-json\/wp\/v2\/posts"}],"about":[{"href":"http:\/\/blogdalucianaoliveira.com.br\/blog\/wp-json\/wp\/v2\/types\/post"}],"author":[{"embeddable":true,"href":"http:\/\/blogdalucianaoliveira.com.br\/blog\/wp-json\/wp\/v2\/users\/1"}],"replies":[{"embeddable":true,"href":"http:\/\/blogdalucianaoliveira.com.br\/blog\/wp-json\/wp\/v2\/comments?post=27816"}],"version-history":[{"count":1,"href":"http:\/\/blogdalucianaoliveira.com.br\/blog\/wp-json\/wp\/v2\/posts\/27816\/revisions"}],"predecessor-version":[{"id":27817,"href":"http:\/\/blogdalucianaoliveira.com.br\/blog\/wp-json\/wp\/v2\/posts\/27816\/revisions\/27817"}],"wp:attachment":[{"href":"http:\/\/blogdalucianaoliveira.com.br\/blog\/wp-json\/wp\/v2\/media?parent=27816"}],"wp:term":[{"taxonomy":"category","embeddable":true,"href":"http:\/\/blogdalucianaoliveira.com.br\/blog\/wp-json\/wp\/v2\/categories?post=27816"},{"taxonomy":"post_tag","embeddable":true,"href":"http:\/\/blogdalucianaoliveira.com.br\/blog\/wp-json\/wp\/v2\/tags?post=27816"}],"curies":[{"name":"wp","href":"https:\/\/api.w.org\/{rel}","templated":true}]}}