{"id":27822,"date":"2020-04-28T21:27:51","date_gmt":"2020-04-29T01:27:51","guid":{"rendered":"http:\/\/blogdalucianaoliveira.com.br\/blog\/?p=27822"},"modified":"2020-04-28T21:27:56","modified_gmt":"2020-04-29T01:27:56","slug":"nota-pt-em-defesa-da-vida-exigimos-seriedade-neste-momento-delicado-para-nossa-populacao","status":"publish","type":"post","link":"http:\/\/blogdalucianaoliveira.com.br\/blog\/2020\/04\/28\/nota-pt-em-defesa-da-vida-exigimos-seriedade-neste-momento-delicado-para-nossa-populacao\/","title":{"rendered":"NOTA PT: Em defesa da vida, exigimos seriedade neste momento delicado para nossa popula\u00e7\u00e3o"},"content":{"rendered":"\n<figure class=\"wp-block-image size-large\"><img data-recalc-dims=\"1\" loading=\"lazy\" decoding=\"async\" width=\"600\" height=\"485\" data-attachment-id=\"27823\" data-permalink=\"http:\/\/blogdalucianaoliveira.com.br\/blog\/2020\/04\/28\/nota-pt-em-defesa-da-vida-exigimos-seriedade-neste-momento-delicado-para-nossa-populacao\/f1544aca-539c-4438-9ee9-6446a456a8d9\/\" data-orig-file=\"https:\/\/i0.wp.com\/blogdalucianaoliveira.com.br\/blog\/wp-content\/uploads\/2020\/04\/F1544ACA-539C-4438-9EE9-6446A456A8D9.jpeg?fit=616%2C498\" data-orig-size=\"616,498\" data-comments-opened=\"0\" data-image-meta=\"{&quot;aperture&quot;:&quot;0&quot;,&quot;credit&quot;:&quot;&quot;,&quot;camera&quot;:&quot;&quot;,&quot;caption&quot;:&quot;&quot;,&quot;created_timestamp&quot;:&quot;0&quot;,&quot;copyright&quot;:&quot;&quot;,&quot;focal_length&quot;:&quot;0&quot;,&quot;iso&quot;:&quot;0&quot;,&quot;shutter_speed&quot;:&quot;0&quot;,&quot;title&quot;:&quot;&quot;,&quot;orientation&quot;:&quot;0&quot;}\" data-image-title=\"F1544ACA-539C-4438-9EE9-6446A456A8D9\" data-image-description=\"\" data-image-caption=\"\" data-medium-file=\"https:\/\/i0.wp.com\/blogdalucianaoliveira.com.br\/blog\/wp-content\/uploads\/2020\/04\/F1544ACA-539C-4438-9EE9-6446A456A8D9.jpeg?fit=300%2C243\" data-large-file=\"https:\/\/i0.wp.com\/blogdalucianaoliveira.com.br\/blog\/wp-content\/uploads\/2020\/04\/F1544ACA-539C-4438-9EE9-6446A456A8D9.jpeg?fit=600%2C485\" src=\"https:\/\/i0.wp.com\/blogdalucianaoliveira.com.br\/blog\/wp-content\/uploads\/2020\/04\/F1544ACA-539C-4438-9EE9-6446A456A8D9.jpeg?resize=600%2C485\" alt=\"\" class=\"wp-image-27823\" srcset=\"https:\/\/i0.wp.com\/blogdalucianaoliveira.com.br\/blog\/wp-content\/uploads\/2020\/04\/F1544ACA-539C-4438-9EE9-6446A456A8D9.jpeg?w=616 616w, https:\/\/i0.wp.com\/blogdalucianaoliveira.com.br\/blog\/wp-content\/uploads\/2020\/04\/F1544ACA-539C-4438-9EE9-6446A456A8D9.jpeg?resize=300%2C243 300w, https:\/\/i0.wp.com\/blogdalucianaoliveira.com.br\/blog\/wp-content\/uploads\/2020\/04\/F1544ACA-539C-4438-9EE9-6446A456A8D9.jpeg?resize=371%2C300 371w\" sizes=\"auto, (max-width: 600px) 100vw, 600px\" \/><\/figure>\n\n\n\n<p>O Partido dos Trabalhadores de Rond\u00f4nia entende que O DECRETO N\u00b0 24.979, DE 26 DE ABRIL DE 2020 do Governador Marcos Rocha editado neste \u00faltimo domingo deixa d\u00favidas quanto a seriedade do governo estadual na luta contra a pandemia de coronav\u00edrus no Estado de Rond\u00f4nia, mesmo com os sinais de que a gravidade se avizinha,&nbsp;com o crescimento do n\u00famero de contaminados.&nbsp;<\/p>\n\n\n\n<!--more-->\n\n\n\n<p>O referido Decreto embora mantenha a suspens\u00e3o das atividades educacionais na rede estadual at\u00e9 o dia 17 de maio, libera os munic\u00edpios para que possam a partir do dia 4 de maio optar pelo retorno \u00e0s aulas.&nbsp;Ao liberar as atividades religiosas e a maioria das atividades econ\u00f4micas, mesmo com as restri\u00e7\u00f5es previstas, significa a cria\u00e7\u00e3o de aglomera\u00e7\u00f5es e consequentemente de aumento de risco de cont\u00e1gio.&nbsp;<\/p>\n\n\n\n<p>Considerando que o Governo Estadual:&nbsp;<\/p>\n\n\n\n<p>1- n\u00e3o se antecipou a gravidade imposta pela presen\u00e7a do coronav\u00edrus e n\u00e3o fez a\u00e7\u00f5es reestrutura\u00e7\u00e3o da rede de sa\u00fade, n\u00e3o viabilizou UTI`s e equipamentos para as UTI`s, n\u00e3o viabilizou EPI`s para trabalhadores da Sa\u00fade;<\/p>\n\n\n\n<p>2- n\u00e3o fez e n\u00e3o faz testes em quantidade suficiente para a detec\u00e7\u00e3o adequada dos infectados visando o controle da infec\u00e7\u00e3o social que ocorre no Estado;<\/p>\n\n\n\n<p>3-Tem sido falho, fraco e conivente com a quebra do isolamento social e neste Decreto flexibilizou quase todas as atividades econ\u00f4micas que requerem presen\u00e7a de pessoas, tanto trabalhadores quanto consumidores;&nbsp;<\/p>\n\n\n\n<p>6- N\u00e3o est\u00e1 considerando que o crescimento de infectados em Rond\u00f4nia \u00e9 explosivo e por isso em poucas semanas o sistema de sa\u00fade entrar\u00e1 em colapso e o n\u00famero de mortes dever\u00e1 aumentar, pois faltar\u00e3o leitos, UTI`s e hospitais para atender as pessoas, conforme j\u00e1 ocorre no CEMETRON, segundo Memorando n\u00ba 7\/2020\/CEMETRON-NEP;<\/p>\n\n\n\n<p>7- Despreza a vis\u00e3o mundial de que pelas caracter\u00edsticas do coronav\u00edrus o \u00fanico formato de elimina\u00e7\u00e3o das contamina\u00e7\u00f5es \u00e9 atrav\u00e9s do isolamento social.<\/p>\n\n\n\n<p>O PT prop\u00f5e a imediata suspens\u00e3o do decreto que flexibiliza o isolamento social, pois entende que sua aplica\u00e7\u00e3o levar\u00e1 ao crescimento geom\u00e9trico das contamina\u00e7\u00f5es e das mortes com consequ\u00eancias desastrosas para nossa popula\u00e7\u00e3o.<\/p>\n\n\n\n<p>Porto Velho, 27 de abril de 2020.<\/p>\n\n\n\n<p>PARTIDO DOS TRABALHADORES RONDONIA<\/p>\n","protected":false},"excerpt":{"rendered":"<p>O Partido dos Trabalhadores de Rond\u00f4nia entende que O DECRETO N\u00b0 24.979, DE 26 DE ABRIL DE 2020 do Governador Marcos Rocha editado neste \u00faltimo domingo deixa d\u00favidas quanto a seriedade do governo estadual na luta contra a pandemia de coronav\u00edrus no Estado de Rond\u00f4nia, mesmo com os sinais de que a gravidade se avizinha,&nbsp;com&#8230;<a class=\"more-link\" href=\"http:\/\/blogdalucianaoliveira.com.br\/blog\/2020\/04\/28\/nota-pt-em-defesa-da-vida-exigimos-seriedade-neste-momento-delicado-para-nossa-populacao\/\">Continue a leitura <span class=\"meta-nav\">&raquo;<\/span><\/a><\/p>\n","protected":false},"author":1,"featured_media":0,"comment_status":"closed","ping_status":"open","sticky":false,"template":"","format":"standard","meta":{"_exactmetrics_skip_tracking":false,"_exactmetrics_sitenote_active":false,"_exactmetrics_sitenote_note":"","_exactmetrics_sitenote_category":0,"jetpack_post_was_ever_published":false,"_jetpack_newsletter_access":"","_jetpack_dont_email_post_to_subs":false,"_jetpack_newsletter_tier_id":0,"_jetpack_memberships_contains_paywalled_content":false,"_jetpack_memberships_contains_paid_content":false,"footnotes":"","jetpack_publicize_message":"","jetpack_publicize_feature_enabled":true,"jetpack_social_post_already_shared":true,"jetpack_social_options":{"image_generator_settings":{"template":"highway","enabled":false},"version":2}},"categories":[1],"tags":[],"class_list":["post-27822","post","type-post","status-publish","format-standard","hentry","category-notas"],"jetpack_publicize_connections":[],"jetpack_sharing_enabled":true,"jetpack_featured_media_url":"","jetpack_shortlink":"https:\/\/wp.me\/p7wKYW-7eK","jetpack-related-posts":[],"_links":{"self":[{"href":"http:\/\/blogdalucianaoliveira.com.br\/blog\/wp-json\/wp\/v2\/posts\/27822","targetHints":{"allow":["GET"]}}],"collection":[{"href":"http:\/\/blogdalucianaoliveira.com.br\/blog\/wp-json\/wp\/v2\/posts"}],"about":[{"href":"http:\/\/blogdalucianaoliveira.com.br\/blog\/wp-json\/wp\/v2\/types\/post"}],"author":[{"embeddable":true,"href":"http:\/\/blogdalucianaoliveira.com.br\/blog\/wp-json\/wp\/v2\/users\/1"}],"replies":[{"embeddable":true,"href":"http:\/\/blogdalucianaoliveira.com.br\/blog\/wp-json\/wp\/v2\/comments?post=27822"}],"version-history":[{"count":1,"href":"http:\/\/blogdalucianaoliveira.com.br\/blog\/wp-json\/wp\/v2\/posts\/27822\/revisions"}],"predecessor-version":[{"id":27824,"href":"http:\/\/blogdalucianaoliveira.com.br\/blog\/wp-json\/wp\/v2\/posts\/27822\/revisions\/27824"}],"wp:attachment":[{"href":"http:\/\/blogdalucianaoliveira.com.br\/blog\/wp-json\/wp\/v2\/media?parent=27822"}],"wp:term":[{"taxonomy":"category","embeddable":true,"href":"http:\/\/blogdalucianaoliveira.com.br\/blog\/wp-json\/wp\/v2\/categories?post=27822"},{"taxonomy":"post_tag","embeddable":true,"href":"http:\/\/blogdalucianaoliveira.com.br\/blog\/wp-json\/wp\/v2\/tags?post=27822"}],"curies":[{"name":"wp","href":"https:\/\/api.w.org\/{rel}","templated":true}]}}