{"id":27825,"date":"2020-04-28T22:18:33","date_gmt":"2020-04-29T02:18:33","guid":{"rendered":"http:\/\/blogdalucianaoliveira.com.br\/blog\/?p=27825"},"modified":"2020-04-28T22:22:01","modified_gmt":"2020-04-29T02:22:01","slug":"compreensao-da-demanda-futura-de-leitos-para-infectados-por-coronavirus-no-estado-de-rondonia","status":"publish","type":"post","link":"http:\/\/blogdalucianaoliveira.com.br\/blog\/2020\/04\/28\/compreensao-da-demanda-futura-de-leitos-para-infectados-por-coronavirus-no-estado-de-rondonia\/","title":{"rendered":"Compreens\u00e3o da demanda futura de leitos para infectados por coronavirus no Estado de Rond\u00f4nia"},"content":{"rendered":"\n<figure class=\"wp-block-image size-large\"><img loading=\"lazy\" decoding=\"async\" width=\"1035\" height=\"702\" data-attachment-id=\"27827\" data-permalink=\"http:\/\/blogdalucianaoliveira.com.br\/blog\/2020\/04\/28\/compreensao-da-demanda-futura-de-leitos-para-infectados-por-coronavirus-no-estado-de-rondonia\/740ba576-2c8a-4418-8ad7-73208addbb75\/\" data-orig-file=\"https:\/\/i0.wp.com\/blogdalucianaoliveira.com.br\/blog\/wp-content\/uploads\/2020\/04\/740BA576-2C8A-4418-8AD7-73208ADDBB75.png?fit=1035%2C702\" data-orig-size=\"1035,702\" data-comments-opened=\"0\" data-image-meta=\"{&quot;aperture&quot;:&quot;0&quot;,&quot;credit&quot;:&quot;&quot;,&quot;camera&quot;:&quot;&quot;,&quot;caption&quot;:&quot;&quot;,&quot;created_timestamp&quot;:&quot;0&quot;,&quot;copyright&quot;:&quot;&quot;,&quot;focal_length&quot;:&quot;0&quot;,&quot;iso&quot;:&quot;0&quot;,&quot;shutter_speed&quot;:&quot;0&quot;,&quot;title&quot;:&quot;&quot;,&quot;orientation&quot;:&quot;0&quot;}\" data-image-title=\"740BA576-2C8A-4418-8AD7-73208ADDBB75\" data-image-description=\"\" data-image-caption=\"\" data-medium-file=\"https:\/\/i0.wp.com\/blogdalucianaoliveira.com.br\/blog\/wp-content\/uploads\/2020\/04\/740BA576-2C8A-4418-8AD7-73208ADDBB75.png?fit=300%2C203\" data-large-file=\"https:\/\/i0.wp.com\/blogdalucianaoliveira.com.br\/blog\/wp-content\/uploads\/2020\/04\/740BA576-2C8A-4418-8AD7-73208ADDBB75.png?fit=600%2C407\" src=\"https:\/\/i0.wp.com\/blogdalucianaoliveira.com.br\/blog\/wp-content\/uploads\/2020\/04\/740BA576-2C8A-4418-8AD7-73208ADDBB75.png?fit=600%2C407\" alt=\"\" class=\"wp-image-27827\" srcset=\"https:\/\/i0.wp.com\/blogdalucianaoliveira.com.br\/blog\/wp-content\/uploads\/2020\/04\/740BA576-2C8A-4418-8AD7-73208ADDBB75.png?w=1035 1035w, https:\/\/i0.wp.com\/blogdalucianaoliveira.com.br\/blog\/wp-content\/uploads\/2020\/04\/740BA576-2C8A-4418-8AD7-73208ADDBB75.png?resize=300%2C203 300w, https:\/\/i0.wp.com\/blogdalucianaoliveira.com.br\/blog\/wp-content\/uploads\/2020\/04\/740BA576-2C8A-4418-8AD7-73208ADDBB75.png?resize=1024%2C695 1024w, https:\/\/i0.wp.com\/blogdalucianaoliveira.com.br\/blog\/wp-content\/uploads\/2020\/04\/740BA576-2C8A-4418-8AD7-73208ADDBB75.png?resize=768%2C521 768w, https:\/\/i0.wp.com\/blogdalucianaoliveira.com.br\/blog\/wp-content\/uploads\/2020\/04\/740BA576-2C8A-4418-8AD7-73208ADDBB75.png?resize=442%2C300 442w\" sizes=\"auto, (max-width: 600px) 100vw, 600px\" \/><\/figure>\n\n\n\n<p>A demanda futura de leitos para infectados por coronav\u00edrus no Estado de Rond\u00f4nia \u00e9 fundamental para que o poder p\u00fablico fa\u00e7a a\u00e7\u00f5es visando diminuir a quantidade de pessoas contaminadas, porque pelo crescimento que se apresenta atualmente \u00e9 poss\u00edvel que em duas ou tr\u00eas semanas o sistema de sa\u00fade de Rond\u00f4nia entre em colapso.<\/p>\n\n\n\n<!--more-->\n\n\n\n<p>Prof. Dr. Artur de Souza Moret-&nbsp;<a href=\"mailto:amoret@unir.br\">amoret@unir.br<\/a>, Grupo de Pesquisa Energia Renov\u00e1vel Sustent\u00e1vel- GPERS (www.energsust.unir.br)<\/p>\n\n\n\n<p><strong>I- Apresenta\u00e7\u00e3o<\/strong><\/p>\n\n\n\n<p>O objetivo deste texto \u00e9 construir uma rela\u00e7\u00e3o que apresente a quantidade futura de internados no Estado de Rond\u00f4nia, para que o poder p\u00fablico se prepare para que n\u00e3o haja colapso do sistema de sa\u00fade, tal como est\u00e1 acontecendo em S\u00e3o Paulo, Rio de Janeiro, Cear\u00e1 e na cidade de Manaus.<\/p>\n\n\n\n<p>O importante \u00e9 compreender quando acontece o pico da epidemia, seja porque neste momento o sistema de sa\u00fade recebe uma quantidade signficativa de pessoas doentes e pode assim colapsar. Entretanto, a determina\u00e7\u00e3o do momento de pico \u00e9 dif\u00edcil porque v\u00e1rios fatores influenciam, como apresentato por Kuniya (2020) em trabalho produzido no Jap\u00e3o:&nbsp;Popula\u00e7\u00e3o total do local analisado, N\u00famero de casos confirmados at\u00e9 aquele momento, M\u00e9dia de novos casos di\u00e1rios, Total de pessoas que se encaixam em grupos de risco, Total de pessoas que podem ser expostas ao v\u00edrus, Total de pessoas que podem transmitir o v\u00edrus, Total de pessoas que s\u00e3o imunes ao v\u00edrus, Total de pessoas que foram infectadas mas se recuperaram at\u00e9 aquele momento, Tempo entre a infec\u00e7\u00e3o e o aparecimento dos primeiros sintomas e Tempo no qual o infectado consegue transmitir o v\u00edrus para outras pessoas.<\/p>\n\n\n\n<p>Para a realidade do Estado de Rond\u00f4nia, onde os dados e as informa\u00e7\u00f5es s\u00e3o escassas, ser\u00e1 poss\u00edvel fazer uma an\u00e1lise qualitativa com apoio de dados quantitativos, a partir da reorganiza\u00e7\u00e3o e altera\u00e7\u00e3o dos fatores propostos por Kuniya (2020).<\/p>\n\n\n\n<p><strong>II- Pressupostos para a determina\u00e7\u00e3o da demanda futura de leitos em Rond\u00f4nia<\/strong><\/p>\n\n\n\n<p>Os valores quantitativos s\u00e3o o resultado da modelagem dos casos de interna\u00e7\u00f5es em Rond\u00f4nia tendo como refer\u00eancia o comportamento passado. A partir disso, os pressupostos qualitativos limitam a abrang\u00eancia dos quantitativos.<\/p>\n\n\n\n<p>I- Pressuposto quantitativo. Os dados do passado (at\u00e9 dia 25\/04) podem produzir uma curva de tend\u00eancia do comportamento futuro (curva f(x)=0,01 x<sup>3<\/sup>\u20130,03 x<sup>2-<\/sup>0,15x\u20130,98), a partir da simula\u00e7\u00e3o do pacote matem\u00e1tico CALC. Entretanto, essa curva n\u00e3o pode ser extrapolada para al\u00e9m do pico, intui-se 30 dias ap\u00f3s o dia inicial de an\u00e1lise.<\/p>\n\n\n\n<p>II- Pressupostos qualitativos. Os fatores de detemina\u00e7\u00e3o do pico ser\u00e3o readequados para as condi\u00e7\u00f5es espec\u00edficas de Rond\u00f4nia, com a respectiva qualifica\u00e7\u00e3o por influ\u00eancia no processo de contamina\u00e7\u00e3o: alta influ\u00eancia qualifica\u00e7\u00e3o 5, m\u00e9dia 3 e menor influ\u00eancia qualifica\u00e7\u00e3o 1. Dessa forma, ser\u00e3o analisados aqueles de qualifica\u00e7\u00e3o com maior impacto na produ\u00e7\u00e3o do pico da pandemia.<\/p>\n\n\n\n<p>III- Pressupostos qualitativos. O&nbsp;Estado de Rond\u00f4nia est\u00e1 no in\u00edcio da pandemia e \u00e9 prov\u00e1vel que o pico seja depois de 30 dias, porque neste momento o n\u00famero de contamina\u00e7\u00f5es tem crescimento significativo e as contamina\u00e7\u00f5es deste momento produzir\u00e3o interna\u00e7\u00f5es daqui a 10 a 15 dias.<\/p>\n\n\n\n<p>IV- neste momento o Estado e as Prefeituras est\u00e3o flexibilizando o isolamento e as contamina\u00e7\u00f5es. Portanto, se as contamina\u00e7\u00f5es est\u00e3o grandes e n\u00e3o h\u00e1 intensifica\u00e7\u00e3o do isolamento a contamina\u00e7\u00e3o \u00e9 um processo geom\u00e9trico<sup><a href=\"http:\/\/www.energsust.unir.br\/noticia\/exibir\/11154#sdendnote1sym\"><sup>i<\/sup><\/a><\/sup>&nbsp;e com grande probabilidade de que o crescimento de infectados e interna\u00e7\u00f5es persista al\u00e9m de 30 dias.<\/p>\n\n\n\n<p><strong>III- Previs\u00e3o da demanda de interna\u00e7\u00f5es para Rond\u00f4nia<\/strong><\/p>\n\n\n\n<p>III.1- Fatores influenciadores do pico da pandemia<\/p>\n\n\n\n<p>Do total de 10 fatores indicados por&nbsp;Kuniya (2020) que influenciam no pico da pandemia de coronav\u00edrus, 5 tem grande relev\u00e2ncia para o Estado de Rond\u00f4nia (est\u00e3o destacados no quadro 01), que s\u00e3o relacionadas \u00e0 situa\u00e7\u00e3o particular local: i- h\u00e1 baixa testagem, ii- h\u00e1 baixo monitoramento das pessoas infectadas visando parar o processo de infesta\u00e7\u00e3o, iii- o isolamento est\u00e1 sendo flexibilizado e por isso a maior exposi\u00e7\u00e3o das pessoas, iv- a maior exposi\u00e7\u00e3o de pessoas induz que haja mais infectados e o processo de contamina\u00e7\u00e3o comunit\u00e1ria se expande.<\/p>\n\n\n\n<p>Assim podemos analisar os cinco fatores:<\/p>\n\n\n\n<p>4- Total de pessoas que se encaixam em grupos de risco. No Brasil n\u00e3o h\u00e1 mais a indica\u00e7\u00e3o de que apenas o grupo de risco est\u00e1 mais vulner\u00e1vel aos problemas da covid-19, portanto a popula\u00e7\u00e3o em geral est\u00e1 sucept\u00edvel a contamina\u00e7\u00e3o.<\/p>\n\n\n\n<p>5- Total de pessoas que podem ser expostas ao v\u00edrus. Considerando que o isolamento est\u00e1 sendo flexibilizado e, sobretudo, porque parte da popula\u00e7\u00e3o n\u00e3o est\u00e1 atendendo ao isolamento e h\u00e1 informa\u00e7\u00f5es de que o isolamente em RO \u00e9 menor que 50%, intui-se que a metade da popula\u00e7\u00e3o esteja exposta ao virus.<\/p>\n\n\n\n<p>6- Total de pessoas que podem transmitir o v\u00edrus. Consideram-se as mesmas considera\u00e7\u00f5es do fator anterior.<\/p>\n\n\n\n<p>9- Tempo entre a infec\u00e7\u00e3o e o aparecimento dos primeiros sintomas. Como n\u00e3o h\u00e1 testagem em grande quantidade da popula\u00e7\u00e3o n\u00e3o h\u00e1 possibilidade de quantificar este tempo tempo e, tampouco, os infectadas.<\/p>\n\n\n\n<p>10- Tempo no qual o infectado consegue transmitir o v\u00edrus para outras pessoas. As mesmas considera\u00e7\u00f5es do fator anterior.<\/p>\n\n\n\n<p>Quadro 01: Fatores que influenciam o pico da pandemia em Rond\u00f4nia<\/p>\n\n\n\n<figure class=\"wp-block-table\"><table class=\"\"><tbody><tr><td>&nbsp;<\/td><td>&nbsp;<\/td><td>&nbsp;<\/td><td>influ\u00eancia<\/td><\/tr><tr><td>Fatores poropostos por Kuniya (2020)<\/td><td>Proposta de altera\u00e7\u00f5es<\/td><td>resultado<\/td><td>1<\/td><td>3<\/td><td>5<\/td><\/tr><tr><td>1- Popula\u00e7\u00e3o total do local analisado<\/td><td>ok<\/td><td>1,7 milh\u00e3o<\/td><td>&nbsp;<\/td><td>x<\/td><td>&nbsp;<\/td><\/tr><tr><td>2- N\u00famero de casos confirmados at\u00e9 aquele momento<\/td><td>As informa\u00e7\u00f5es divulgadas s\u00e3o falhas pela falta de testagem<\/td><td>290<\/td><td>&nbsp;<\/td><td>x<\/td><td>&nbsp;<\/td><\/tr><tr><td>3- M\u00e9dia de novos casos di\u00e1rios<\/td><td>H\u00e1 baixa testagem<\/td><td>9,3<\/td><td>x<\/td><td>&nbsp;<\/td><td>&nbsp;<\/td><\/tr><tr><td><strong>4- Total de pessoas que se encaixam em grupos de risco<\/strong><\/td><td><strong>No Brasil as contamina\u00e7\u00f5es e mortes est\u00e3o em todas as faixas de idade<\/strong><\/td><td><strong>1,7 milh\u00e3o<\/strong><\/td><td>&nbsp;<\/td><td>&nbsp;<\/td><td><strong>x<\/strong><\/td><\/tr><tr><td><strong>5- Total de pessoas que podem ser expostas ao v\u00edrus<\/strong><\/td><td><strong>O isolamento em Rond\u00f4nia n\u00e3o est\u00e1 sendo influenciado pelo poder p\u00fablico<\/strong><\/td><td><strong>850 mil*<\/strong><\/td><td>&nbsp;<\/td><td>&nbsp;<\/td><td><strong>x<\/strong><\/td><\/tr><tr><td><strong>6- Total de pessoas que podem transmitir o v\u00edrus<\/strong><\/td><td><strong>O isolamento em Rond\u00f4nia n\u00e3o est\u00e1 sendo influenciado pelo poder p\u00fablico<\/strong><\/td><td><strong>850 mil*<\/strong><\/td><td>&nbsp;<\/td><td>&nbsp;<\/td><td><strong>x<\/strong><\/td><\/tr><tr><td>7- Total de pessoas que s\u00e3o imunes ao v\u00edrus<\/td><td>N\u00e3o h\u00e1 testagem para determinar esse fator<\/td><td>290<\/td><td>x<\/td><td>&nbsp;<\/td><td>&nbsp;<\/td><\/tr><tr><td>8- Total de pessoas que foram infectadas mas se recuperaram at\u00e9 aquele momento<\/td><td>N\u00e3o h\u00e1 testagem para determinar esse fator<\/td><td>60<\/td><td>x<\/td><td>&nbsp;<\/td><td>&nbsp;<\/td><\/tr><tr><td><strong>9- Tempo entre a infec\u00e7\u00e3o e o aparecimento dos primeiros sintomas<\/strong><\/td><td><strong>N\u00e3o h\u00e1 testagem<\/strong><\/td><td><strong>5 dias<\/strong><\/td><td>&nbsp;<\/td><td>&nbsp;<\/td><td><strong>x<\/strong><\/td><\/tr><tr><td><strong>10- Tempo no qual o infectado consegue transmitir o v\u00edrus para outras pessoas.**<\/strong><\/td><td>&nbsp;<\/td><td><strong>14 dias<\/strong><\/td><td>&nbsp;<\/td><td>&nbsp;<\/td><td><strong>x<\/strong><\/td><\/tr><\/tbody><\/table><\/figure>\n\n\n\n<p>* o isolamento \u00e9 menor do que 50%;**pelas informa\u00e7\u00f5es s\u00e3o 14 dias<\/p>\n\n\n\n<p>III.2- Pressupostos quantitativos<\/p>\n\n\n\n<p>Os dados de infectados (desde 14 e mar\u00e7o) e internados (desde 30 de mar\u00e7o) em Rond\u00f4nia decorrentes do coronavirus s\u00e3o divulgados oficialmente em boletim di\u00e1rio (<a href=\"http:\/\/www.rondonia.ro.gov.br\/edicao-31-boletim-diario-sobre-coronavirus-em-rondonia\/\">http:\/\/www.rondonia.ro.gov.br\/edicao-31-boletim-diario-sobre-coronavirus-em-rondonia\/<\/a>), entretanto destacam-se quest\u00f5es que indicam subnotifica\u00e7\u00e3o, porque n\u00e3o h\u00e1 testagem suficiente da popula\u00e7\u00e3o e o Estado demorou a tomar decis\u00e3o sobre coronavirus; um destes ind\u00edcios foi apresentados por Moret (2020) no texto&nbsp;Considera\u00e7\u00f5es sobre os dados de mortes por doen\u00e7as respirat\u00f3rias em Rond\u00f4nia em 2019-2020: h\u00e1 influ\u00eancia do coronav\u00edrus?&nbsp;Indicando que j\u00e1 em em fevereiro de 2020 houve mortes por insufic\u00eancia respirat\u00f3ria e pneumonia em quantidade maior do que em 2019, indicando que uma parte pode ser decorrente do coronav\u00edrus, isso porque o Minist\u00e9rio da Sa\u00fade j\u00e1 destacou que 4% das mortes por estas morbidades podem ser por coronav\u00edrus.<\/p>\n\n\n\n<p>Os dados de infectados em Rond\u00f4nia come\u00e7aram a apresentar valores mais expressivos, em torno de 25 dias ap\u00f3s o Estado externalizar informa\u00e7\u00f5es sobre o coronav\u00edrus, e o n\u00edmero de internados somente apareceu em 2 e 3 de abril, mas o crescimento come\u00e7ou a aparecer a partir de 12\/04. Entretanto, \u00e9 uma informa\u00e7\u00e3o que chama a aten\u00e7\u00e3o, porque mesmo sem internados as mortes j\u00e1 aparecem a partir de 30 de mar\u00e7o.<\/p>\n\n\n\n<p>Os dados de infectados e internados (quadro 02) tem a mesma composi\u00e7\u00e3o matem\u00e1tica. Os dados foram modelados, pelo software CALC, e a curva de tend\u00eancia dos dois sistemas polinomiais s\u00e3o de grau 3. A fun\u00e7\u00e3o para o n\u00famero de infectados \u00e9 f(x)= 0,02x<sup>3<\/sup>\u20130,6x<sup>2<\/sup>\u20136,82x\u201316,46 e a fun\u00e7\u00e3o para o n\u00famero de internados \u00e9 f(x)=0,003 x<sup>3<\/sup>\u20130,03 x<sup>2-<\/sup>0,15x\u20130,98, sendo x relativos aos dias.<\/p>\n\n\n\n<p>O n\u00famero de contaminados e de internados guardam rela\u00e7\u00f5es, porque as curvas tem comportamentos polinomiais de crescimento e a m\u00e9dia de internados para infectados \u00e9 de 6%, mesmo que os valores desta rela\u00e7\u00e3o aumente no decorrer dos dias; os valores internacionais desta rela\u00e7\u00e3o chega \u00e9 de 5%.<\/p>\n\n\n\n<p>Quadro 02: N\u00famero de infectados e internados divulgados em Rond\u00f4nia<\/p>\n\n\n\n<figure class=\"wp-block-table\"><table class=\"\"><tbody><tr><td>&nbsp;<\/td><td>Infectados<\/td><td>internados<\/td><td>&nbsp;<\/td><td>Infectados<\/td><td>internados<\/td><td>&nbsp;<\/td><td>Infectados<\/td><td>internados<\/td><\/tr><tr><td>20-mar.<\/td><td>1<\/td><td>&nbsp;<\/td><td>2-abr.<\/td><td>10<\/td><td>1<\/td><td>14-04<\/td><td>69<\/td><td>2<\/td><\/tr><tr><td>21-mar.<\/td><td>3<\/td><td>&nbsp;<\/td><td>03-04<\/td><td>10<\/td><td>1<\/td><td>15-04<\/td><td>73<\/td><td>4<\/td><\/tr><tr><td>22-mar.<\/td><td>3<\/td><td>&nbsp;<\/td><td>04-04<\/td><td>11<\/td><td>0<\/td><td>16-04<\/td><td>92<\/td><td>4<\/td><\/tr><tr><td>25-mar.<\/td><td>5<\/td><td>&nbsp;<\/td><td>05-04<\/td><td>14<\/td><td>0<\/td><td>17-04<\/td><td>110<\/td><td>4<\/td><\/tr><tr><td>26-mar.<\/td><td>6<\/td><td>&nbsp;<\/td><td>06-04<\/td><td>18<\/td><td>0<\/td><td>18-04<\/td><td>128<\/td><td>3<\/td><\/tr><tr><td>27-mar.<\/td><td>6<\/td><td>&nbsp;<\/td><td>07-04<\/td><td>23<\/td><td>0<\/td><td>19-04<\/td><td>160<\/td><td>4<\/td><\/tr><tr><td>28-mar.<\/td><td>6<\/td><td>&nbsp;<\/td><td>08-04<\/td><td>26<\/td><td>0<\/td><td>20-04<\/td><td>199<\/td><td>19<\/td><\/tr><tr><td>29-mar.<\/td><td>6<\/td><td>&nbsp;<\/td><td>09-04<\/td><td>28<\/td><td>0<\/td><td>21-04<\/td><td>223<\/td><td>16<\/td><\/tr><tr><td>30-mar.<\/td><td>8<\/td><td>&nbsp;<\/td><td>10-04<\/td><td>32<\/td><td>0<\/td><td>22-04<\/td><td>&nbsp;<\/td><td>&nbsp;<\/td><\/tr><tr><td>31-mar.<\/td><td>9<\/td><td>0<\/td><td>11-04<\/td><td>34<\/td><td>0<\/td><td>23-04<\/td><td>250<\/td><td>20<\/td><\/tr><tr><td>1-abr.<\/td><td>9<\/td><td>0<\/td><td>12-04<\/td><td>42<\/td><td>1<\/td><td>24-04<\/td><td>290<\/td><td>29<\/td><\/tr><\/tbody><\/table><\/figure>\n\n\n\n<p>Fonte: Boletim coronav\u00edrus, 2020, acesso:&nbsp;<a href=\"http:\/\/www.rondonia.ro.gov.br\/?s=boletim+coronavirus\">http:\/\/www.rondonia.ro.gov.br\/?s=boletim+coronavirus<\/a><\/p>\n\n\n\n<p>As figuras 1 e 2 representam os dados pret\u00e9ritos de infectados e internados, at\u00e9 dia 25\/04. Os valores est\u00e3o dispostos para mostrar a defesagem entre um e outro. Assim, podemos concluir e intuir de que:<\/p>\n\n\n\n<ul class=\"wp-block-list\"><li>as condi\u00e7\u00f5es de isolamento social em Rond\u00f4nia n\u00e3o \u00e9 adequada;<\/li><li>o Estado e os munic\u00edpios est\u00e3o propondo flexibiliza\u00e7\u00e3o;<\/li><li>as detec\u00e7\u00f5es de contamina\u00e7\u00f5es est\u00e3o crescentes, portanto as contamina\u00e7\u00f5es sociais est\u00e3o da mesma forma crescentes;<\/li><li>assim \u00e9 prov\u00e1vel que a curva de crescimento se mantenham nos mesmos par\u00e2metros que at\u00e9 hoje se apresentam;<\/li><li>portanto intui-se que o crecimento de internados vai obedecer a curva de tend\u00eancia apresentada no quadro 03.<\/li><\/ul>\n\n\n\n<p><strong>IV- Fechamento<\/strong><\/p>\n\n\n\n<p>A tend\u00eancia de demanda modelada para leitos em Rond\u00f4nia para 30 dias est\u00e1 apresentado no quadro 03, entretanto \u00e9 necess\u00e1rio destacar que essa demanda se efetiva se as condi\u00e7\u00f5es de isolamente se mantiverem como atualmente. Assim, a a previs\u00e3o de demanda de leitos de acordo com o que foi proposto na simula\u00e7\u00e3o:<\/p>\n\n\n\n<ul class=\"wp-block-list\"><li>5<sup>o<\/sup>&nbsp;dia 64 leitos<\/li><li>10<sup>o<\/sup>&nbsp;dia 110 leitos<\/li><li>15<sup>o<\/sup>&nbsp;dia 194 leitos<\/li><li>20 dia 302 leitos<\/li><li>25 dia 444 leitos<\/li><li>30 dia 624 leitos<\/li><\/ul>\n\n\n\n<p>&nbsp;Estes valores est\u00e3o muito acima da capacidade de suporte do sistema de sa\u00fade atual do Estado de Rond\u00f4nia, por tr\u00eas condi\u00e7\u00f5es principais:<\/p>\n\n\n\n<ol class=\"wp-block-list\"><li>o Estado de Rond\u00f4nia n\u00e3o fez a\u00e7\u00f5es de introdu\u00e7\u00e3o de UTI`s exclusivas para atendimento de doentes pela pandemia, em todo o Estado foram inclu\u00eddas apenas 26 UTI`s exclusivas;<\/li><li>outras doen\u00e7as necessitam de UTI, portanto estes leitos em RO no podem ser colocados como exclusivos para a pandemia;<\/li><li>as contamina\u00e7\u00f5es por coronav\u00edrus est\u00e3o se expandindo geometricamente e o poder p\u00fablico n\u00e3o est\u00e1 tendo papel relevante de interven\u00e7\u00e3o visando frear o processo de contamina\u00e7\u00e3o.<\/li><\/ol>\n\n\n\n<p>Por fim, considerando que n\u00e3o h\u00e1 informa\u00f5es hist\u00f3ricas da quantidade de ocupa\u00e7\u00e3o de leitos por UTI, porque somente ap\u00f3s o boletim 38 foram disponibilizadas a informa\u00e7\u00e3o, como segue: 30% no boletim 38, 31% no boletim 39, 36% no boletim 40 e 82% no boletim 41, assim podemos intuir que ao logo do tempo seja de 50% a ocu\u1e55a\u00e7\u00e3o de UTI`s por coronav\u00edrus para o per\u00edodo estudado. II- considerando que o total de UTI no Estado de Rond\u00f5nia \u00e9 de 263, no quadro 04, o sistema de sa\u00fade entre em colapso no 27<sup>o<\/sup>&nbsp;dia, entretanto h\u00e1 que se analisar que h\u00e1 outras doen\u00e7as que necessitam de UTI e por isso n\u00e3o se pode considerar este per\u00edodo. II- o total de UTI`s espec\u00edficas para o covid-19 \u00e9 de apenas 26, portanto o sistema se considerar apenas esta quantidade o sistema j\u00e1 estaria em colapso no momento que o texto est\u00e1 sendo escrito.<\/p>\n\n\n\n<p>Dessa forma, o Poder P\u00fablico necessita envidar esfor\u00e7os para minorar a situa\u00e7\u00e3o:<\/p>\n\n\n\n<ul class=\"wp-block-list\"><li>com revers\u00e3o da flexibiliza\u00e7\u00e3o,<\/li><li>com implementa\u00e7\u00e3o de programa emergencial para a&nbsp;implanta\u00e7\u00e3o de novas UTI`s,<\/li><li>para implantar aquisi\u00e7\u00e3o de EPI`s para os profissionais de sa\u00fade,<\/li><li>para implantar a aquisi\u00e7\u00e3o de testes visando monitorar infectados.<\/li><\/ul>\n\n\n\n<p>Quadro 03: Proposi\u00e7\u00e3o da demanda por leitos para contamina\u00e7\u00e3o de covid-19<\/p>\n\n\n\n<figure class=\"wp-block-table\"><table class=\"\"><tbody><tr><td>dias<\/td><td>infectados<\/td><td>internados<\/td><td>UTI<\/td><td>&nbsp;<\/td><td>dias<\/td><td>infectados<\/td><td>internados<\/td><td>UTI<\/td><\/tr><tr><td>1<\/td><td>305<\/td><td>33<\/td><td>17<\/td><td>&nbsp;<\/td><td>16<\/td><td>1209<\/td><td>213<\/td><td>106<\/td><\/tr><tr><td>2<\/td><td>342<\/td><td>39<\/td><td>20<\/td><td>&nbsp;<\/td><td>17<\/td><td>1300<\/td><td>234<\/td><td>117<\/td><\/tr><tr><td>3<\/td><td>382<\/td><td>46<\/td><td>23<\/td><td>&nbsp;<\/td><td>18<\/td><td>1396<\/td><td>255<\/td><td>128<\/td><\/tr><tr><td>4<\/td><td>425<\/td><td>53<\/td><td>27<\/td><td>&nbsp;<\/td><td>19<\/td><td>1495<\/td><td>278<\/td><td>139<\/td><\/tr><tr><td>5<\/td><td>471<\/td><td>61<\/td><td>32<\/td><td>&nbsp;<\/td><td>20<\/td><td>1600<\/td><td>302<\/td><td>151<\/td><\/tr><tr><td>6<\/td><td>521<\/td><td>70<\/td><td>35<\/td><td>&nbsp;<\/td><td>21<\/td><td>1709<\/td><td>328<\/td><td>164<\/td><\/tr><tr><td>7<\/td><td>573<\/td><td>80<\/td><td>40<\/td><td>&nbsp;<\/td><td>22<\/td><td>1823<\/td><td>355<\/td><td>178<\/td><\/tr><tr><td>8<\/td><td>628<\/td><td>91<\/td><td>46<\/td><td>&nbsp;<\/td><td>23<\/td><td>1942<\/td><td>383<\/td><td>192<\/td><\/tr><tr><td>9<\/td><td>688<\/td><td>103<\/td><td>51<\/td><td>&nbsp;<\/td><td>24<\/td><td>2066<\/td><td>413<\/td><td>207<\/td><\/tr><tr><td>10<\/td><td>751<\/td><td>115<\/td><td>58<\/td><td>&nbsp;<\/td><td>25<\/td><td>2195<\/td><td>444<\/td><td>222<\/td><\/tr><tr><td>11<\/td><td>817<\/td><td>129<\/td><td>65<\/td><td>&nbsp;<\/td><td>26<\/td><td>2329<\/td><td>477<\/td><td>239<\/td><\/tr><tr><td>12<\/td><td>888<\/td><td>144<\/td><td>77<\/td><td>&nbsp;<\/td><td>27<\/td><td>2469<\/td><td>512<\/td><td>256<\/td><\/tr><tr><td>13<\/td><td>962<\/td><td>159<\/td><td>80<\/td><td>&nbsp;<\/td><td>28<\/td><td>2614<\/td><td>548<\/td><td>279<\/td><\/tr><tr><td>14<\/td><td>1040<\/td><td>176<\/td><td>88<\/td><td>&nbsp;<\/td><td>29<\/td><td>2765<\/td><td>585<\/td><td>293<\/td><\/tr><tr><td>15<\/td><td>1123<\/td><td>194<\/td><td>97<\/td><td>&nbsp;<\/td><td>30<\/td><td>2921<\/td><td>624<\/td><td>312<\/td><\/tr><\/tbody><\/table><\/figure>\n\n\n\n<p>Quadro 04: UTI no Estado de Rond\u00f4nia<\/p>\n\n\n\n<figure class=\"wp-block-table\"><table class=\"\"><tbody><tr><td>&nbsp;<\/td><td>Porto Velho<\/td><td>Ariquemes<\/td><td>cacoal<\/td><td>Ji-Paran\u00e1<\/td><td>Ouro Preto<\/td><td>Vilhema<\/td><\/tr><tr><td>UTI Adulto- covid-19<\/td><td>10<\/td><td>&nbsp;<\/td><td>&nbsp;<\/td><td>&nbsp;<\/td><td>6<\/td><td>10<\/td><\/tr><tr><td>UTI adulto tipo i<\/td><td>31<\/td><td>&nbsp;<\/td><td>10<\/td><td>&nbsp;<\/td><td>&nbsp;<\/td><td>&nbsp;<\/td><\/tr><tr><td>UTIA adulto tipo ii<\/td><td>139<\/td><td>19<\/td><td>18<\/td><td>10<\/td><td>&nbsp;<\/td><td>10<\/td><\/tr><tr><td>total<\/td><td>180<\/td><td>19<\/td><td>28<\/td><td>10<\/td><td>6<\/td><td>20<\/td><\/tr><\/tbody><\/table><\/figure>\n\n\n\n<p>Fonte:&nbsp;<a href=\"http:\/\/cnes2.datasus.gov.br\/Mod_Ind_Tipo_Leito.asp?VEstado=11&amp;VMun=110160\">http:\/\/cnes2.datasus.gov.br\/Mod_Ind_Tipo_Leito.asp?VEstado=11&amp;VMun=110160<\/a><\/p>\n\n\n\n<p><strong>Refer\u00eancias<\/strong><\/p>\n\n\n\n<p>MORET, Artur de Souza.&nbsp;<strong>Considera\u00e7\u00f5es sobre os dados de mortes por doen\u00e7as respirat\u00f3rias em Rond\u00f4nia em 2019-2020: h\u00e1 influ\u00eancia do coronav\u00edrus?<\/strong>. 21\/04\/2020. Dispon\u00edvel em&nbsp;<a href=\"http:\/\/www.energsust.unir.br\/noticia\/exibir\/11115\">http:\/\/www.energsust.unir.br\/noticia\/exibir\/11115<\/a><\/p>\n\n\n\n<p>Kuniya, T.&nbsp;<em>Prediction of the Epidemic Peak of Coronavirus Disease in Japan, 2020<\/em>.&nbsp;<strong>I<\/strong><strong>n:&nbsp;<\/strong><em><strong>J. Clin. Med<\/strong><\/em><em>. 9<\/em><em>, 789.<\/em><strong>2020.<\/strong>&nbsp;Acesso:&nbsp;<a href=\"https:\/\/www.mdpi.com\/2077-0383\/9\/3\/789\">https:\/\/www.mdpi.com\/2077-0383\/9\/3\/789<\/a><\/p>\n\n\n\n<p>Notas<\/p>\n\n\n\n<p><a href=\"http:\/\/www.energsust.unir.br\/noticia\/exibir\/11154#sdendnote1anc\">i<\/a>&nbsp;O processo geom\u00e9trico \u00e9 explicado pela refer\u00eancia de contamina\u00e7\u00f5es, no caso do cronav\u00edrus cada infectado pode chegar a contaminar 3 pessoas. Neste par\u00e2metro de contamina\u00e7\u00e3o, 1 pessoa contamina 3, estas 3 contaminam mais 3 e assim sucessivamente, portanto apenas um pessoa \u00e9 capaz de produzir contamina\u00e7\u00e3o em 10 dia quase 20 mil pessoas.<\/p>\n\n\n\n<p>Dia 1:1 infectado ; dia 2:3 infectados; dia 3:9 infectados; dia 4:27 infectados; dia 5:81 infectados; dia 6:243 infectados; dia7:729 infectados; dia 8:2187 infectados; dia 9:6561 infectados; dia 10:19683 infectados.<\/p>\n","protected":false},"excerpt":{"rendered":"<p>A demanda futura de leitos para infectados por coronav\u00edrus no Estado de Rond\u00f4nia \u00e9 fundamental para que o poder p\u00fablico fa\u00e7a a\u00e7\u00f5es visando diminuir a quantidade de pessoas contaminadas, porque pelo crescimento que se apresenta atualmente \u00e9 poss\u00edvel que em duas ou tr\u00eas semanas o sistema de sa\u00fade de Rond\u00f4nia entre em colapso.<\/p>\n","protected":false},"author":1,"featured_media":0,"comment_status":"closed","ping_status":"open","sticky":false,"template":"","format":"standard","meta":{"_exactmetrics_skip_tracking":false,"_exactmetrics_sitenote_active":false,"_exactmetrics_sitenote_note":"","_exactmetrics_sitenote_category":0,"jetpack_post_was_ever_published":false,"_jetpack_newsletter_access":"","_jetpack_dont_email_post_to_subs":false,"_jetpack_newsletter_tier_id":0,"_jetpack_memberships_contains_paywalled_content":false,"_jetpack_memberships_contains_paid_content":false,"footnotes":"","jetpack_publicize_message":"","jetpack_publicize_feature_enabled":true,"jetpack_social_post_already_shared":true,"jetpack_social_options":{"image_generator_settings":{"template":"highway","enabled":false},"version":2}},"categories":[1],"tags":[],"class_list":["post-27825","post","type-post","status-publish","format-standard","hentry","category-notas"],"jetpack_publicize_connections":[],"jetpack_sharing_enabled":true,"jetpack_featured_media_url":"","jetpack_shortlink":"https:\/\/wp.me\/p7wKYW-7eN","jetpack-related-posts":[],"_links":{"self":[{"href":"http:\/\/blogdalucianaoliveira.com.br\/blog\/wp-json\/wp\/v2\/posts\/27825","targetHints":{"allow":["GET"]}}],"collection":[{"href":"http:\/\/blogdalucianaoliveira.com.br\/blog\/wp-json\/wp\/v2\/posts"}],"about":[{"href":"http:\/\/blogdalucianaoliveira.com.br\/blog\/wp-json\/wp\/v2\/types\/post"}],"author":[{"embeddable":true,"href":"http:\/\/blogdalucianaoliveira.com.br\/blog\/wp-json\/wp\/v2\/users\/1"}],"replies":[{"embeddable":true,"href":"http:\/\/blogdalucianaoliveira.com.br\/blog\/wp-json\/wp\/v2\/comments?post=27825"}],"version-history":[{"count":2,"href":"http:\/\/blogdalucianaoliveira.com.br\/blog\/wp-json\/wp\/v2\/posts\/27825\/revisions"}],"predecessor-version":[{"id":27829,"href":"http:\/\/blogdalucianaoliveira.com.br\/blog\/wp-json\/wp\/v2\/posts\/27825\/revisions\/27829"}],"wp:attachment":[{"href":"http:\/\/blogdalucianaoliveira.com.br\/blog\/wp-json\/wp\/v2\/media?parent=27825"}],"wp:term":[{"taxonomy":"category","embeddable":true,"href":"http:\/\/blogdalucianaoliveira.com.br\/blog\/wp-json\/wp\/v2\/categories?post=27825"},{"taxonomy":"post_tag","embeddable":true,"href":"http:\/\/blogdalucianaoliveira.com.br\/blog\/wp-json\/wp\/v2\/tags?post=27825"}],"curies":[{"name":"wp","href":"https:\/\/api.w.org\/{rel}","templated":true}]}}