{"id":27830,"date":"2020-04-29T11:05:24","date_gmt":"2020-04-29T15:05:24","guid":{"rendered":"http:\/\/blogdalucianaoliveira.com.br\/blog\/?p=27830"},"modified":"2020-04-29T11:05:28","modified_gmt":"2020-04-29T15:05:28","slug":"alexandre-de-moraes-suspende-nomeacao-de-ramagem-para-a-pf","status":"publish","type":"post","link":"http:\/\/blogdalucianaoliveira.com.br\/blog\/2020\/04\/29\/alexandre-de-moraes-suspende-nomeacao-de-ramagem-para-a-pf\/","title":{"rendered":"Alexandre de Moraes suspende nomea\u00e7\u00e3o de Ramagem para a PF"},"content":{"rendered":"\n<figure class=\"wp-block-image size-large\"><img data-recalc-dims=\"1\" loading=\"lazy\" decoding=\"async\" width=\"600\" height=\"374\" data-attachment-id=\"27831\" data-permalink=\"http:\/\/blogdalucianaoliveira.com.br\/blog\/2020\/04\/29\/alexandre-de-moraes-suspende-nomeacao-de-ramagem-para-a-pf\/image-80-4\/\" data-orig-file=\"https:\/\/i0.wp.com\/blogdalucianaoliveira.com.br\/blog\/wp-content\/uploads\/2020\/04\/image-80.jpeg?fit=610%2C380\" data-orig-size=\"610,380\" data-comments-opened=\"0\" data-image-meta=\"{&quot;aperture&quot;:&quot;0&quot;,&quot;credit&quot;:&quot;&quot;,&quot;camera&quot;:&quot;&quot;,&quot;caption&quot;:&quot;&quot;,&quot;created_timestamp&quot;:&quot;0&quot;,&quot;copyright&quot;:&quot;&quot;,&quot;focal_length&quot;:&quot;0&quot;,&quot;iso&quot;:&quot;0&quot;,&quot;shutter_speed&quot;:&quot;0&quot;,&quot;title&quot;:&quot;&quot;,&quot;orientation&quot;:&quot;0&quot;}\" data-image-title=\"image-80\" data-image-description=\"\" data-image-caption=\"\" data-medium-file=\"https:\/\/i0.wp.com\/blogdalucianaoliveira.com.br\/blog\/wp-content\/uploads\/2020\/04\/image-80.jpeg?fit=300%2C187\" data-large-file=\"https:\/\/i0.wp.com\/blogdalucianaoliveira.com.br\/blog\/wp-content\/uploads\/2020\/04\/image-80.jpeg?fit=600%2C374\" src=\"https:\/\/i0.wp.com\/blogdalucianaoliveira.com.br\/blog\/wp-content\/uploads\/2020\/04\/image-80.jpeg?resize=600%2C374\" alt=\"\" class=\"wp-image-27831\" srcset=\"https:\/\/i0.wp.com\/blogdalucianaoliveira.com.br\/blog\/wp-content\/uploads\/2020\/04\/image-80.jpeg?w=610 610w, https:\/\/i0.wp.com\/blogdalucianaoliveira.com.br\/blog\/wp-content\/uploads\/2020\/04\/image-80.jpeg?resize=300%2C187 300w, https:\/\/i0.wp.com\/blogdalucianaoliveira.com.br\/blog\/wp-content\/uploads\/2020\/04\/image-80.jpeg?resize=482%2C300 482w\" sizes=\"auto, (max-width: 600px) 100vw, 600px\" \/><\/figure>\n\n\n\n<p><strong>247<\/strong>\u00a0&#8211; O ministro do Supremo Tribunal Federal Alexandre de Moraes suspendeu a nomea\u00e7\u00e3o de Alexandre de Ramagem para a Diretoria-Geral da Pol\u00edcia Federal. A informa\u00e7\u00e3o foi publicada pela\u00a0<a href=\"https:\/\/www.cnnbrasil.com.br\/politica\/2020\/04\/29\/alexandre-de-moraes-suspende-nomeacao-de-ramagem-para-a-pf\">CNN Brasil<\/a>.<\/p>\n\n\n\n<!--more-->\n\n\n\n<p>&#8220;Diante de todo o exposto, nos termos do artigo 7o, inciso III da Lei 12.016\/2016, DEFIRO A MEDIDA LIMINAR para suspender a efic\u00e1cia do Decreto de 27\/4\/2020 (DOU de 28\/4\/2020, Se\u00e7\u00e3o 2, p. 1) no que se refere \u00e0 nomea\u00e7\u00e3o e posse de Alexandre Ramagem Rodrigues para o cargo de Diretor-Geral da Pol\u00edcia Federal&#8221;, escreveu o ministro em sua decis\u00e3o.<\/p>\n","protected":false},"excerpt":{"rendered":"<p>247\u00a0&#8211; O ministro do Supremo Tribunal Federal Alexandre de Moraes suspendeu a nomea\u00e7\u00e3o de Alexandre de Ramagem para a Diretoria-Geral da Pol\u00edcia Federal. A informa\u00e7\u00e3o foi publicada pela\u00a0CNN Brasil.<\/p>\n","protected":false},"author":1,"featured_media":0,"comment_status":"closed","ping_status":"open","sticky":false,"template":"","format":"standard","meta":{"_exactmetrics_skip_tracking":false,"_exactmetrics_sitenote_active":false,"_exactmetrics_sitenote_note":"","_exactmetrics_sitenote_category":0,"jetpack_post_was_ever_published":false,"_jetpack_newsletter_access":"","_jetpack_dont_email_post_to_subs":false,"_jetpack_newsletter_tier_id":0,"_jetpack_memberships_contains_paywalled_content":false,"_jetpack_memberships_contains_paid_content":false,"footnotes":"","jetpack_publicize_message":"","jetpack_publicize_feature_enabled":true,"jetpack_social_post_already_shared":true,"jetpack_social_options":{"image_generator_settings":{"template":"highway","enabled":false},"version":2}},"categories":[1],"tags":[],"class_list":["post-27830","post","type-post","status-publish","format-standard","hentry","category-notas"],"jetpack_publicize_connections":[],"jetpack_sharing_enabled":true,"jetpack_featured_media_url":"","jetpack_shortlink":"https:\/\/wp.me\/p7wKYW-7eS","jetpack-related-posts":[],"_links":{"self":[{"href":"http:\/\/blogdalucianaoliveira.com.br\/blog\/wp-json\/wp\/v2\/posts\/27830","targetHints":{"allow":["GET"]}}],"collection":[{"href":"http:\/\/blogdalucianaoliveira.com.br\/blog\/wp-json\/wp\/v2\/posts"}],"about":[{"href":"http:\/\/blogdalucianaoliveira.com.br\/blog\/wp-json\/wp\/v2\/types\/post"}],"author":[{"embeddable":true,"href":"http:\/\/blogdalucianaoliveira.com.br\/blog\/wp-json\/wp\/v2\/users\/1"}],"replies":[{"embeddable":true,"href":"http:\/\/blogdalucianaoliveira.com.br\/blog\/wp-json\/wp\/v2\/comments?post=27830"}],"version-history":[{"count":1,"href":"http:\/\/blogdalucianaoliveira.com.br\/blog\/wp-json\/wp\/v2\/posts\/27830\/revisions"}],"predecessor-version":[{"id":27832,"href":"http:\/\/blogdalucianaoliveira.com.br\/blog\/wp-json\/wp\/v2\/posts\/27830\/revisions\/27832"}],"wp:attachment":[{"href":"http:\/\/blogdalucianaoliveira.com.br\/blog\/wp-json\/wp\/v2\/media?parent=27830"}],"wp:term":[{"taxonomy":"category","embeddable":true,"href":"http:\/\/blogdalucianaoliveira.com.br\/blog\/wp-json\/wp\/v2\/categories?post=27830"},{"taxonomy":"post_tag","embeddable":true,"href":"http:\/\/blogdalucianaoliveira.com.br\/blog\/wp-json\/wp\/v2\/tags?post=27830"}],"curies":[{"name":"wp","href":"https:\/\/api.w.org\/{rel}","templated":true}]}}