{"id":27833,"date":"2020-04-29T11:23:07","date_gmt":"2020-04-29T15:23:07","guid":{"rendered":"http:\/\/blogdalucianaoliveira.com.br\/blog\/?p=27833"},"modified":"2020-04-29T11:26:06","modified_gmt":"2020-04-29T15:26:06","slug":"entrevista-pesquisador-defende-lockdown-contra-covid-19-em-rondonia","status":"publish","type":"post","link":"http:\/\/blogdalucianaoliveira.com.br\/blog\/2020\/04\/29\/entrevista-pesquisador-defende-lockdown-contra-covid-19-em-rondonia\/","title":{"rendered":"ENTREVISTA: Pesquisador defende &#8216;Lockdown&#8217; contra Covid-19 em Rond\u00f4nia"},"content":{"rendered":"\n<figure class=\"wp-block-embed-youtube wp-block-embed is-type-video is-provider-youtube wp-embed-aspect-4-3 wp-has-aspect-ratio\"><div class=\"wp-block-embed__wrapper\">\n<div class=\"jetpack-video-wrapper\"><iframe loading=\"lazy\" title=\"Entrevista - Prof. Dr. Artur Moret defende &#039;Lockdown&#039; contra Covid-19 em Rond\u00f4nia\" width=\"600\" height=\"450\" src=\"https:\/\/www.youtube.com\/embed\/gWYrWo9Vl5E?feature=oembed\" frameborder=\"0\" allow=\"accelerometer; autoplay; clipboard-write; encrypted-media; gyroscope; picture-in-picture; web-share\" referrerpolicy=\"strict-origin-when-cross-origin\" allowfullscreen><\/iframe><\/div>\n<\/div><\/figure>\n\n\n\n<p><\/p>\n\n\n\n<p>A paralisa\u00e7\u00e3o total dos fluxos e deslocamentos e confinamento rigoroso, \u00e9 o que defende o Prof. Dr. Artur de Souza Moret para conter a pandemia do novo coronav\u00edrus em Rond\u00f4na.<\/p>\n\n\n\n<p>Em entrevista ao blog, ele falou sobre as novas perspectivas de pico da Covid-19 por causa do relaxamento do distanciamento social e da postura pol\u00edtica dos governantes no momento em que a curva da doen\u00e7a sobe.<\/p>\n\n\n\n<p>Artur prev\u00ea o colapso na sa\u00fade nos pr\u00f3ximos 15 ou 20 dias e alerta: n\u00e3o digam &#8216;e da\u00ed?&#8217;. <\/p>\n","protected":false},"excerpt":{"rendered":"<p>A paralisa\u00e7\u00e3o total dos fluxos e deslocamentos e confinamento rigoroso, \u00e9 o que defende o Prof. Dr. Artur de Souza Moret para conter a pandemia do novo coronav\u00edrus em Rond\u00f4na. Em entrevista ao blog, ele falou sobre as novas perspectivas de pico da Covid-19 por causa do relaxamento do distanciamento social e da postura pol\u00edtica&#8230;<a class=\"more-link\" href=\"http:\/\/blogdalucianaoliveira.com.br\/blog\/2020\/04\/29\/entrevista-pesquisador-defende-lockdown-contra-covid-19-em-rondonia\/\">Continue a leitura <span class=\"meta-nav\">&raquo;<\/span><\/a><\/p>\n","protected":false},"author":1,"featured_media":0,"comment_status":"closed","ping_status":"open","sticky":false,"template":"","format":"standard","meta":{"_exactmetrics_skip_tracking":false,"_exactmetrics_sitenote_active":false,"_exactmetrics_sitenote_note":"","_exactmetrics_sitenote_category":0,"jetpack_post_was_ever_published":false,"_jetpack_newsletter_access":"","_jetpack_dont_email_post_to_subs":false,"_jetpack_newsletter_tier_id":0,"_jetpack_memberships_contains_paywalled_content":false,"_jetpack_memberships_contains_paid_content":false,"footnotes":"","jetpack_publicize_message":"","jetpack_publicize_feature_enabled":true,"jetpack_social_post_already_shared":true,"jetpack_social_options":{"image_generator_settings":{"template":"highway","enabled":false},"version":2}},"categories":[1],"tags":[],"class_list":["post-27833","post","type-post","status-publish","format-standard","hentry","category-notas"],"jetpack_publicize_connections":[],"jetpack_sharing_enabled":true,"jetpack_featured_media_url":"","jetpack_shortlink":"https:\/\/wp.me\/p7wKYW-7eV","jetpack-related-posts":[],"_links":{"self":[{"href":"http:\/\/blogdalucianaoliveira.com.br\/blog\/wp-json\/wp\/v2\/posts\/27833","targetHints":{"allow":["GET"]}}],"collection":[{"href":"http:\/\/blogdalucianaoliveira.com.br\/blog\/wp-json\/wp\/v2\/posts"}],"about":[{"href":"http:\/\/blogdalucianaoliveira.com.br\/blog\/wp-json\/wp\/v2\/types\/post"}],"author":[{"embeddable":true,"href":"http:\/\/blogdalucianaoliveira.com.br\/blog\/wp-json\/wp\/v2\/users\/1"}],"replies":[{"embeddable":true,"href":"http:\/\/blogdalucianaoliveira.com.br\/blog\/wp-json\/wp\/v2\/comments?post=27833"}],"version-history":[{"count":2,"href":"http:\/\/blogdalucianaoliveira.com.br\/blog\/wp-json\/wp\/v2\/posts\/27833\/revisions"}],"predecessor-version":[{"id":27835,"href":"http:\/\/blogdalucianaoliveira.com.br\/blog\/wp-json\/wp\/v2\/posts\/27833\/revisions\/27835"}],"wp:attachment":[{"href":"http:\/\/blogdalucianaoliveira.com.br\/blog\/wp-json\/wp\/v2\/media?parent=27833"}],"wp:term":[{"taxonomy":"category","embeddable":true,"href":"http:\/\/blogdalucianaoliveira.com.br\/blog\/wp-json\/wp\/v2\/categories?post=27833"},{"taxonomy":"post_tag","embeddable":true,"href":"http:\/\/blogdalucianaoliveira.com.br\/blog\/wp-json\/wp\/v2\/tags?post=27833"}],"curies":[{"name":"wp","href":"https:\/\/api.w.org\/{rel}","templated":true}]}}