{"id":27836,"date":"2020-04-29T12:48:51","date_gmt":"2020-04-29T16:48:51","guid":{"rendered":"http:\/\/blogdalucianaoliveira.com.br\/blog\/?p=27836"},"modified":"2020-04-29T12:48:55","modified_gmt":"2020-04-29T16:48:55","slug":"veja-o-que-bolsonaro-ja-disse-sobre-coronavirus-de-histeria-e-gripezinha-ao-e-dai-assista-a-video","status":"publish","type":"post","link":"http:\/\/blogdalucianaoliveira.com.br\/blog\/2020\/04\/29\/veja-o-que-bolsonaro-ja-disse-sobre-coronavirus-de-histeria-e-gripezinha-ao-e-dai-assista-a-video\/","title":{"rendered":"Veja o que Bolsonaro j\u00e1 disse sobre coronav\u00edrus, de histeria e gripezinha ao &#8216;e da\u00ed?&#8217;; assista a v\u00eddeo"},"content":{"rendered":"\n<figure class=\"wp-block-image\"><img data-recalc-dims=\"1\" decoding=\"async\" src=\"https:\/\/i0.wp.com\/f.i.uol.com.br\/fotografia\/2020\/03\/17\/15844720235e711fd76fde3_1584472023_3x2_md.jpg?w=600&#038;ssl=1\" alt=\"O presidente Jair Bolsonaro, diante do Planalto, nos protestos de domingo (15)\n\"\/><\/figure>\n\n\n\n<p>Desde o in\u00edcio da crise mundial do coronav\u00edrus, o presidente Jair Bolsonaro (sem partido) tem dado declara\u00e7\u00f5es nas quais busca minimizar os impactos da pandemia e, ao mesmo, trata como exageradas algumas medidas que est\u00e3o sendo tomadas no exterior e por governadores de estado no pa\u00eds.<\/p>\n\n\n\n<!--more-->\n\n\n\n<p>Na FSP, por <strong><a href=\"https:\/\/www1.folha.uol.com.br\/autores\/daniela-arcanjo.shtml\">Daniela Arcanjo<\/a><\/strong><br><\/p>\n\n\n\n<p>Nos\u00a0<a href=\"https:\/\/www1.folha.uol.com.br\/poder\/2020\/03\/na-paulista-apoiadores-de-bolsonaro-atacam-congresso-e-stf-e-chamam-coronavirus-de-mentira.shtml\">protestos de 15<\/a>\u00a0de mar\u00e7o, por exemplo, Bolsonaro desrespeitou recomenda\u00e7\u00f5es do Minist\u00e9rio da Sa\u00fade e cumprimentou apoiadores. &#8220;Se eu resolvi apertar a m\u00e3o do povo, desculpe aqui, eu n\u00e3o convoquei o povo para ir \u00e0s ruas, isso \u00e9 um direito meu. Afinal de contas, eu vim do povo. Eu venho do povo brasileiro.&#8221;<\/p>\n\n\n\n<p>Depois, em&nbsp;<a href=\"https:\/\/www1.folha.uol.com.br\/poder\/2020\/03\/em-pronunciamento-bolsonaro-critica-fechamento-de-escolas-ataca-governadores-e-culpa-midia.shtml\">pronunciamento em cadeia de r\u00e1dio e TV,<\/a>&nbsp;falou em &#8220;gripezinha ou resfriadinho&#8221;.<\/p>\n\n\n\n<p>Confira, abaixo , declara\u00e7\u00f5es do presidente sobre o coronav\u00edrus.<\/p>\n\n\n\n<figure><iframe src=\"https:\/\/player.mais.uol.com.br\/?mediaId=16779566&amp;onDemand=true\" allowfullscreen=\"\"><\/iframe><\/figure>\n\n\n\n<p><strong>NESSE V\u00cdRUS A\u00cd (27.JAN)<\/strong><\/p>\n\n\n\n<p>&#8220;Estamos tendo problema nesse v\u00edrus a\u00ed, o coronav\u00edrus. O mundo todo est\u00e1 sofrendo. As<a href=\"https:\/\/www1.folha.uol.com.br\/mercado\/2020\/02\/bolsas-americanas-tem-uma-das-piores-semanas-da-historia.shtml\">&nbsp;Bolsas est\u00e3o caindo no mundo todo<\/a>, com rar\u00edssimas exce\u00e7\u00f5es. O d\u00f3lar tamb\u00e9m est\u00e1 se valorizando no mundo todo, e no Brasil o d\u00f3lar est\u00e1 R$ 4,40. A gente lamenta, porque isso a\u00ed, mais cedo ou mais tarde, vai influenciar naquilo que n\u00f3s importamos, at\u00e9 no p\u00e3o, o trigo. Vai influenciar.&#8221;<br>*&nbsp;<em><a href=\"https:\/\/www1.folha.uol.com.br\/mercado\/2020\/02\/bolsonaro-culpa-surto-do-novo-coronavirus-por-alta-de-dolar.shtml\">Ao falar sobre a alta do d\u00f3lar<\/a>&nbsp;em transmiss\u00e3o ao vivo nas redes sociais<\/em><\/p>\n\n\n\n<p><strong>NO TOCANTE \u00c0 INFORMA\u00c7\u00c3O (28.JAN)<\/strong><\/p>\n\n\n\n<p>&#8220;Pelo que parece, tem uma fam\u00edlia [de brasileiros] na regi\u00e3o onde o v\u00edrus est\u00e1 atuando. N\u00e3o seria oportuno a gente tirar de l\u00e1 [China], com todo o respeito. Pelo contr\u00e1rio, agora n\u00e3o vamos colocar em risco n\u00f3s aqui por uma fam\u00edlia apenas. A gente espera que os dados da China estejam reais, s\u00f3 isso de pessoas contaminadas. Se bem que s\u00e3o bastante. Mas a gente sabe que esses pa\u00edses s\u00e3o mais fechados no tocante \u00e0 informa\u00e7\u00e3o.&#8221;<br>*&nbsp;<em><a href=\"https:\/\/www1.folha.uol.com.br\/equilibrioesaude\/2020\/01\/bolsonaro-diz-que-resgate-de-brasileiros-na-asia-por-coronavirus-nao-e-oportuno.shtml\">Sobre a possibilidade de resgatar<\/a>&nbsp;fam\u00edlia de brasileiros que estava em regi\u00e3o afetada pelo coronav\u00edrus<\/em><\/p>\n\n\n\n<p><strong>EST\u00c1 SUPERDIMENSIONADO (09.MAR)<\/strong><\/p>\n\n\n\n<p>&#8220;Tem a quest\u00e3o do coronav\u00edrus tamb\u00e9m que, no meu entender, est\u00e1 superdimensionado, o poder destruidor desse v\u00edrus. Ent\u00e3o talvez esteja sendo potencializado at\u00e9 por quest\u00e3o econ\u00f4mica, mas acredito que o Brasil, n\u00e3o \u00e9 que vai dar certo, j\u00e1 deu certo.&#8221;<br>*&nbsp;<em>Ao falar&nbsp;<a href=\"https:\/\/www1.folha.uol.com.br\/mercado\/2020\/03\/bolsonaro-minimiza-crise-e-diz-que-coronavirus-esta-superdimensionado.shtml\">com a comunidade brasileira<\/a>&nbsp;em Miami<\/em><\/p>\n\n\n\n<p><strong>\u00c9 MUITO MAIS FANTASIA (10.MAR)<\/strong><\/p>\n\n\n\n<p>&#8220;Durante o ano que se passou, obviamente, temos momentos de crise. Muito do que tem ali \u00e9 muito mais fantasia, a quest\u00e3o do coronav\u00edrus, que n\u00e3o \u00e9 isso tudo que a grande m\u00eddia propaga. Alguns da imprensa conseguiram fazer de uma crise a queda do pre\u00e7o do petr\u00f3leo.&#8221;<br>*&nbsp;<em>Durante&nbsp;<a href=\"https:\/\/www1.folha.uol.com.br\/mercado\/2020\/03\/em-evento-esvaziado-nos-eua-bolsonaro-nega-crise-e-diz-que-problemas-na-bolsa-acontecem.shtml\">evento em hotel no centro<\/a>&nbsp;de Miami<\/em><\/p>\n\n\n\n<p><strong>OUTRAS GRIPES MATARAM MAIS (11.MAR)<\/strong><\/p>\n\n\n\n<p>&#8220;Vou ligar para o [ministro da Sa\u00fade, Luiz Henrique] Mandetta. Eu n\u00e3o sou m\u00e9dico, n\u00e3o sou infectologista. O que eu ouvi at\u00e9 o momento [\u00e9 que] outras gripes mataram mais do que esta.&#8221;<br>*&nbsp;<em>Durante&nbsp;<a href=\"https:\/\/www1.folha.uol.com.br\/equilibrioesaude\/2020\/03\/outras-gripes-mataram-mais-do-que-coronavirus-diz-bolsonaro.shtml\">entrevista em frente ao Pal\u00e1cio da Alvorada<\/a><\/em><\/p>\n\n\n\n<p><strong>GOVERNO EST\u00c1 ATENTO (12.MAR)<\/strong><\/p>\n\n\n\n<p>&#8220;O sistema de sa\u00fade brasileiro, como os demais pa\u00edses, tem um limite de pacientes que podem ser atendidos. O governo est\u00e1 atento para manter a evolu\u00e7\u00e3o do quadro sob controle.&#8221;<br>*\u00a0<em>Em pronunciamento na televis\u00e3o e no r\u00e1dio<\/em><\/p>\n\n\n\n<p><strong>ENTRAR NUMA NEUROSE (15.MAR)<\/strong><\/p>\n\n\n\n<p>\u201cMuitos pegar\u00e3o isso independente dos cuidados que tomem. Isso vai acontecer mais cedo ou mais tarde. Devemos respeitar, tomar as medidas sanit\u00e1rias cab\u00edveis, mas n\u00e3o podemos entrar numa neurose, como se fosse o fim do mundo.&#8221;<br>*&nbsp;<em>Quando deu&nbsp;<a href=\"https:\/\/www1.folha.uol.com.br\/poder\/2020\/03\/bolsonaro-desafia-maia-e-alcolumbre-e-ve-histeria-no-combate-ao-coronavirus.shtml\">entrevista \u00e0 CNN Brasil<\/a>, no dia em que saiu \u00e0s ruas em protestos contra o Congresso<\/em><\/p>\n\n\n\n<p><strong>TEVE CRISE SEMELHANTE (15.MAR)<\/strong><\/p>\n\n\n\n<p>\u201cEm 2009, 2010, teve crise semelhante, mas, aqui no Brasil, era o PT que estava no poder e, nos Estados Unidos, eram os Democratas, e a rea\u00e7\u00e3o n\u00e3o foi nem sequer perto do que est\u00e1 acontecendo no mundo todo.\u201d<br>*&nbsp;<em>Em entrevista \u00e0 CNN Brasil<\/em><\/p>\n\n\n\n<p><strong>MAS SEM HISTERIA (15.MAR)<\/strong><\/p>\n\n\n\n<p>\u201cPorque n\u00e3o vai, no meu entender, conter a expans\u00e3o desta forma muito r\u00edgida. Devemos tomar provid\u00eancias porque pode, sim, transformar em uma quest\u00e3o bastante grave a quest\u00e3o do v\u00edrus no Brasil, mas sem histeria.\u201d<br>*&nbsp;<em>Em entrevista \u00e0 CNN Brasil<\/em><\/p>\n\n\n\n<p><strong>N\u00c3O \u00c9 TUDO ISSO QUE DIZEM (16.MAR)<\/strong><\/p>\n\n\n\n<p>\u201cFoi surpreendente o que aconteceu na rua. At\u00e9 com esse superdimensionamento. Tudo bem que vai ter problema. Vai ter. Quem \u00e9 idoso e est\u00e1 com problema ou defici\u00eancia. Mas n\u00e3o \u00e9 isso tudo que dizem. At\u00e9 que na China j\u00e1 est\u00e1 praticamente acabando.\u201d<br>*\u00a0<em>Um dia depois dos protestos,\u00a0<a href=\"https:\/\/www1.folha.uol.com.br\/poder\/2020\/03\/mesmo-apos-6513-mortes-bolsonaro-diz-que-crise-do-coronavirus-nao-e-isso-tudo-que-dizem.shtml\">em entrevista em frente ao Pal\u00e1cio da Alvorada<\/a><\/em><\/p>\n\n\n\n<p><strong>POSS\u00cdVEL DISSEMINA\u00c7\u00c3O DO V\u00cdRUS (16.MAR)<\/strong><\/p>\n\n\n\n<p>&#8220;N\u00f3s estamos em uma briga pelo poder e vou ser fiel \u00e0quilo que eu sempre tive com a popula\u00e7\u00e3o brasileira. N\u00e3o d\u00e1 para querer jogar nas minhas costas uma poss\u00edvel dissemina\u00e7\u00e3o do v\u00edrus.&#8221;<br>*&nbsp;<em>Em&nbsp;<a href=\"https:\/\/www1.folha.uol.com.br\/poder\/2020\/03\/bolsonaro-diz-que-nao-pode-ser-ameacado-e-seria-um-golpe-isolar-o-presidente.shtml\">entrevista<\/a>&nbsp;\u00e0 Radio Bandeirantes<\/em><\/p>\n\n\n\n<p><strong>EST\u00c1 HAVENDO UMA HISTERIA (16.MAR)<\/strong><\/p>\n\n\n\n<p>&#8220;Est\u00e1 havendo uma histeria&#8221;, afirmou. &#8220;Se a economia afundar, afunda o Brasil. E qual o interesse dessas lideran\u00e7as pol\u00edtica? Se acabar economia, acaba qualquer governo. Acaba o meu governo. \u00c9 uma luta de poder.&#8221;<br>*&nbsp;<em>Em entrevista \u00e0 Radio Bandeirantes<\/em><\/p>\n\n\n\n<p><strong>RESOLVI APERTAR A M\u00c3O DO POVO (16.MAR)<\/strong><\/p>\n\n\n\n<p>&#8220;Se eu resolvi apertar a m\u00e3o do povo, desculpe aqui, eu n\u00e3o convoquei o povo para ir \u00e0s ruas, isso \u00e9 um direito meu. Afinal de contas, eu vim do povo. Eu venho do povo brasileiro.&#8221;<br>*&nbsp;<em>Em entrevista \u00e0 Radio Bandeirantes<\/em>&nbsp;\u200b<\/p>\n\n\n\n<p><strong>A VIDA CONTINUA (17.MAR)<\/strong><\/p>\n\n\n\n<p>&#8220;Esse v\u00edrus trouxe uma certa histeria. Tem alguns governadores, no meu entender, posso at\u00e9 estar errado, que est\u00e3o tomando medidas que v\u00e3o prejudicar e muito a nossa economia. (&#8230;) A vida continua, n\u00e3o tem que ter histeria. N\u00e3o \u00e9 porque tem uma aglomera\u00e7\u00e3o de pessoas aqui e acol\u00e1 esporadicamente [que] tem que ser atacado exatamente isso. [\u00c9] tirar a histeria. Agora, o que acontece? Prejudica.&#8221;<br>*&nbsp;<em>Quando dava entrevista \u00e0 r\u00e1dio Super Tupi. Ele disse, ainda, que faria uma &#8220;festinha tradicional&#8221; em comemora\u00e7\u00e3o ao seu aniver\u00e1rio e ao de sua mulher<\/em><\/p>\n\n\n\n<p><strong>QUEREM O PIOR DO BRASIL (18.MAR)<\/strong><\/p>\n\n\n\n<p>&#8220;Superar este desafio depende cada um de n\u00f3s. O caos s\u00f3 interessa aos que querem o pior para o Brasil. Se, com serenidade, popula\u00e7\u00e3o e governo, junto com os demais poderes, somarmos os esfor\u00e7os necess\u00e1rios para proteger nosso povo, venceremos n\u00e3o s\u00f3 este mal como qualquer outro!&#8221;<br>*&nbsp;<em>Em publica\u00e7\u00e3o na sua conta do Twitter<\/em><\/p>\n\n\n\n<p><strong>FOI UM FRACASSO (18.MAR)<\/strong><\/p>\n\n\n\n<p>&#8220;Come\u00e7amos a nos preparar. At\u00e9 que os primeiros casos come\u00e7aram a aparecer no Brasil. Alguns achavam que a gente deveria suspender o carnaval. Tivemos esses dias um governador que queria impedir as pessoas de ir a praia. N\u00e3o s\u00f3 foi um fracasso como o n\u00famero de pessoas nas praias aumentou.&#8221;<br><em>* Em cr\u00edtica velada ao governador do Rio de Janeiro Wilson Witzel (PSC), durante&nbsp;<a href=\"https:\/\/www1.folha.uol.com.br\/poder\/2020\/03\/de-mascara-bolsonaro-anuncia-mais-um-ministro-infectado-pelo-coronavirus.shtml\">entrevista coletiva com ministros<\/a><\/em><\/p>\n\n\n\n<p><strong>GRIPEZIN<\/strong><strong>HA (20.MAR)<\/strong><\/p>\n\n\n\n<p>&#8220;Depois da facada, n\u00e3o vai ser uma gripezinha que vai me derrubar, n\u00e3o. Se o m\u00e9dico ou o ministro me recomendar um novo exame, eu farei. Caso contr\u00e1rio, me comportarei como qualquer um de voc\u00eas aqui presentes.&#8221;<br><em>* Durante&nbsp;<a href=\"https:\/\/www1.folha.uol.com.br\/poder\/2020\/03\/nao-vai-ser-uma-gripezinha-que-vai-me-derrubar-diz-bolsonaro-sobre-coronavirus.shtml\">entrevista \u00e0 imprensa<\/a><\/em><\/p>\n\n\n\n<p><strong>ESPERO QUE N\u00c3O VENHAM ME CULPAR (22.MAR)<\/strong><\/p>\n\n\n\n<p>&#8220;Brevemente o povo saber\u00e1 que foi enganado por esses governadores e por grande parte da m\u00eddia nessa quest\u00e3o do coronav\u00edrus. (&#8230;) Espero que n\u00e3o venham me culpar l\u00e1 na frente pela quantidade de milh\u00f5es e milh\u00f5es de desempregados na minha pessoa.&#8221;<br><em>* Em&nbsp;<a href=\"https:\/\/www1.folha.uol.com.br\/poder\/2020\/03\/povo-sabera-que-foi-enganado-por-governadores-e-imprensa-sobre-coronavirus-diz-bolsonaro.shtml\">entrevista<\/a>&nbsp;\u00e0 TV Record<\/em><\/p>\n\n\n\n<figure><iframe src=\"https:\/\/player.mais.uol.com.br\/?mediaId=16779245&amp;onDemand=true\" allowfullscreen=\"\"><\/iframe><\/figure>\n\n\n\n<p><strong>POR QUE FECHAR ESCOLAS? (24.MAR)<\/strong><\/p>\n\n\n\n<p>&#8220;O que se passa no mundo mostra que o grupo de risco \u00e9 de pessoas acima de 60 anos. Ent\u00e3o, por que fechar escolas? Raros s\u00e3o os casos fatais, de pessoas s\u00e3s, com menos de 40 anos de idade.&#8221;<br><em>* Durante&nbsp;<a href=\"https:\/\/www1.folha.uol.com.br\/poder\/2020\/03\/em-pronunciamento-bolsonaro-critica-fechamento-de-escolas-ataca-governadores-e-culpa-midia.shtml\">pronunciamento<\/a>&nbsp;para r\u00e1dio e televis\u00e3o<\/em><\/p>\n\n\n\n<p><strong>HIST\u00d3RICO DE ATLETA (24.MAR)<\/strong><\/p>\n\n\n\n<p><strong>\u200b<\/strong>&#8220;Pelo meu hist\u00f3rico de atleta, caso fosse contaminado pelo v\u00edrus, n\u00e3o precisaria me preocupar, nada sentiria ou seria acometido, quando muito, de uma gripezinha ou resfriadinho, como bem disse aquele conhecido m\u00e9dico, daquela conhecida televis\u00e3o.&#8221;<br><em>* Durante pronunciamento para r\u00e1dio e televis\u00e3o<\/em><\/p>\n\n\n\n<p><strong>COISA DE COVARDE (25.MAR)<\/strong><\/p>\n\n\n\n<p>\u00c9 mais f\u00e1cil fazer demagogia diante de uma popula\u00e7\u00e3o assustada, do que falar a verdade. Isso custa popularidade. N\u00e3o estou preocupado com isso! Aproveitar-se do medo das pessoas para fazer politicagem num momento como esse \u00e9 coisa de COVARDE! A demagogia acelera o caos.<br><em>* Pelo&nbsp;<a href=\"https:\/\/www1.folha.uol.com.br\/poder\/2020\/03\/isolado-bolsonaro-diz-que-fazer-politicagem-com-coronavirus-e-coisa-de-covarde.shtml\">Twitter<\/a><\/em><\/p>\n\n\n\n<p><strong>BRASILEIRO N\u00c3O PEGA NADA (26.MAR)<\/strong><\/p>\n\n\n\n<p>&#8220;Eu acho que n\u00e3o vai chegar a esse ponto [do n\u00famero de casos confirmados nos Estados Unidos]. At\u00e9 porque o brasileiro tem que ser estudado. Ele n\u00e3o pega nada. Voc\u00ea v\u00ea o cara pulando em esgoto ali. Ele sai, mergulha e n\u00e3o acontece nada com ele.&#8221;<br><em>* Durante&nbsp;<a href=\"https:\/\/www1.folha.uol.com.br\/poder\/2020\/03\/brasileiro-mergulha-no-esgoto-e-nao-acontece-nada-diz-bolsonaro-ao-minimizar-coronavirus.shtml\">entrevista<\/a>&nbsp;em frente ao Pal\u00e1cio da Alvorada<\/em><\/p>\n\n\n\n<p><strong>TEM UM ESTADO A\u00cd (27.MAR)<\/strong><\/p>\n\n\n\n<p>&#8220;Est\u00e1 muito grande para S\u00e3o Paulo. Tem que ver o que est\u00e1 acontecendo a\u00ed. N\u00e3o pode ser um jogo de n\u00fameros para favorecer interesse pol\u00edtico. (&#8230;) N\u00e3o estou acreditando nesse n\u00famero (&#8230;) Sem querer polemizar com ningu\u00e9m, tem um estado a\u00ed que orientou por decreto que, em \u00faltima an\u00e1lise, se n\u00e3o tiver uma causa concreta do \u00f3bito, bota l\u00e1 coronav\u00edrus para colar.&#8221;<br><em>* Em&nbsp;<a href=\"https:\/\/www1.folha.uol.com.br\/poder\/2020\/03\/sem-apresentar-provas-bolsonaro-diz-desconfiar-do-numeros-de-vitimas-do-coronavirus-em-sp.shtml\">entrevista<\/a>&nbsp;para a R\u00e1dio Bandeirantes<\/em><\/p>\n\n\n\n<p><strong>MAIOR CRISE DA NOSSA GERA\u00c7\u00c3O (1\u00ba.ABR)<\/strong><\/p>\n\n\n\n<p>&#8220;O Brasil avan\u00e7ou muito nesses 15 meses, mas agora estamos diante do maior desafio da nossa gera\u00e7\u00e3o.&#8221;<br><em>* Em&nbsp;<a href=\"https:\/\/www1.folha.uol.com.br\/poder\/2020\/04\/bolsonaro-reconhece-crise-mas-insiste-em-remedio-sem-eficacia-comprovada-leia-discurso-comentado.shtml\">pronunciamento<\/a>&nbsp;para r\u00e1dio e televis\u00e3o<\/em><\/p>\n\n\n\n<p><strong>LIVRE DESSE MAL (2.ABR)<\/strong><\/p>\n\n\n\n<p>\u201cA gente vai junto com pastores e religiosos anunciar para pedir um dia de jejum ao povo brasileiro em nome de que o Brasil fique livre desse mal o mais r\u00e1pido poss\u00edvel.\u201d<br><em>* Em&nbsp;<a href=\"https:\/\/www1.folha.uol.com.br\/poder\/2020\/04\/bolsonaro-diz-que-fara-chamado-nacional-para-dia-de-jejum-religioso-contra-coronavirus.shtml\">entrevista<\/a>&nbsp;para a R\u00e1dio Jovem Pan<\/em><\/p>\n\n\n\n<p><strong>QUEST\u00c3O DO V\u00cdRUS (12.ABR)<\/strong><\/p>\n\n\n\n<p>&#8220;Parece que est\u00e1 come\u00e7ando a ir embora essa quest\u00e3o do v\u00edrus, mas est\u00e1 chegando e batendo forte a quest\u00e3o do desemprego\u200b.&#8221;<br><em>* Em videoconfer\u00eancia com l\u00edderes religiosos em comemora\u00e7\u00e3o \u00e0 P\u00e1scoa<\/em><\/p>\n\n\n\n<p><strong>COVEIRO (20.ABR)<\/strong><\/p>\n\n\n\n<p>&#8220;Eu n\u00e3o sou coveiro.&#8221;<br><em>*&nbsp;<a href=\"https:\/\/www1.folha.uol.com.br\/cotidiano\/2020\/04\/nao-sou-coveiro-diz-bolsonaro-sobre-qual-seria-numero-aceitavel-de-mortes-por-coronavirus.shtml\">Questionado<\/a>&nbsp;pela&nbsp;<strong>Folha<\/strong>&nbsp;a respeito das mortes da quantidade de mortes que seria aceit\u00e1veis para defendermedidas desaconselhadas por \u00f3rg\u00e3os de sa\u00fade<\/em><\/p>\n\n\n\n<p><strong>E DA\u00cd? (28.ABR)<\/strong><\/p>\n\n\n\n<p>&#8220;E da\u00ed? Lamento. Quer que eu fa\u00e7a o qu\u00ea? Eu sou Messias, mas n\u00e3o fa\u00e7o milagre\u200b.&#8221;<br><em>* Quando\u00a0<a href=\"https:\/\/www1.folha.uol.com.br\/equilibrioesaude\/2020\/04\/e-dai-lamento-quer-que-eu-faca-o-que-diz-bolsonaro-sobre-recorde-de-mortos-por-coronavirus.shtml\">questionado<\/a>\u00a0sobre novo recorde de mortes registradas em 24 horas, com 474 \u00f3bitos, ultrapassando a China no n\u00famero total de \u00f3bitos pelo novo coronav\u00edrus<\/em><\/p>\n\n\n\n<p><\/p>\n","protected":false},"excerpt":{"rendered":"<p>Desde o in\u00edcio da crise mundial do coronav\u00edrus, o presidente Jair Bolsonaro (sem partido) tem dado declara\u00e7\u00f5es nas quais busca minimizar os impactos da pandemia e, ao mesmo, trata como exageradas algumas medidas que est\u00e3o sendo tomadas no exterior e por governadores de estado no pa\u00eds.<\/p>\n","protected":false},"author":1,"featured_media":0,"comment_status":"closed","ping_status":"open","sticky":false,"template":"","format":"standard","meta":{"_exactmetrics_skip_tracking":false,"_exactmetrics_sitenote_active":false,"_exactmetrics_sitenote_note":"","_exactmetrics_sitenote_category":0,"jetpack_post_was_ever_published":false,"_jetpack_newsletter_access":"","_jetpack_dont_email_post_to_subs":false,"_jetpack_newsletter_tier_id":0,"_jetpack_memberships_contains_paywalled_content":false,"_jetpack_memberships_contains_paid_content":false,"footnotes":"","jetpack_publicize_message":"","jetpack_publicize_feature_enabled":true,"jetpack_social_post_already_shared":true,"jetpack_social_options":{"image_generator_settings":{"template":"highway","enabled":false},"version":2}},"categories":[1],"tags":[53,367,365,366],"class_list":["post-27836","post","type-post","status-publish","format-standard","hentry","category-notas","tag-bolsonaro","tag-falas","tag-negacionista","tag-pandemia"],"jetpack_publicize_connections":[],"jetpack_sharing_enabled":true,"jetpack_featured_media_url":"","jetpack_shortlink":"https:\/\/wp.me\/p7wKYW-7eY","jetpack-related-posts":[],"_links":{"self":[{"href":"http:\/\/blogdalucianaoliveira.com.br\/blog\/wp-json\/wp\/v2\/posts\/27836","targetHints":{"allow":["GET"]}}],"collection":[{"href":"http:\/\/blogdalucianaoliveira.com.br\/blog\/wp-json\/wp\/v2\/posts"}],"about":[{"href":"http:\/\/blogdalucianaoliveira.com.br\/blog\/wp-json\/wp\/v2\/types\/post"}],"author":[{"embeddable":true,"href":"http:\/\/blogdalucianaoliveira.com.br\/blog\/wp-json\/wp\/v2\/users\/1"}],"replies":[{"embeddable":true,"href":"http:\/\/blogdalucianaoliveira.com.br\/blog\/wp-json\/wp\/v2\/comments?post=27836"}],"version-history":[{"count":3,"href":"http:\/\/blogdalucianaoliveira.com.br\/blog\/wp-json\/wp\/v2\/posts\/27836\/revisions"}],"predecessor-version":[{"id":27839,"href":"http:\/\/blogdalucianaoliveira.com.br\/blog\/wp-json\/wp\/v2\/posts\/27836\/revisions\/27839"}],"wp:attachment":[{"href":"http:\/\/blogdalucianaoliveira.com.br\/blog\/wp-json\/wp\/v2\/media?parent=27836"}],"wp:term":[{"taxonomy":"category","embeddable":true,"href":"http:\/\/blogdalucianaoliveira.com.br\/blog\/wp-json\/wp\/v2\/categories?post=27836"},{"taxonomy":"post_tag","embeddable":true,"href":"http:\/\/blogdalucianaoliveira.com.br\/blog\/wp-json\/wp\/v2\/tags?post=27836"}],"curies":[{"name":"wp","href":"https:\/\/api.w.org\/{rel}","templated":true}]}}