{"id":2784,"date":"2016-08-01T13:12:49","date_gmt":"2016-08-01T17:12:49","guid":{"rendered":"http:\/\/blogdalucianaoliveira.com.br\/blog\/?p=2784"},"modified":"2016-08-01T13:12:49","modified_gmt":"2016-08-01T17:12:49","slug":"so-mesmo-temer-consegue-ensaio-de-vaia-para-abertura-dos-jogos-olimpicos","status":"publish","type":"post","link":"http:\/\/blogdalucianaoliveira.com.br\/blog\/2016\/08\/01\/so-mesmo-temer-consegue-ensaio-de-vaia-para-abertura-dos-jogos-olimpicos\/","title":{"rendered":"S\u00f3 mesmo Temer consegue ensaio de vaia para abertura dos jogos ol\u00edmpicos"},"content":{"rendered":"<figure id=\"attachment_2785\" aria-describedby=\"caption-attachment-2785\" style=\"width: 580px\" class=\"wp-caption alignnone\"><img data-recalc-dims=\"1\" loading=\"lazy\" decoding=\"async\" data-attachment-id=\"2785\" data-permalink=\"http:\/\/blogdalucianaoliveira.com.br\/blog\/2016\/08\/01\/so-mesmo-temer-consegue-ensaio-de-vaia-para-abertura-dos-jogos-olimpicos\/image-635\/\" data-orig-file=\"https:\/\/i0.wp.com\/blogdalucianaoliveira.com.br\/blog\/wp-content\/uploads\/2016\/08\/image-6.jpeg?fit=580%2C387\" data-orig-size=\"580,387\" data-comments-opened=\"0\" data-image-meta=\"{&quot;aperture&quot;:&quot;0&quot;,&quot;credit&quot;:&quot;Beto Barata&quot;,&quot;camera&quot;:&quot;&quot;,&quot;caption&quot;:&quot;Rio de Janeiro - RJ, 14\\\/06\\\/2016. Presidente em Exerc\\u00edcio Michel Temer durante visita ao Parque Ol\\u00edmpico. Foto: Beto Barata\\\/PR&quot;,&quot;created_timestamp&quot;:&quot;1465904932&quot;,&quot;copyright&quot;:&quot;&quot;,&quot;focal_length&quot;:&quot;0&quot;,&quot;iso&quot;:&quot;0&quot;,&quot;shutter_speed&quot;:&quot;0&quot;,&quot;title&quot;:&quot;&quot;,&quot;orientation&quot;:&quot;0&quot;}\" data-image-title=\"image\" data-image-description=\"\" data-image-caption=\"&lt;p&gt;Rio de Janeiro &amp;#8211; RJ, 14\/06\/2016. Presidente em Exerc\u00edcio Michel Temer durante visita ao Parque Ol\u00edmpico. Foto: Beto Barata\/PR&lt;\/p&gt;\n\" data-medium-file=\"https:\/\/i0.wp.com\/blogdalucianaoliveira.com.br\/blog\/wp-content\/uploads\/2016\/08\/image-6.jpeg?fit=300%2C200\" data-large-file=\"https:\/\/i0.wp.com\/blogdalucianaoliveira.com.br\/blog\/wp-content\/uploads\/2016\/08\/image-6.jpeg?fit=580%2C387\" src=\"https:\/\/i0.wp.com\/blogdalucianaoliveira.com.br\/blog\/wp-content\/uploads\/2016\/08\/image-6.jpeg?resize=580%2C387\" alt=\"Rio de Janeiro - RJ, 14\/06\/2016. Presidente em Exerc\u00edcio Michel Temer durante visita ao Parque Ol\u00edmpico. Foto: Beto Barata\/PR\" width=\"580\" height=\"387\" class=\"size-full wp-image-2785\" srcset=\"https:\/\/i0.wp.com\/blogdalucianaoliveira.com.br\/blog\/wp-content\/uploads\/2016\/08\/image-6.jpeg?w=580 580w, https:\/\/i0.wp.com\/blogdalucianaoliveira.com.br\/blog\/wp-content\/uploads\/2016\/08\/image-6.jpeg?resize=300%2C200 300w, https:\/\/i0.wp.com\/blogdalucianaoliveira.com.br\/blog\/wp-content\/uploads\/2016\/08\/image-6.jpeg?resize=450%2C300 450w\" sizes=\"auto, (max-width: 580px) 100vw, 580px\" \/><figcaption id=\"caption-attachment-2785\" class=\"wp-caption-text\">Rio de Janeiro &#8211; RJ, 14\/06\/2016. Presidente em Exerc\u00edcio Michel Temer durante visita ao Parque Ol\u00edmpico. Foto: Beto Barata\/PR<\/figcaption><\/figure>\n<p>Segundo Lauro Jardim, em O Globo&#8230;<\/p>\n<p>Num dos ensaios da semana passada para o espet\u00e1culo de abertura da Olimp\u00edada, no Maracan\u00e3, Michel Temer foi ruidosamente vaiado por v\u00e1rios grupos de participantes.<!--more--><\/p>\n<p>Os apupos aconteceram justamente na hora que o locutor informa ao p\u00fablico a presen\u00e7a de Temer no est\u00e1dio.<\/p>\n","protected":false},"excerpt":{"rendered":"<p>Segundo Lauro Jardim, em O Globo&#8230; Num dos ensaios da semana passada para o espet\u00e1culo de abertura da Olimp\u00edada, no Maracan\u00e3, Michel Temer foi ruidosamente vaiado por v\u00e1rios grupos de participantes.<\/p>\n","protected":false},"author":1,"featured_media":0,"comment_status":"closed","ping_status":"open","sticky":false,"template":"","format":"standard","meta":{"_exactmetrics_skip_tracking":false,"_exactmetrics_sitenote_active":false,"_exactmetrics_sitenote_note":"","_exactmetrics_sitenote_category":0,"jetpack_post_was_ever_published":false,"_jetpack_newsletter_access":"","_jetpack_dont_email_post_to_subs":false,"_jetpack_newsletter_tier_id":0,"_jetpack_memberships_contains_paywalled_content":false,"_jetpack_memberships_contains_paid_content":false,"footnotes":"","jetpack_publicize_message":"","jetpack_publicize_feature_enabled":true,"jetpack_social_post_already_shared":true,"jetpack_social_options":{"image_generator_settings":{"template":"highway","enabled":false},"version":2}},"categories":[1],"tags":[],"class_list":["post-2784","post","type-post","status-publish","format-standard","hentry","category-notas"],"jetpack_publicize_connections":[],"jetpack_sharing_enabled":true,"jetpack_featured_media_url":"","jetpack_shortlink":"https:\/\/wp.me\/p7wKYW-IU","jetpack-related-posts":[],"_links":{"self":[{"href":"http:\/\/blogdalucianaoliveira.com.br\/blog\/wp-json\/wp\/v2\/posts\/2784","targetHints":{"allow":["GET"]}}],"collection":[{"href":"http:\/\/blogdalucianaoliveira.com.br\/blog\/wp-json\/wp\/v2\/posts"}],"about":[{"href":"http:\/\/blogdalucianaoliveira.com.br\/blog\/wp-json\/wp\/v2\/types\/post"}],"author":[{"embeddable":true,"href":"http:\/\/blogdalucianaoliveira.com.br\/blog\/wp-json\/wp\/v2\/users\/1"}],"replies":[{"embeddable":true,"href":"http:\/\/blogdalucianaoliveira.com.br\/blog\/wp-json\/wp\/v2\/comments?post=2784"}],"version-history":[{"count":4,"href":"http:\/\/blogdalucianaoliveira.com.br\/blog\/wp-json\/wp\/v2\/posts\/2784\/revisions"}],"predecessor-version":[{"id":2789,"href":"http:\/\/blogdalucianaoliveira.com.br\/blog\/wp-json\/wp\/v2\/posts\/2784\/revisions\/2789"}],"wp:attachment":[{"href":"http:\/\/blogdalucianaoliveira.com.br\/blog\/wp-json\/wp\/v2\/media?parent=2784"}],"wp:term":[{"taxonomy":"category","embeddable":true,"href":"http:\/\/blogdalucianaoliveira.com.br\/blog\/wp-json\/wp\/v2\/categories?post=2784"},{"taxonomy":"post_tag","embeddable":true,"href":"http:\/\/blogdalucianaoliveira.com.br\/blog\/wp-json\/wp\/v2\/tags?post=2784"}],"curies":[{"name":"wp","href":"https:\/\/api.w.org\/{rel}","templated":true}]}}