{"id":27840,"date":"2020-04-30T10:01:19","date_gmt":"2020-04-30T14:01:19","guid":{"rendered":"http:\/\/blogdalucianaoliveira.com.br\/blog\/?p=27840"},"modified":"2020-04-30T10:09:03","modified_gmt":"2020-04-30T14:09:03","slug":"o-auxilio-emergencial-e-para-salvar-ou-matar-o-povo","status":"publish","type":"post","link":"http:\/\/blogdalucianaoliveira.com.br\/blog\/2020\/04\/30\/o-auxilio-emergencial-e-para-salvar-ou-matar-o-povo\/","title":{"rendered":"O aux\u00edlio emergencial \u00e9 para salvar ou matar o povo?"},"content":{"rendered":"\n<figure class=\"wp-block-image size-large\"><img data-recalc-dims=\"1\" loading=\"lazy\" decoding=\"async\" width=\"600\" height=\"450\" data-attachment-id=\"27848\" data-permalink=\"http:\/\/blogdalucianaoliveira.com.br\/blog\/2020\/04\/30\/o-auxilio-emergencial-e-para-salvar-ou-matar-o-povo\/2cd54c17-dcdb-479c-9ae6-548c39050caa\/\" data-orig-file=\"https:\/\/i0.wp.com\/blogdalucianaoliveira.com.br\/blog\/wp-content\/uploads\/2020\/04\/2CD54C17-DCDB-479C-9AE6-548C39050CAA.jpeg?fit=640%2C480\" data-orig-size=\"640,480\" data-comments-opened=\"0\" data-image-meta=\"{&quot;aperture&quot;:&quot;0&quot;,&quot;credit&quot;:&quot;&quot;,&quot;camera&quot;:&quot;&quot;,&quot;caption&quot;:&quot;&quot;,&quot;created_timestamp&quot;:&quot;0&quot;,&quot;copyright&quot;:&quot;&quot;,&quot;focal_length&quot;:&quot;0&quot;,&quot;iso&quot;:&quot;0&quot;,&quot;shutter_speed&quot;:&quot;0&quot;,&quot;title&quot;:&quot;&quot;,&quot;orientation&quot;:&quot;1&quot;}\" data-image-title=\"2CD54C17-DCDB-479C-9AE6-548C39050CAA\" data-image-description=\"\" data-image-caption=\"\" data-medium-file=\"https:\/\/i0.wp.com\/blogdalucianaoliveira.com.br\/blog\/wp-content\/uploads\/2020\/04\/2CD54C17-DCDB-479C-9AE6-548C39050CAA.jpeg?fit=300%2C225\" data-large-file=\"https:\/\/i0.wp.com\/blogdalucianaoliveira.com.br\/blog\/wp-content\/uploads\/2020\/04\/2CD54C17-DCDB-479C-9AE6-548C39050CAA.jpeg?fit=600%2C450\" src=\"https:\/\/i0.wp.com\/blogdalucianaoliveira.com.br\/blog\/wp-content\/uploads\/2020\/04\/2CD54C17-DCDB-479C-9AE6-548C39050CAA.jpeg?resize=600%2C450\" alt=\"\" class=\"wp-image-27848\" srcset=\"https:\/\/i0.wp.com\/blogdalucianaoliveira.com.br\/blog\/wp-content\/uploads\/2020\/04\/2CD54C17-DCDB-479C-9AE6-548C39050CAA.jpeg?w=640 640w, https:\/\/i0.wp.com\/blogdalucianaoliveira.com.br\/blog\/wp-content\/uploads\/2020\/04\/2CD54C17-DCDB-479C-9AE6-548C39050CAA.jpeg?resize=300%2C225 300w, https:\/\/i0.wp.com\/blogdalucianaoliveira.com.br\/blog\/wp-content\/uploads\/2020\/04\/2CD54C17-DCDB-479C-9AE6-548C39050CAA.jpeg?resize=400%2C300 400w\" sizes=\"auto, (max-width: 600px) 100vw, 600px\" \/><\/figure>\n\n\n\n<p>\u00c9 mais que humilha\u00e7\u00e3o o que o governo Bolsonaro  est\u00e1 fazendo com quem precisa do aux\u00edlio emergencial de 600 reais pago por causa da pandemia. <br><br>Em todas as cidades h\u00e1 filas e aglomera\u00e7\u00f5es que fatalmente v\u00e3o resultar no aumento da contamina\u00e7\u00e3o pelo novo coronav\u00edrus.<\/p>\n\n\n\n<!--more-->\n\n\n\n<p>Essa em Porto Velho, Rond\u00f4nia, dobrou o quarteir\u00e3o da ag\u00eancia da Caixa Econ\u00f4mica na regi\u00e3o central. Na frente tem uma lot\u00e9rica com outra fila, o que dobra a aglomera\u00e7\u00e3o. <br><\/p>\n\n\n\n<figure class=\"wp-block-image size-large\"><img data-recalc-dims=\"1\" loading=\"lazy\" decoding=\"async\" width=\"600\" height=\"450\" data-attachment-id=\"27849\" data-permalink=\"http:\/\/blogdalucianaoliveira.com.br\/blog\/2020\/04\/30\/o-auxilio-emergencial-e-para-salvar-ou-matar-o-povo\/a2510559-9760-49b7-aad8-b1972682d262\/\" data-orig-file=\"https:\/\/i0.wp.com\/blogdalucianaoliveira.com.br\/blog\/wp-content\/uploads\/2020\/04\/A2510559-9760-49B7-AAD8-B1972682D262.jpeg?fit=640%2C480\" data-orig-size=\"640,480\" data-comments-opened=\"0\" data-image-meta=\"{&quot;aperture&quot;:&quot;0&quot;,&quot;credit&quot;:&quot;&quot;,&quot;camera&quot;:&quot;&quot;,&quot;caption&quot;:&quot;&quot;,&quot;created_timestamp&quot;:&quot;0&quot;,&quot;copyright&quot;:&quot;&quot;,&quot;focal_length&quot;:&quot;0&quot;,&quot;iso&quot;:&quot;0&quot;,&quot;shutter_speed&quot;:&quot;0&quot;,&quot;title&quot;:&quot;&quot;,&quot;orientation&quot;:&quot;1&quot;}\" data-image-title=\"A2510559-9760-49B7-AAD8-B1972682D262\" data-image-description=\"\" data-image-caption=\"\" data-medium-file=\"https:\/\/i0.wp.com\/blogdalucianaoliveira.com.br\/blog\/wp-content\/uploads\/2020\/04\/A2510559-9760-49B7-AAD8-B1972682D262.jpeg?fit=300%2C225\" data-large-file=\"https:\/\/i0.wp.com\/blogdalucianaoliveira.com.br\/blog\/wp-content\/uploads\/2020\/04\/A2510559-9760-49B7-AAD8-B1972682D262.jpeg?fit=600%2C450\" src=\"https:\/\/i0.wp.com\/blogdalucianaoliveira.com.br\/blog\/wp-content\/uploads\/2020\/04\/A2510559-9760-49B7-AAD8-B1972682D262.jpeg?resize=600%2C450\" alt=\"\" class=\"wp-image-27849\" srcset=\"https:\/\/i0.wp.com\/blogdalucianaoliveira.com.br\/blog\/wp-content\/uploads\/2020\/04\/A2510559-9760-49B7-AAD8-B1972682D262.jpeg?w=640 640w, https:\/\/i0.wp.com\/blogdalucianaoliveira.com.br\/blog\/wp-content\/uploads\/2020\/04\/A2510559-9760-49B7-AAD8-B1972682D262.jpeg?resize=300%2C225 300w, https:\/\/i0.wp.com\/blogdalucianaoliveira.com.br\/blog\/wp-content\/uploads\/2020\/04\/A2510559-9760-49B7-AAD8-B1972682D262.jpeg?resize=400%2C300 400w\" sizes=\"auto, (max-width: 600px) 100vw, 600px\" \/><\/figure>\n\n\n\n<figure class=\"wp-block-image size-large\"><img data-recalc-dims=\"1\" loading=\"lazy\" decoding=\"async\" width=\"576\" height=\"410\" data-attachment-id=\"27847\" data-permalink=\"http:\/\/blogdalucianaoliveira.com.br\/blog\/2020\/04\/30\/o-auxilio-emergencial-e-para-salvar-ou-matar-o-povo\/1cdf0229-f725-42c5-936c-8c41c1cffcef\/\" data-orig-file=\"https:\/\/i0.wp.com\/blogdalucianaoliveira.com.br\/blog\/wp-content\/uploads\/2020\/04\/1CDF0229-F725-42C5-936C-8C41C1CFFCEF.jpeg?fit=576%2C410\" data-orig-size=\"576,410\" data-comments-opened=\"0\" data-image-meta=\"{&quot;aperture&quot;:&quot;0&quot;,&quot;credit&quot;:&quot;&quot;,&quot;camera&quot;:&quot;&quot;,&quot;caption&quot;:&quot;&quot;,&quot;created_timestamp&quot;:&quot;0&quot;,&quot;copyright&quot;:&quot;&quot;,&quot;focal_length&quot;:&quot;0&quot;,&quot;iso&quot;:&quot;0&quot;,&quot;shutter_speed&quot;:&quot;0&quot;,&quot;title&quot;:&quot;&quot;,&quot;orientation&quot;:&quot;0&quot;}\" data-image-title=\"1CDF0229-F725-42C5-936C-8C41C1CFFCEF\" data-image-description=\"\" data-image-caption=\"\" data-medium-file=\"https:\/\/i0.wp.com\/blogdalucianaoliveira.com.br\/blog\/wp-content\/uploads\/2020\/04\/1CDF0229-F725-42C5-936C-8C41C1CFFCEF.jpeg?fit=300%2C214\" data-large-file=\"https:\/\/i0.wp.com\/blogdalucianaoliveira.com.br\/blog\/wp-content\/uploads\/2020\/04\/1CDF0229-F725-42C5-936C-8C41C1CFFCEF.jpeg?fit=576%2C410\" src=\"https:\/\/i0.wp.com\/blogdalucianaoliveira.com.br\/blog\/wp-content\/uploads\/2020\/04\/1CDF0229-F725-42C5-936C-8C41C1CFFCEF.jpeg?resize=576%2C410\" alt=\"\" class=\"wp-image-27847\" srcset=\"https:\/\/i0.wp.com\/blogdalucianaoliveira.com.br\/blog\/wp-content\/uploads\/2020\/04\/1CDF0229-F725-42C5-936C-8C41C1CFFCEF.jpeg?w=576 576w, https:\/\/i0.wp.com\/blogdalucianaoliveira.com.br\/blog\/wp-content\/uploads\/2020\/04\/1CDF0229-F725-42C5-936C-8C41C1CFFCEF.jpeg?resize=300%2C214 300w, https:\/\/i0.wp.com\/blogdalucianaoliveira.com.br\/blog\/wp-content\/uploads\/2020\/04\/1CDF0229-F725-42C5-936C-8C41C1CFFCEF.jpeg?resize=421%2C300 421w\" sizes=\"auto, (max-width: 576px) 100vw, 576px\" \/><\/figure>\n\n\n\n<p>Quem pediu o aux\u00edlio para n\u00e3o morrer de fome, corre o risco de morrer pela Covid-19. <br><\/p>\n\n\n\n<p><br>O <strong><a href=\"https:\/\/g1.globo.com\/economia\/noticia\/2020\/04\/25\/auxilio-emergencial-novo-calendario-para-segunda-parcela-sai-no-inicio-da-semana.ghtml\">calend\u00e1rio\u00a0<\/a><\/strong>divulgado pela Caixa Econ\u00f4mica para evitar que o povo se amontoe n\u00e3o pode ser considerado eficaz. <br><br>O distanciamento m\u00ednimo e o uso de m\u00e1scaras s\u00e3o ignorados por muitos, sobretudo por apoiadores do presidente Bolsonaro que seguem achando exagerada a cobertura da imprensa sobre a pandemia. <br><\/p>\n\n\n\n<p>Enquanto aguardam horas nas filas, o debate pol\u00edtico \u00e9 inevit\u00e1vel. <\/p>\n\n\n\n<p><br>Em muitos estados s\u00e3o registradas confus\u00f5es, protestos com bloqueios de ruas, agress\u00f5es verbais e at\u00e9 f\u00edsicas a funcion\u00e1rios que est\u00e3o na linha de frente do atendimento. <br><\/p>\n\n\n\n<p>A desinforma\u00e7\u00e3o agrava a situa\u00e7\u00e3o e gera bate boca, pois atinge benefici\u00e1rios e atendentes. <br><\/p>\n\n\n\n<p>As cenas ca\u00f3ticas se repetem em todas as regi\u00f5es do pa\u00eds. <br><\/p>\n\n\n\n<p>\u00c9 degradante ver gente dormindo nas cal\u00e7adas em colch\u00f5es, cadeiras ou papel\u00e3o. <br><br>\u00c9 inquestion\u00e1vel que isso vai impulsionar o espalhamento da doen\u00e7a. <br><\/p>\n\n\n\n<p>Um estudo do Imperial College de Londres aponta que a taxa de cont\u00e1gio do coronav\u00edrus no Brasil \u00e9 de 2,8, a maior entre 48 pa\u00edses analisados. At\u00e9 o fim dessa semana, os infectados podem chegar a 10 mil. <br><\/p>\n\n\n\n<p><\/p>\n\n\n\n<p> <br><\/p>\n","protected":false},"excerpt":{"rendered":"<p>\u00c9 mais que humilha\u00e7\u00e3o o que o governo Bolsonaro est\u00e1 fazendo com quem precisa do aux\u00edlio emergencial de 600 reais pago por causa da pandemia. Em todas as cidades h\u00e1 filas e aglomera\u00e7\u00f5es que fatalmente v\u00e3o resultar no aumento da contamina\u00e7\u00e3o pelo novo coronav\u00edrus.<\/p>\n","protected":false},"author":1,"featured_media":0,"comment_status":"closed","ping_status":"open","sticky":false,"template":"","format":"standard","meta":{"_exactmetrics_skip_tracking":false,"_exactmetrics_sitenote_active":false,"_exactmetrics_sitenote_note":"","_exactmetrics_sitenote_category":0,"jetpack_post_was_ever_published":false,"_jetpack_newsletter_access":"","_jetpack_dont_email_post_to_subs":false,"_jetpack_newsletter_tier_id":0,"_jetpack_memberships_contains_paywalled_content":false,"_jetpack_memberships_contains_paid_content":false,"footnotes":"","jetpack_publicize_message":"","jetpack_publicize_feature_enabled":true,"jetpack_social_post_already_shared":true,"jetpack_social_options":{"image_generator_settings":{"template":"highway","enabled":false},"version":2}},"categories":[1],"tags":[],"class_list":["post-27840","post","type-post","status-publish","format-standard","hentry","category-notas"],"jetpack_publicize_connections":[],"jetpack_sharing_enabled":true,"jetpack_featured_media_url":"","jetpack_shortlink":"https:\/\/wp.me\/p7wKYW-7f2","jetpack-related-posts":[],"_links":{"self":[{"href":"http:\/\/blogdalucianaoliveira.com.br\/blog\/wp-json\/wp\/v2\/posts\/27840","targetHints":{"allow":["GET"]}}],"collection":[{"href":"http:\/\/blogdalucianaoliveira.com.br\/blog\/wp-json\/wp\/v2\/posts"}],"about":[{"href":"http:\/\/blogdalucianaoliveira.com.br\/blog\/wp-json\/wp\/v2\/types\/post"}],"author":[{"embeddable":true,"href":"http:\/\/blogdalucianaoliveira.com.br\/blog\/wp-json\/wp\/v2\/users\/1"}],"replies":[{"embeddable":true,"href":"http:\/\/blogdalucianaoliveira.com.br\/blog\/wp-json\/wp\/v2\/comments?post=27840"}],"version-history":[{"count":3,"href":"http:\/\/blogdalucianaoliveira.com.br\/blog\/wp-json\/wp\/v2\/posts\/27840\/revisions"}],"predecessor-version":[{"id":27852,"href":"http:\/\/blogdalucianaoliveira.com.br\/blog\/wp-json\/wp\/v2\/posts\/27840\/revisions\/27852"}],"wp:attachment":[{"href":"http:\/\/blogdalucianaoliveira.com.br\/blog\/wp-json\/wp\/v2\/media?parent=27840"}],"wp:term":[{"taxonomy":"category","embeddable":true,"href":"http:\/\/blogdalucianaoliveira.com.br\/blog\/wp-json\/wp\/v2\/categories?post=27840"},{"taxonomy":"post_tag","embeddable":true,"href":"http:\/\/blogdalucianaoliveira.com.br\/blog\/wp-json\/wp\/v2\/tags?post=27840"}],"curies":[{"name":"wp","href":"https:\/\/api.w.org\/{rel}","templated":true}]}}