{"id":27857,"date":"2020-04-30T11:56:43","date_gmt":"2020-04-30T15:56:43","guid":{"rendered":"http:\/\/blogdalucianaoliveira.com.br\/blog\/?p=27857"},"modified":"2020-04-30T11:56:52","modified_gmt":"2020-04-30T15:56:52","slug":"lula-diz-pela-primeira-vez-que-nao-disputara-mais-a-presidencia-ja-fui-longe-demais","status":"publish","type":"post","link":"http:\/\/blogdalucianaoliveira.com.br\/blog\/2020\/04\/30\/lula-diz-pela-primeira-vez-que-nao-disputara-mais-a-presidencia-ja-fui-longe-demais\/","title":{"rendered":"Lula diz pela primeira vez que n\u00e3o disputar\u00e1 mais a presid\u00eancia: &#8220;J\u00e1 fui longe demais&#8221;"},"content":{"rendered":"\n<figure class=\"wp-block-image size-large\"><img data-recalc-dims=\"1\" loading=\"lazy\" decoding=\"async\" width=\"500\" height=\"240\" data-attachment-id=\"27858\" data-permalink=\"http:\/\/blogdalucianaoliveira.com.br\/blog\/2020\/04\/30\/lula-diz-pela-primeira-vez-que-nao-disputara-mais-a-presidencia-ja-fui-longe-demais\/image-82-4\/\" data-orig-file=\"https:\/\/i0.wp.com\/blogdalucianaoliveira.com.br\/blog\/wp-content\/uploads\/2020\/04\/image-82.jpeg?fit=500%2C240\" data-orig-size=\"500,240\" data-comments-opened=\"0\" data-image-meta=\"{&quot;aperture&quot;:&quot;0&quot;,&quot;credit&quot;:&quot;&quot;,&quot;camera&quot;:&quot;&quot;,&quot;caption&quot;:&quot;&quot;,&quot;created_timestamp&quot;:&quot;0&quot;,&quot;copyright&quot;:&quot;&quot;,&quot;focal_length&quot;:&quot;0&quot;,&quot;iso&quot;:&quot;0&quot;,&quot;shutter_speed&quot;:&quot;0&quot;,&quot;title&quot;:&quot;&quot;,&quot;orientation&quot;:&quot;0&quot;}\" data-image-title=\"image-82\" data-image-description=\"\" data-image-caption=\"\" data-medium-file=\"https:\/\/i0.wp.com\/blogdalucianaoliveira.com.br\/blog\/wp-content\/uploads\/2020\/04\/image-82.jpeg?fit=300%2C144\" data-large-file=\"https:\/\/i0.wp.com\/blogdalucianaoliveira.com.br\/blog\/wp-content\/uploads\/2020\/04\/image-82.jpeg?fit=500%2C240\" src=\"https:\/\/i0.wp.com\/blogdalucianaoliveira.com.br\/blog\/wp-content\/uploads\/2020\/04\/image-82.jpeg?resize=500%2C240\" alt=\"\" class=\"wp-image-27858\" srcset=\"https:\/\/i0.wp.com\/blogdalucianaoliveira.com.br\/blog\/wp-content\/uploads\/2020\/04\/image-82.jpeg?w=500 500w, https:\/\/i0.wp.com\/blogdalucianaoliveira.com.br\/blog\/wp-content\/uploads\/2020\/04\/image-82.jpeg?resize=300%2C144 300w\" sizes=\"auto, (max-width: 500px) 100vw, 500px\" \/><\/figure>\n\n\n\n<p><strong>247 &#8211;\u00a0<\/strong>Pela primeira vez, o ex-presidente Lula afirmou que n\u00e3o ser\u00e1 mais candidato a presidente. Lula presidiu o Brasil entre 1\u00ba de janeiro de 2003 e 1\u00ba de janeiro de 2011, nos anos de maior prosperidade e distribui\u00e7\u00e3o de renda da hist\u00f3ria. \u201cEspero que o PT e \u00a0O Brasil n\u00e3o precisem de mim&#8221;, disse Lula.<\/p>\n\n\n\n<!--more-->\n\n\n\n<p>Sua declara\u00e7\u00e3o na entrevista foi: &#8220;Para ser candidato eu teria que ter 100% de sa\u00fade, fazer dez discursos por dia, eu n\u00e3o posso ser candidato e ficar um velhinho no pal\u00e1cio, j\u00e1 cumpri a minha cota. Espero que o PT e \u00a0O Brasil n\u00e3o precisem de mim&#8221;.\u00a0<\/p>\n\n\n\n<p><\/p>\n","protected":false},"excerpt":{"rendered":"<p>247 &#8211;\u00a0Pela primeira vez, o ex-presidente Lula afirmou que n\u00e3o ser\u00e1 mais candidato a presidente. Lula presidiu o Brasil entre 1\u00ba de janeiro de 2003 e 1\u00ba de janeiro de 2011, nos anos de maior prosperidade e distribui\u00e7\u00e3o de renda da hist\u00f3ria. \u201cEspero que o PT e \u00a0O Brasil n\u00e3o precisem de mim&#8221;, disse Lula.<\/p>\n","protected":false},"author":1,"featured_media":0,"comment_status":"closed","ping_status":"open","sticky":false,"template":"","format":"standard","meta":{"_exactmetrics_skip_tracking":false,"_exactmetrics_sitenote_active":false,"_exactmetrics_sitenote_note":"","_exactmetrics_sitenote_category":0,"jetpack_post_was_ever_published":false,"_jetpack_newsletter_access":"","_jetpack_dont_email_post_to_subs":false,"_jetpack_newsletter_tier_id":0,"_jetpack_memberships_contains_paywalled_content":false,"_jetpack_memberships_contains_paid_content":false,"footnotes":"","jetpack_publicize_message":"","jetpack_publicize_feature_enabled":true,"jetpack_social_post_already_shared":true,"jetpack_social_options":{"image_generator_settings":{"template":"highway","enabled":false},"version":2}},"categories":[1],"tags":[],"class_list":["post-27857","post","type-post","status-publish","format-standard","hentry","category-notas"],"jetpack_publicize_connections":[],"jetpack_sharing_enabled":true,"jetpack_featured_media_url":"","jetpack_shortlink":"https:\/\/wp.me\/p7wKYW-7fj","jetpack-related-posts":[],"_links":{"self":[{"href":"http:\/\/blogdalucianaoliveira.com.br\/blog\/wp-json\/wp\/v2\/posts\/27857","targetHints":{"allow":["GET"]}}],"collection":[{"href":"http:\/\/blogdalucianaoliveira.com.br\/blog\/wp-json\/wp\/v2\/posts"}],"about":[{"href":"http:\/\/blogdalucianaoliveira.com.br\/blog\/wp-json\/wp\/v2\/types\/post"}],"author":[{"embeddable":true,"href":"http:\/\/blogdalucianaoliveira.com.br\/blog\/wp-json\/wp\/v2\/users\/1"}],"replies":[{"embeddable":true,"href":"http:\/\/blogdalucianaoliveira.com.br\/blog\/wp-json\/wp\/v2\/comments?post=27857"}],"version-history":[{"count":1,"href":"http:\/\/blogdalucianaoliveira.com.br\/blog\/wp-json\/wp\/v2\/posts\/27857\/revisions"}],"predecessor-version":[{"id":27859,"href":"http:\/\/blogdalucianaoliveira.com.br\/blog\/wp-json\/wp\/v2\/posts\/27857\/revisions\/27859"}],"wp:attachment":[{"href":"http:\/\/blogdalucianaoliveira.com.br\/blog\/wp-json\/wp\/v2\/media?parent=27857"}],"wp:term":[{"taxonomy":"category","embeddable":true,"href":"http:\/\/blogdalucianaoliveira.com.br\/blog\/wp-json\/wp\/v2\/categories?post=27857"},{"taxonomy":"post_tag","embeddable":true,"href":"http:\/\/blogdalucianaoliveira.com.br\/blog\/wp-json\/wp\/v2\/tags?post=27857"}],"curies":[{"name":"wp","href":"https:\/\/api.w.org\/{rel}","templated":true}]}}