{"id":27860,"date":"2020-04-30T13:39:59","date_gmt":"2020-04-30T17:39:59","guid":{"rendered":"http:\/\/blogdalucianaoliveira.com.br\/blog\/?p=27860"},"modified":"2020-04-30T13:40:04","modified_gmt":"2020-04-30T17:40:04","slug":"pandemia-derruba-emissoes-de-carbono-mas-brasil-deve-ter-alta-com-desmate","status":"publish","type":"post","link":"http:\/\/blogdalucianaoliveira.com.br\/blog\/2020\/04\/30\/pandemia-derruba-emissoes-de-carbono-mas-brasil-deve-ter-alta-com-desmate\/","title":{"rendered":"Pandemia derruba emiss\u00f5es de carbono, mas Brasil deve ter alta com desmate"},"content":{"rendered":"\n<figure class=\"wp-block-image size-large\"><img data-recalc-dims=\"1\" loading=\"lazy\" decoding=\"async\" width=\"600\" height=\"386\" data-attachment-id=\"27862\" data-permalink=\"http:\/\/blogdalucianaoliveira.com.br\/blog\/2020\/04\/30\/pandemia-derruba-emissoes-de-carbono-mas-brasil-deve-ter-alta-com-desmate\/image-84-4\/\" data-orig-file=\"https:\/\/i0.wp.com\/blogdalucianaoliveira.com.br\/blog\/wp-content\/uploads\/2020\/04\/image-84.jpeg?fit=691%2C444\" data-orig-size=\"691,444\" data-comments-opened=\"0\" data-image-meta=\"{&quot;aperture&quot;:&quot;0&quot;,&quot;credit&quot;:&quot;&quot;,&quot;camera&quot;:&quot;&quot;,&quot;caption&quot;:&quot;&quot;,&quot;created_timestamp&quot;:&quot;0&quot;,&quot;copyright&quot;:&quot;&quot;,&quot;focal_length&quot;:&quot;0&quot;,&quot;iso&quot;:&quot;0&quot;,&quot;shutter_speed&quot;:&quot;0&quot;,&quot;title&quot;:&quot;&quot;,&quot;orientation&quot;:&quot;0&quot;}\" data-image-title=\"image-84\" data-image-description=\"\" data-image-caption=\"\" data-medium-file=\"https:\/\/i0.wp.com\/blogdalucianaoliveira.com.br\/blog\/wp-content\/uploads\/2020\/04\/image-84.jpeg?fit=300%2C193\" data-large-file=\"https:\/\/i0.wp.com\/blogdalucianaoliveira.com.br\/blog\/wp-content\/uploads\/2020\/04\/image-84.jpeg?fit=600%2C386\" src=\"https:\/\/i0.wp.com\/blogdalucianaoliveira.com.br\/blog\/wp-content\/uploads\/2020\/04\/image-84.jpeg?resize=600%2C386\" alt=\"\" class=\"wp-image-27862\" srcset=\"https:\/\/i0.wp.com\/blogdalucianaoliveira.com.br\/blog\/wp-content\/uploads\/2020\/04\/image-84.jpeg?w=691 691w, https:\/\/i0.wp.com\/blogdalucianaoliveira.com.br\/blog\/wp-content\/uploads\/2020\/04\/image-84.jpeg?resize=300%2C193 300w, https:\/\/i0.wp.com\/blogdalucianaoliveira.com.br\/blog\/wp-content\/uploads\/2020\/04\/image-84.jpeg?resize=467%2C300 467w\" sizes=\"auto, (max-width: 600px) 100vw, 600px\" \/><\/figure>\n\n\n\n<p>No pa\u00eds, houve um aumento de 51% nos alertas de desmatamento no primeiro trimestre.<\/p>\n\n\n\n<!--more-->\n\n\n\n<p>FSP &#8211; <strong><a href=\"https:\/\/www1.folha.uol.com.br\/autores\/giuliana-miranda.shtml\">Giuliana Miranda<\/a><\/strong><\/p>\n\n\n\n<p>A pandemia do novo coronav\u00edrus paralisou ind\u00fastrias, reduziu significativamente o uso autom\u00f3veis e interrompeu a maior parte das rotas de avia\u00e7\u00e3o comercial no mundo. Com isso,&nbsp;<a href=\"https:\/\/www1.folha.uol.com.br\/ambiente\/2020\/04\/imagens-de-satelite-mostram-que-mancha-de-poluicao-em-sp-se-reduziu-na-quarentena-contra-coronavirus.shtml\">as emiss\u00f5es globais de gases de efeito estufa entraram em queda vertiginosa<\/a>&nbsp;e devem encerrar 2020 com a maior redu\u00e7\u00e3o da s\u00e9rie hist\u00f3rica.<\/p>\n\n\n\n<p>Estimativas da OMM (Organiza\u00e7\u00e3o Meteorol\u00f3gica Mundial) apontam que a diminui\u00e7\u00e3o pode chegar a 6% em rela\u00e7\u00e3o a 2019.<\/p>\n\n\n\n<p>Um estudo publicado pela ong Climate Action Tracker estima que as emiss\u00f5es de CO<sub>2<\/sub>\u00a0das atividades industriais e da queima de combust\u00edveis f\u00f3sseis fiquem entre 4% e 11% abaixo das de 2019. Possivelmente, as emiss\u00f5es continuar\u00e3o diminuindo, embora em escala menor, tamb\u00e9m em 2021.<\/p>\n\n\n\n<p>O resultado, por\u00e9m, n\u00e3o \u00e9 visto com entusiasmo por especialistas, que temem uma esp\u00e9cie de \u201cefeito rebote\u201d nas emiss\u00f5es caso a retomada econ\u00f4mica mundial n\u00e3o seja pautada tamb\u00e9m pelo objetivo de redu\u00e7\u00e3o global previsto pelo Acordo de Paris, assinado em 2015.<\/p>\n\n\n\n<p>\u201cEssa queda prevista de 6% nas emiss\u00f5es, infelizmente, \u00e9 uma boa not\u00edcia apenas no curto prazo\u201d, afirmou o secret\u00e1rio-geral da Organiza\u00e7\u00e3o Meteorol\u00f3gica Mundial, Petteri Taalas.<\/p>\n\n\n\n<p>Os \u00faltimos dados sobre as emiss\u00f5es mundiais, divulgados em abril, n\u00e3o foram animadores e mostraram uma tend\u00eancia de alta. Em 2019, a quantidade de gases-estufa emitidos bateu um novo recorde. Entre 2015 e 2019, a quantidade de di\u00f3xido de carbono emitido foi 18% maior do que nos cinco anos anteriores.<\/p>\n\n\n\n<p>A Covid-19 j\u00e1 provocou o adiamento para 2021 da pr\u00f3xima conven\u00e7\u00e3o internacional do clima da ONU. A COP-26, que re\u00fane negociadores de alto n\u00edvel de todo o mundo, estava prevista para acontecer em Glasgow, na Esc\u00f3cia, em novembro deste ano.<\/p>\n\n\n\n<p>Em todo o planeta, dezenas de reuni\u00f5es preparat\u00f3rias e encontros de especialistas tamb\u00e9m foram afetados, o que coloca em xeque tamb\u00e9m a articula\u00e7\u00e3o da comunidade internacional.<\/p>\n\n\n\n<p>Em mensagem divulgada nesta semana, o secret\u00e1rio-geral da ONU, o portugu\u00eas Ant\u00f3nio Guterres, cobrou comprometimento das na\u00e7\u00f5es para limitar o aquecimento global.<\/p>\n\n\n\n<p>\u201cA pandemia da Covid-19 exp\u00f4s a fragilidade de todas as sociedades e economias a choques globais, como doen\u00e7as e perturba\u00e7\u00f5es clim\u00e1ticas. Enquanto nos recuperamos, devemos fazer melhor pelas pessoas e pelo ambiente\u201d, afirmou Guterres.<\/p>\n\n\n\n<p>\u201cGovernos se comprometeram a apresentar, daqui a um ano, contribui\u00e7\u00f5es nacionais determinadas e estrat\u00e9gias de longo prazo para zerarmos as emiss\u00f5es de carbono at\u00e9 2050. Este compromisso deve ser mantido. E as maiores economias, os pa\u00edses do G-20, devem liderar pelo exemplo\u201d, completou o secret\u00e1rio-geral da ONU.<\/p>\n\n\n\n<p>Os primeiros sinais enviados pelos pa\u00edses do G-20 e do resto do mundo, no entanto, n\u00e3o t\u00eam sido de grande preocupa\u00e7\u00e3o com as emiss\u00f5es.<\/p>\n\n\n\n<p>Na China, onde surgiu a Covid-19, as duras medidas de confinamento impostas pelo governo<a href=\"https:\/\/www1.folha.uol.com.br\/ambiente\/2020\/03\/nivel-de-poluicao-na-china-cai-drasticamente-apos-epidemia-de-coronavirus.shtml\">derrubaram as emiss\u00f5es em fevereiro,&nbsp;<\/a>com uma redu\u00e7\u00e3o de 25% em rela\u00e7\u00e3o ao come\u00e7o do ano.<\/p>\n\n\n\n<p>Com a retomada das atividades industriais e econ\u00f4micas, os indicadores se encaminham para o mesmo padr\u00e3o de emiss\u00f5es visto anteriormente.<\/p>\n\n\n\n<p>Na Europa, a volta gradual das atividades econ\u00f4micas est\u00e1 s\u00f3 come\u00e7ando, mas analistas acompanham com aten\u00e7\u00e3o o padr\u00e3o a ser adotado.<\/p>\n\n\n\n<p>Existe ainda o temor de que verbas anteriormente destinadas a combater as mudan\u00e7as clim\u00e1ticas sejam agora desviadas para projetos de recupera\u00e7\u00e3o p\u00f3s-pandemia que nada t\u00eam a ver com preocupa\u00e7\u00f5es ambientais.<\/p>\n\n\n\n<p>O Brasil, por\u00e9m, deve destoar desta tend\u00eancia. Como a maior parte das emiss\u00f5es brasileiras v\u00eam do\u00a0<a href=\"https:\/\/www1.folha.uol.com.br\/ambiente\/2019\/11\/desmatamento-na-amazonia-bate-recorde-e-cresce-295-em-12-meses.shtml\">desmatamento da Amaz\u00f4nia<\/a>, que tem batido recordes mesmo durante a pandemia, o pa\u00eds deve acabar o ano como uma das poucas na\u00e7\u00f5es a aumentar a quantidade de carbono liberado na atmosfera.<\/p>\n\n\n\n<p>Dados do sistema Deter do Inpe (Instituto Nacional de Pesquisas Espaciais), indicam que, de janeiro a mar\u00e7o, houve um&nbsp;<a href=\"https:\/\/ambiencia.blogfolha.uol.com.br\/2020\/04\/13\/desmate-na-amazonia-aumenta-51-no-1o-trimestre-e-bate-recorde-do-periodo\/\">aumento de 51% nos alertas de desmatamento,&nbsp;<\/a>em compara\u00e7\u00e3o com o mesmo per\u00edodo de 2019.<\/p>\n\n\n\n<p>No primeiro trimestre, foram devastados 796 km\u00b2 de floresta amaz\u00f4nica.<\/p>\n\n\n\n<p>\u201cCom a pandemia, a gente esperava que houvesse uma redu\u00e7\u00e3o do trabalho dos desmatadores, mas foi o contr\u00e1rio. S\u00f3 no fim de mar\u00e7o, na \u00faltimas semanas, foi um aumento de 30%\u201d, avalia Paulo Moutinho, da diretoria do Ipam (Instituto de Pesquisa Ambiental da Amaz\u00f4nia).<\/p>\n\n\n\n<p>\u201cJaneiro, fevereiro e mar\u00e7o s\u00e3o meses chuvosos. N\u00e3o se esperava normalmente desmatamento, porque os tratores emperram, \u00e9 mais complicado\u201d, completa o pesquisador, que destaca ainda uma mudan\u00e7a no perfil do desmatamento em rela\u00e7\u00e3o aos anos anteriores, com a \u00e1rea devastada sendo cada vez maior e, consequentemente, com mais impacto nas emiss\u00f5es.<\/p>\n\n\n\n<p>A pol\u00edtica ambiental do governo de Jair Bolsonaro (sem partido) e a sinaliza\u00e7\u00e3o de uma poss\u00edvel anistia a desmatadores estariam entre as principais raz\u00f5es do aumento.<\/p>\n\n\n\n<p>O desmatamento tamb\u00e9m indica um potencial de uma pr\u00f3xima grande onda de inc\u00eandios na Amaz\u00f4nia, uma vez que o passo seguinte \u00e0 retirada das \u00e1rvores \u00e9 justamente a coloca\u00e7\u00e3o de fogo para a \u201climpeza\u201d do terreno.<\/p>\n\n\n\n<p>Em 2019, o recorde de queimadas na Amaz\u00f4nia foi not\u00edcia em todo o mundo.<\/p>\n","protected":false},"excerpt":{"rendered":"<p>No pa\u00eds, houve um aumento de 51% nos alertas de desmatamento no primeiro trimestre.<\/p>\n","protected":false},"author":1,"featured_media":0,"comment_status":"closed","ping_status":"open","sticky":false,"template":"","format":"standard","meta":{"_exactmetrics_skip_tracking":false,"_exactmetrics_sitenote_active":false,"_exactmetrics_sitenote_note":"","_exactmetrics_sitenote_category":0,"jetpack_post_was_ever_published":false,"_jetpack_newsletter_access":"","_jetpack_dont_email_post_to_subs":false,"_jetpack_newsletter_tier_id":0,"_jetpack_memberships_contains_paywalled_content":false,"_jetpack_memberships_contains_paid_content":false,"footnotes":"","jetpack_publicize_message":"","jetpack_publicize_feature_enabled":true,"jetpack_social_post_already_shared":true,"jetpack_social_options":{"image_generator_settings":{"template":"highway","enabled":false},"version":2}},"categories":[1],"tags":[],"class_list":["post-27860","post","type-post","status-publish","format-standard","hentry","category-notas"],"jetpack_publicize_connections":[],"jetpack_sharing_enabled":true,"jetpack_featured_media_url":"","jetpack_shortlink":"https:\/\/wp.me\/p7wKYW-7fm","jetpack-related-posts":[],"_links":{"self":[{"href":"http:\/\/blogdalucianaoliveira.com.br\/blog\/wp-json\/wp\/v2\/posts\/27860","targetHints":{"allow":["GET"]}}],"collection":[{"href":"http:\/\/blogdalucianaoliveira.com.br\/blog\/wp-json\/wp\/v2\/posts"}],"about":[{"href":"http:\/\/blogdalucianaoliveira.com.br\/blog\/wp-json\/wp\/v2\/types\/post"}],"author":[{"embeddable":true,"href":"http:\/\/blogdalucianaoliveira.com.br\/blog\/wp-json\/wp\/v2\/users\/1"}],"replies":[{"embeddable":true,"href":"http:\/\/blogdalucianaoliveira.com.br\/blog\/wp-json\/wp\/v2\/comments?post=27860"}],"version-history":[{"count":1,"href":"http:\/\/blogdalucianaoliveira.com.br\/blog\/wp-json\/wp\/v2\/posts\/27860\/revisions"}],"predecessor-version":[{"id":27863,"href":"http:\/\/blogdalucianaoliveira.com.br\/blog\/wp-json\/wp\/v2\/posts\/27860\/revisions\/27863"}],"wp:attachment":[{"href":"http:\/\/blogdalucianaoliveira.com.br\/blog\/wp-json\/wp\/v2\/media?parent=27860"}],"wp:term":[{"taxonomy":"category","embeddable":true,"href":"http:\/\/blogdalucianaoliveira.com.br\/blog\/wp-json\/wp\/v2\/categories?post=27860"},{"taxonomy":"post_tag","embeddable":true,"href":"http:\/\/blogdalucianaoliveira.com.br\/blog\/wp-json\/wp\/v2\/tags?post=27860"}],"curies":[{"name":"wp","href":"https:\/\/api.w.org\/{rel}","templated":true}]}}