{"id":27864,"date":"2020-04-30T18:25:58","date_gmt":"2020-04-30T22:25:58","guid":{"rendered":"http:\/\/blogdalucianaoliveira.com.br\/blog\/?p=27864"},"modified":"2020-04-30T18:27:00","modified_gmt":"2020-04-30T22:27:00","slug":"stf-derruba-restricoes-a-lei-de-acesso-a-informacao-previstas-em-mp-editada-por-bolsonaro","status":"publish","type":"post","link":"http:\/\/blogdalucianaoliveira.com.br\/blog\/2020\/04\/30\/stf-derruba-restricoes-a-lei-de-acesso-a-informacao-previstas-em-mp-editada-por-bolsonaro\/","title":{"rendered":"STF derruba restri\u00e7\u00f5es \u00e0 Lei de Acesso \u00e0 Informa\u00e7\u00e3o previstas em MP editada por Bolsonaro"},"content":{"rendered":"\n<figure class=\"wp-block-image size-large\"><img loading=\"lazy\" decoding=\"async\" width=\"1080\" height=\"608\" data-attachment-id=\"27868\" data-permalink=\"http:\/\/blogdalucianaoliveira.com.br\/blog\/2020\/04\/30\/stf-derruba-restricoes-a-lei-de-acesso-a-informacao-previstas-em-mp-editada-por-bolsonaro\/image-87-4\/\" data-orig-file=\"https:\/\/i0.wp.com\/blogdalucianaoliveira.com.br\/blog\/wp-content\/uploads\/2020\/04\/image-87.jpeg?fit=1080%2C608\" data-orig-size=\"1080,608\" data-comments-opened=\"0\" data-image-meta=\"{&quot;aperture&quot;:&quot;0&quot;,&quot;credit&quot;:&quot;&quot;,&quot;camera&quot;:&quot;&quot;,&quot;caption&quot;:&quot;&quot;,&quot;created_timestamp&quot;:&quot;0&quot;,&quot;copyright&quot;:&quot;&quot;,&quot;focal_length&quot;:&quot;0&quot;,&quot;iso&quot;:&quot;0&quot;,&quot;shutter_speed&quot;:&quot;0&quot;,&quot;title&quot;:&quot;&quot;,&quot;orientation&quot;:&quot;0&quot;}\" data-image-title=\"image-87\" data-image-description=\"\" data-image-caption=\"\" data-medium-file=\"https:\/\/i0.wp.com\/blogdalucianaoliveira.com.br\/blog\/wp-content\/uploads\/2020\/04\/image-87.jpeg?fit=300%2C169\" data-large-file=\"https:\/\/i0.wp.com\/blogdalucianaoliveira.com.br\/blog\/wp-content\/uploads\/2020\/04\/image-87.jpeg?fit=600%2C338\" src=\"https:\/\/i0.wp.com\/blogdalucianaoliveira.com.br\/blog\/wp-content\/uploads\/2020\/04\/image-87.jpeg?fit=600%2C338\" alt=\"\" class=\"wp-image-27868\" srcset=\"https:\/\/i0.wp.com\/blogdalucianaoliveira.com.br\/blog\/wp-content\/uploads\/2020\/04\/image-87.jpeg?w=1080 1080w, https:\/\/i0.wp.com\/blogdalucianaoliveira.com.br\/blog\/wp-content\/uploads\/2020\/04\/image-87.jpeg?resize=300%2C169 300w, https:\/\/i0.wp.com\/blogdalucianaoliveira.com.br\/blog\/wp-content\/uploads\/2020\/04\/image-87.jpeg?resize=1024%2C576 1024w, https:\/\/i0.wp.com\/blogdalucianaoliveira.com.br\/blog\/wp-content\/uploads\/2020\/04\/image-87.jpeg?resize=768%2C432 768w, https:\/\/i0.wp.com\/blogdalucianaoliveira.com.br\/blog\/wp-content\/uploads\/2020\/04\/image-87.jpeg?resize=533%2C300 533w\" sizes=\"auto, (max-width: 600px) 100vw, 600px\" \/><\/figure>\n\n\n\n<h4 class=\"wp-block-heading\">Presidente editou medida em mar\u00e7o, e Rede Sustentabilidade pediu ao STF que suspendesse trechos que restringiam a LAI. Relator atendeu a pedido, e o plen\u00e1rio confirmou a decis\u00e3o.<\/h4>\n\n\n\n<!--more-->\n\n\n\n<p>Por Rosanne D&#8217;Agostino, Fernanda Vivas e M\u00e1rcio Falc\u00e3o, G1 e TV Globo<\/p>\n\n\n\n<p>O&nbsp;<a href=\"https:\/\/g1.globo.com\/tudo-sobre\/supremo-tribunal-federal\/\">Supremo Tribunal Federal<\/a>&nbsp;(STF) derrubou nesta quinta-feira (30), por unanimidade, as&nbsp;<a href=\"https:\/\/g1.globo.com\/politica\/noticia\/2020\/03\/24\/bolsonaro-edita-mp-que-suspende-prazos-de-respostas-a-lei-de-acesso-a-informacao.ghtml\">restri\u00e7\u00f5es<\/a>&nbsp;\u00e0 Lei de Acesso \u00e0 Informa\u00e7\u00e3o previstas em uma&nbsp;<a href=\"https:\/\/g1.globo.com\/politica\/noticia\/2020\/03\/24\/bolsonaro-edita-mp-que-suspende-prazos-de-respostas-a-lei-de-acesso-a-informacao.ghtml\">medida provis\u00f3ria<\/a>&nbsp;(MP) editada pelo presidente&nbsp;<a href=\"https:\/\/g1.globo.com\/politica\/politico\/jair-bolsonaro\/\">Jair Bolsonaro<\/a>.<\/p>\n\n\n\n<p>Bolsonaro&nbsp;<a href=\"https:\/\/g1.globo.com\/politica\/noticia\/2020\/03\/24\/bolsonaro-edita-mp-que-suspende-prazos-de-respostas-a-lei-de-acesso-a-informacao.ghtml\">editou a MP em mar\u00e7o<\/a>, e o partido&nbsp;<a href=\"https:\/\/g1.globo.com\/politica\/partido\/rede\/\">Rede Sustentabilidade<\/a>&nbsp;pediu ao STF que&nbsp;<a href=\"https:\/\/g1.globo.com\/politica\/noticia\/2020\/03\/25\/rede-pede-ao-stf-para-suspender-mp-que-restringiu-a-lei-de-acesso-a-informacao.ghtml\">suspendesse<\/a>&nbsp;os trechos da lei que restringiam a LAI. Ao analisar o caso, o relator,&nbsp;<a href=\"https:\/\/g1.globo.com\/tudo-sobre\/alexandre-de-moraes\/\">Alexandre de Moraes<\/a>,&nbsp;<a href=\"https:\/\/g1.globo.com\/politica\/noticia\/2020\/03\/26\/alexandre-de-moraes-suspende-mp-que-alterou-atendimento-a-lei-de-acesso-a-informacao.ghtml\">atendeu ao pedido<\/a>da Rede. Agora, o plen\u00e1rio do STF confirmou a decis\u00e3o.&nbsp;<\/p>\n\n\n\n<p>A MP previa, entre outros pontos, a suspens\u00e3o dos prazos de resposta e a necessidade de reitera\u00e7\u00e3o de pedidos durante a&nbsp;<a href=\"https:\/\/g1.globo.com\/bemestar\/coronavirus\/noticia\/2020\/03\/11\/oms-declara-pandemia-de-coronavirus.ghtml\">pandemia<\/a>&nbsp;do novo coronav\u00edrus.&nbsp;<\/p>\n\n\n\n<p>A Lei de Acesso \u00e0 Informa\u00e7\u00e3o regulamenta o trecho da Constitui\u00e7\u00e3o que estabelece como direito de qualquer cidad\u00e3o receber, do poder p\u00fablico, informa\u00e7\u00f5es de interesse da sociedade.&nbsp;<\/p>\n\n\n\n<p>As a\u00e7\u00f5es que questionaram as restri\u00e7\u00f5es \u00e0 LAI foram apresentadas por Rede, Conselho Federal da Ordem dos Advogados do Brasil (OAB) e PSB.<\/p>\n\n\n\n<h2 class=\"wp-block-heading\">A MP<\/h2>\n\n\n\n<p>A MP suspendeu os prazos de resposta a pedidos dirigidos a \u00f3rg\u00e3os cujos servidores estejam em regime de quarentena, teletrabalho ou equivalentes e que dependam de acesso presencial.&nbsp;<\/p>\n\n\n\n<p>Tamb\u00e9m estabeleceu que os pedidos de acesso \u00e0 informa\u00e7\u00e3o pendentes de resposta por conta da suspens\u00e3o devem ser refeitos no prazo de dez dias, a partir da data de encerramento do estado de calamidade p\u00fablica. E indicou que recursos \u00e0s poss\u00edveis negativas seriam negados.&nbsp;<\/p>\n\n\n\n<p>A Rede afirmou que a medida \u201cclaramente\u201d limita o direito \u00e0 informa\u00e7\u00e3o do cidad\u00e3o e impede a fiscaliza\u00e7\u00e3o de atos relacionados \u00e0 pandemia. J\u00e1 a OAB argumentou que o sigilo das informa\u00e7\u00f5es p\u00fablicas \u00e9 exce\u00e7\u00e3o, e as altera\u00e7\u00f5es abrem margem para uma atua\u00e7\u00e3o discricion\u00e1ria do Estado e ofendem o princ\u00edpio do devido processo legal.<\/p>\n\n\n\n<figure class=\"wp-block-image size-large\"><img data-recalc-dims=\"1\" loading=\"lazy\" decoding=\"async\" width=\"25\" height=\"16\" data-attachment-id=\"27865\" data-permalink=\"http:\/\/blogdalucianaoliveira.com.br\/blog\/2020\/04\/30\/stf-derruba-restricoes-a-lei-de-acesso-a-informacao-previstas-em-mp-editada-por-bolsonaro\/image-85-4\/\" data-orig-file=\"https:\/\/i0.wp.com\/blogdalucianaoliveira.com.br\/blog\/wp-content\/uploads\/2020\/04\/image-85.jpeg?fit=25%2C16\" data-orig-size=\"25,16\" data-comments-opened=\"0\" data-image-meta=\"{&quot;aperture&quot;:&quot;0&quot;,&quot;credit&quot;:&quot;&quot;,&quot;camera&quot;:&quot;&quot;,&quot;caption&quot;:&quot;&quot;,&quot;created_timestamp&quot;:&quot;0&quot;,&quot;copyright&quot;:&quot;&quot;,&quot;focal_length&quot;:&quot;0&quot;,&quot;iso&quot;:&quot;0&quot;,&quot;shutter_speed&quot;:&quot;0&quot;,&quot;title&quot;:&quot;&quot;,&quot;orientation&quot;:&quot;0&quot;}\" data-image-title=\"image-85\" data-image-description=\"\" data-image-caption=\"\" data-medium-file=\"https:\/\/i0.wp.com\/blogdalucianaoliveira.com.br\/blog\/wp-content\/uploads\/2020\/04\/image-85.jpeg?fit=25%2C16\" data-large-file=\"https:\/\/i0.wp.com\/blogdalucianaoliveira.com.br\/blog\/wp-content\/uploads\/2020\/04\/image-85.jpeg?fit=25%2C16\" src=\"https:\/\/i0.wp.com\/blogdalucianaoliveira.com.br\/blog\/wp-content\/uploads\/2020\/04\/image-85.jpeg?resize=25%2C16\" alt=\"Alexandre de Moraes, ministro do Supremo Tribunal Federal \u2014 Foto: Rosinei Coutinho\/SCO\/STF\" class=\"wp-image-27865\"\/><\/figure>\n\n\n\n<figure class=\"wp-block-image\"><img data-recalc-dims=\"1\" decoding=\"async\" src=\"https:\/\/i0.wp.com\/s2.glbimg.com\/qhDZmJ_4AJYUvqmUAinlCJeEsDw%3D\/0x0%3A2000x1265\/984x0\/smart\/filters%3Astrip_icc%28%29\/i.s3.glbimg.com\/v1\/AUTH_59edd422c0c84a879bd37670ae4f538a\/internal_photos\/bs\/2019\/p\/p\/uJhJlRR8Gsl9AaJNuxfw\/moraes.jpg?w=600&#038;ssl=1\" alt=\"Alexandre de Moraes, ministro do Supremo Tribunal Federal \u2014 Foto: Rosinei Coutinho\/SCO\/STF\"\/><\/figure>\n\n\n\n<p>Alexandre de Moraes, ministro do Supremo Tribunal Federal \u2014 Foto: Rosinei Coutinho\/SCO\/STF&nbsp;<\/p>\n\n\n\n<h2 class=\"wp-block-heading\">Voto do relator<\/h2>\n\n\n\n<p>Ao apresentar o voto, Alexandre de Moraes afirmou que o princ\u00edpio da administra\u00e7\u00e3o \u00e9 &#8220;debater assuntos p\u00fablicos de forma irrestrita, robusta e aberta&#8221;, a partir do acesso \u00e0s informa\u00e7\u00f5es.&nbsp;<\/p>\n\n\n\n<p>&#8220;A administra\u00e7\u00e3o p\u00fablica tem o dever de absoluta transpar\u00eancia&#8221;, afirmou. &#8220;A Constitui\u00e7\u00e3o consagra a publicidade&#8221;, acrescentou.&nbsp;<\/p>\n\n\n\n<p>Ainda segundo o relator, basta uma &#8220;breve leitura&#8221; para se verificar que o governo n\u00e3o pretendeu &#8220;fazer qualquer liga\u00e7\u00e3o com a pandemia, mas impedir que o cidad\u00e3o tenha o livre acesso \u00e0s informa\u00e7\u00f5es&#8221;.&nbsp;<\/p>\n\n\n\n<h2 class=\"wp-block-heading\">Votos dos demais ministros<\/h2>\n\n\n\n<p>O voto de Moraes foi acompanhado pelos ministros Edson Fachin, Lu\u00eds Roberto Barroso, Rosa Weber, Luiz Fux, C\u00e1rmen L\u00facia, Ricardo Lewandowski, Gilmar Mendes, Marco Aur\u00e9lio Mello e pelo presidente da Corte, Dias Toffoli.&nbsp;<\/p>\n\n\n\n<p>Lu\u00eds Roberto Barroso afirmou que a medida provis\u00f3ria d\u00e1 um \u201ccheque em branco\u201d e que j\u00e1 h\u00e1 na legisla\u00e7\u00e3o v\u00e1lvulas de escape para situa\u00e7\u00f5es de emerg\u00eancia. \u201cEsta medida provis\u00f3ria fornece uma solu\u00e7\u00e3o para um problema que n\u00e3o h\u00e1, al\u00e9m de dar um cheque em branco\u201d, disse.&nbsp;<\/p>\n\n\n\n<p>Luiz Fux tamb\u00e9m acompanhou o relator e defendeu que \u201co direito ao acesso a informa\u00e7\u00f5es configura o princ\u00edpio da publicidade e da transpar\u00eancia que regem a administra\u00e7\u00e3o p\u00fablica, que tem como raiz a democracia\u201d.&nbsp;<\/p>\n\n\n\n<p>\u201cDe sombras e trevas que perpassaram a hist\u00f3ria da administra\u00e7\u00e3o p\u00fablica, n\u00f3s tivermos os laicos que n\u00e3o foram poucos de falta de democracia. \u00c9 dever da administra\u00e7\u00e3o p\u00fablica, nenhuma lei pode restringir esse dever\u201d, completou a ministra C\u00e1rmen L\u00facia.&nbsp;<\/p>\n\n\n\n<p>Ricardo Lewandowski refor\u00e7ou que a informa\u00e7\u00e3o \u00e9 um direito do cidad\u00e3o. \u201cA publicidade \u00e9 um dever do estado, conjugando-se, n\u00f3s temos exatamente os instrumentos necess\u00e1rios para que a cidadania, o povo brasileiro, possa controlar os governantes.\u201d&nbsp;<\/p>\n\n\n\n<p>Gilmar Mendes tamb\u00e9m considerou que o trecho \u201ccompromete a publicidade dos atos administrativos e a transpar\u00eancia, colocando em risco o direito \u00e0 informa\u00e7\u00e3o, \u00e0 publicidade e \u00e0 transpar\u00eancia\u201d. \u201cN\u00e3o h\u00e1 como considerar antecipadamente que, no per\u00edodo em que perdurar a pandemia, a publicidade deva ficar condicionada a entraves meramente burocr\u00e1ticos\u201d, disse.<\/p>\n","protected":false},"excerpt":{"rendered":"<p>Presidente editou medida em mar\u00e7o, e Rede Sustentabilidade pediu ao STF que suspendesse trechos que restringiam a LAI. Relator atendeu a pedido, e o plen\u00e1rio confirmou a decis\u00e3o.<\/p>\n","protected":false},"author":1,"featured_media":0,"comment_status":"closed","ping_status":"open","sticky":false,"template":"","format":"standard","meta":{"_exactmetrics_skip_tracking":false,"_exactmetrics_sitenote_active":false,"_exactmetrics_sitenote_note":"","_exactmetrics_sitenote_category":0,"jetpack_post_was_ever_published":false,"_jetpack_newsletter_access":"","_jetpack_dont_email_post_to_subs":false,"_jetpack_newsletter_tier_id":0,"_jetpack_memberships_contains_paywalled_content":false,"_jetpack_memberships_contains_paid_content":false,"footnotes":"","jetpack_publicize_message":"","jetpack_publicize_feature_enabled":true,"jetpack_social_post_already_shared":true,"jetpack_social_options":{"image_generator_settings":{"template":"highway","enabled":false},"version":2}},"categories":[1],"tags":[],"class_list":["post-27864","post","type-post","status-publish","format-standard","hentry","category-notas"],"jetpack_publicize_connections":[],"jetpack_sharing_enabled":true,"jetpack_featured_media_url":"","jetpack_shortlink":"https:\/\/wp.me\/p7wKYW-7fq","jetpack-related-posts":[],"_links":{"self":[{"href":"http:\/\/blogdalucianaoliveira.com.br\/blog\/wp-json\/wp\/v2\/posts\/27864","targetHints":{"allow":["GET"]}}],"collection":[{"href":"http:\/\/blogdalucianaoliveira.com.br\/blog\/wp-json\/wp\/v2\/posts"}],"about":[{"href":"http:\/\/blogdalucianaoliveira.com.br\/blog\/wp-json\/wp\/v2\/types\/post"}],"author":[{"embeddable":true,"href":"http:\/\/blogdalucianaoliveira.com.br\/blog\/wp-json\/wp\/v2\/users\/1"}],"replies":[{"embeddable":true,"href":"http:\/\/blogdalucianaoliveira.com.br\/blog\/wp-json\/wp\/v2\/comments?post=27864"}],"version-history":[{"count":2,"href":"http:\/\/blogdalucianaoliveira.com.br\/blog\/wp-json\/wp\/v2\/posts\/27864\/revisions"}],"predecessor-version":[{"id":27869,"href":"http:\/\/blogdalucianaoliveira.com.br\/blog\/wp-json\/wp\/v2\/posts\/27864\/revisions\/27869"}],"wp:attachment":[{"href":"http:\/\/blogdalucianaoliveira.com.br\/blog\/wp-json\/wp\/v2\/media?parent=27864"}],"wp:term":[{"taxonomy":"category","embeddable":true,"href":"http:\/\/blogdalucianaoliveira.com.br\/blog\/wp-json\/wp\/v2\/categories?post=27864"},{"taxonomy":"post_tag","embeddable":true,"href":"http:\/\/blogdalucianaoliveira.com.br\/blog\/wp-json\/wp\/v2\/tags?post=27864"}],"curies":[{"name":"wp","href":"https:\/\/api.w.org\/{rel}","templated":true}]}}