{"id":27870,"date":"2020-05-01T10:14:37","date_gmt":"2020-05-01T14:14:37","guid":{"rendered":"http:\/\/blogdalucianaoliveira.com.br\/blog\/?p=27870"},"modified":"2020-05-01T10:14:46","modified_gmt":"2020-05-01T14:14:46","slug":"lula-cabe-aos-trabalhadores-construir-mundo-pos-pandemia-com-coletivo-acima-do-lucro","status":"publish","type":"post","link":"http:\/\/blogdalucianaoliveira.com.br\/blog\/2020\/05\/01\/lula-cabe-aos-trabalhadores-construir-mundo-pos-pandemia-com-coletivo-acima-do-lucro\/","title":{"rendered":"Lula: cabe aos trabalhadores construir mundo p\u00f3s-pandemia com coletivo acima do lucro"},"content":{"rendered":"\n<figure class=\"wp-block-image size-large\"><img data-recalc-dims=\"1\" loading=\"lazy\" decoding=\"async\" width=\"600\" height=\"294\" data-attachment-id=\"27871\" data-permalink=\"http:\/\/blogdalucianaoliveira.com.br\/blog\/2020\/05\/01\/lula-cabe-aos-trabalhadores-construir-mundo-pos-pandemia-com-coletivo-acima-do-lucro\/image-1146\/\" data-orig-file=\"https:\/\/i0.wp.com\/blogdalucianaoliveira.com.br\/blog\/wp-content\/uploads\/2020\/05\/image.jpeg?fit=705%2C346\" data-orig-size=\"705,346\" data-comments-opened=\"0\" data-image-meta=\"{&quot;aperture&quot;:&quot;0&quot;,&quot;credit&quot;:&quot;Camila Maciel&quot;,&quot;camera&quot;:&quot;&quot;,&quot;caption&quot;:&quot;&quot;,&quot;created_timestamp&quot;:&quot;0&quot;,&quot;copyright&quot;:&quot;&quot;,&quot;focal_length&quot;:&quot;0&quot;,&quot;iso&quot;:&quot;0&quot;,&quot;shutter_speed&quot;:&quot;0&quot;,&quot;title&quot;:&quot;&quot;,&quot;orientation&quot;:&quot;0&quot;}\" data-image-title=\"image\" data-image-description=\"\" data-image-caption=\"\" data-medium-file=\"https:\/\/i0.wp.com\/blogdalucianaoliveira.com.br\/blog\/wp-content\/uploads\/2020\/05\/image.jpeg?fit=300%2C147\" data-large-file=\"https:\/\/i0.wp.com\/blogdalucianaoliveira.com.br\/blog\/wp-content\/uploads\/2020\/05\/image.jpeg?fit=600%2C294\" src=\"https:\/\/i0.wp.com\/blogdalucianaoliveira.com.br\/blog\/wp-content\/uploads\/2020\/05\/image.jpeg?resize=600%2C294\" alt=\"\" class=\"wp-image-27871\" srcset=\"https:\/\/i0.wp.com\/blogdalucianaoliveira.com.br\/blog\/wp-content\/uploads\/2020\/05\/image.jpeg?w=705 705w, https:\/\/i0.wp.com\/blogdalucianaoliveira.com.br\/blog\/wp-content\/uploads\/2020\/05\/image.jpeg?resize=300%2C147 300w, https:\/\/i0.wp.com\/blogdalucianaoliveira.com.br\/blog\/wp-content\/uploads\/2020\/05\/image.jpeg?resize=611%2C300 611w\" sizes=\"auto, (max-width: 600px) 100vw, 600px\" \/><\/figure>\n\n\n\n<h4 class=\"wp-block-heading\">Em mensagem no Dia do Trabalhador, ex-presidente destacou tamb\u00e9m atua\u00e7\u00e3o dos profissionais de sa\u00fade&nbsp;<\/h4>\n\n\n\n<!--more-->\n\n\n\n<p>Caroline Oliveira &#8211; Brasil de Fato\u00a0<\/p>\n\n\n\n<p>Neste 1\u00ba de maio, em que se comemora o Dia do Trabalhador, o ex-presidente Luiz In\u00e1cio Lula da Silva (PT), em um v\u00eddeo publicado em suas redes sociais, defendeu que o mundo ap\u00f3s a&nbsp;<a href=\"https:\/\/www.brasildefato.com.br\/minuto-a-minuto\/coronavirus-no-brasil\">pandemia<\/a>do coronav\u00edrus deve ser transformado do ponto de vista das rela\u00e7\u00f5es sociais.<\/p>\n\n\n\n<p>&#8220;A Hist\u00f3ria nos ensina que grandes trag\u00e9dias costumam ser parteiras de grandes transforma\u00e7\u00f5es. O que n\u00f3s esperamos, o que eu espero, \u00e9 que o mundo que vir\u00e1 depois do coronav\u00edrus seja uma comunidade universal em que o homem e a mulher, em harmonia com a natureza, sejam o centro de tudo e que a economia e a tecnologia estejam a servi\u00e7o deles e n\u00e3o contr\u00e1rio, como aconteceu at\u00e9 hoje. No mundo que eu espero depois da pandemia do coronav\u00edrus, o coletivo haver\u00e1 de triunfar sobre o individual a solidariedade e a generosidade triunfar\u00e3o sobre o lucro&#8221;, afirmou o ex-presidente.<\/p>\n\n\n\n<p>Lula apontou o&nbsp;<a href=\"https:\/\/www.brasildefato.com.br\/2020\/03\/18\/acao-humana-contra-o-meio-ambiente-causou-a-pandemia-do-coronavirus-diz-pesquisador\">capitalismo<\/a>&nbsp;como respons\u00e1vel pela crise e destacou que s\u00e3o os trabalhadores que garantem a&nbsp;produ\u00e7\u00e3o mundial.&nbsp;&#8220;Foram necess\u00e1rios 300 mil cad\u00e1veres para a humanidade ver uma verdade que n\u00f3s, trabalhadores, conhecemos desde o dia que nascemos. A trag\u00e9dia do coronav\u00edrus exp\u00f4s \u00e0 luz do sol uma verdade inquestion\u00e1vel: o que sustenta o capitalismo n\u00e3o \u00e9 o capital. Somos n\u00f3s, os trabalhadores. \u00c9 essa verdade, nossa velha conhecida, que est\u00e1 levando os principais jornais econ\u00f4micos do mundo, as b\u00edblias da elite mundial, a anunciarem que o capitalismo est\u00e1 com os dias contados. E est\u00e1 mesmo. Est\u00e1 moribundo. E est\u00e1 nas nossas m\u00e3os, nas m\u00e3os dos trabalhadores, a tarefa de construir esse novo mundo que vem a\u00ed.&#8221;<\/p>\n\n\n\n<p>Ao se referir a Jair Bolsonaro, ele apontou que grandes&nbsp;trag\u00e9dias revelam o &#8220;verdadeiro car\u00e1ter das pessoas e das coisas&#8221;. &#8220;N\u00e3o me refiro apenas ao deboche do presidente da Rep\u00fablica com a mem\u00f3ria de mais de cinco mil brasileiros mortos pela covid. A pandemia deixou o capitalismo nu.&#8221;&nbsp;<\/p>\n\n\n\n<p>O ex-presidente tamb\u00e9m falou sobre a import\u00e2ncia da solidariedade entre a classe trabalhadora neste momento. &#8220;O Brasil sempre foi uma terra de esperan\u00e7as. Apesar das extremas dificuldades, n\u00f3s que nascemos e vivemos aqui soubemos enfrent\u00e1-las e soubemos nos reinventar para crescer. O \u00f3dio e a ignor\u00e2ncia se alimentam um do outro e s\u00e3o o oposto do que vai na alma brasileira. Como brasileiro, tenho a certeza que sairemos desta trag\u00e9dia para um mundo melhor, para um Brasil melhor.&nbsp;E \u00e9 agora, em plena tempestade, que os brasileiros revelam o que s\u00e3o, o que somos: generosos, tolerantes, solid\u00e1rios. E \u00e9 com esse esp\u00edrito, essa alegria e essa criatividade que estamos todos lutando para sair das trevas e fazer chegar, o mais depressa poss\u00edvel, o amanhecer da justi\u00e7a social, da igualdade e da liberdade.&#8221;<\/p>\n\n\n\n<p>Coronav\u00edrus<\/p>\n\n\n\n<p>Nessa sexta-feira (30), o Brasil registrou recorde de novos&nbsp;<a href=\"https:\/\/www.brasildefato.com.br\/2020\/04\/30\/ministro-da-saude-diz-que-numero-de-mortes-por-covid-19-pode-chegar-a-1-mil-por-dia\">casos<\/a>&nbsp;em 24 horas, com um aumento de 7.218 mil infectados \u00e0s estat\u00edsticas, chegando a um total de 85.380 mil pessoas infectadas por covid-19. Quanto ao n\u00famero de mortos, houve um aumento de 435 \u00f3bitos, chegando a um total de 5.901 mil: um aumento de 8%. Com esses dados, a letalidade ficou em 6,9%.<\/p>\n\n\n\n<p>Confira o v\u00eddeo:<\/p>\n\n\n\n<figure class=\"wp-block-embed-youtube wp-block-embed is-type-video is-provider-youtube wp-embed-aspect-16-9 wp-has-aspect-ratio\"><div class=\"wp-block-embed__wrapper\">\n<div class=\"jetpack-video-wrapper\"><iframe loading=\"lazy\" title=\"Ex-presidente Lula faz discurso no dia Dia do Trabalhador\" width=\"600\" height=\"338\" src=\"https:\/\/www.youtube.com\/embed\/2CoxbDvohCk?feature=oembed\" frameborder=\"0\" allow=\"accelerometer; autoplay; clipboard-write; encrypted-media; gyroscope; picture-in-picture; web-share\" referrerpolicy=\"strict-origin-when-cross-origin\" allowfullscreen><\/iframe><\/div>\n<\/div><\/figure>\n\n\n\n<p>Leia o discurso na \u00edntegra:<\/p>\n\n\n\n<p>\u201cMeus amigos e minhas amigas,<\/p>\n\n\n\n<p>Trabalhadores e trabalhadoras do Brasil e do mundo,<\/p>\n\n\n\n<p>Quero come\u00e7ar a minha fala prestando solidariedade aos familiares de todas as v\u00edtimas do coronav\u00edrus e a todos os trabalhadores e trabalhadoras que est\u00e3o lutando para salvar vidas em todo o mundo.<\/p>\n\n\n\n<p>Um v\u00edrus desconhecido conseguiu fechar fronteiras, trancar em casa mais de tr\u00eas bilh\u00f5es de seres humanos e mudar de maneira dram\u00e1tica a vida de cada um de n\u00f3s. H\u00e1 tr\u00eas meses estamos como num longo t\u00fanel sem fim, recebendo a cada dia not\u00edcias piores que as do dia anterior. A humanidade desperta todos os dias torcendo para que o n\u00famero de mortos de hoje seja menor que o de ontem. Estamos vivendo os mais tenebrosos dias da nossa hist\u00f3ria.<\/p>\n\n\n\n<p>O v\u00edrus, que ataca a todos, indistintamente, mostrou que a ra\u00e7a humana n\u00e3o \u00e9 imortal e pode at\u00e9 desaparecer.<\/p>\n\n\n\n<p>A Hist\u00f3ria nos ensina, por\u00e9m, que grandes trag\u00e9dias costumam ser parteiras de grandes transforma\u00e7\u00f5es.<\/p>\n\n\n\n<p>O que n\u00f3s esperamos, o que eu espero, \u00e9 que o mundo que vir\u00e1 depois do coronav\u00edrus seja uma comunidade universal em que o homem e a mulher, em harmonia com a natureza, sejam o centro de tudo, e que a economia e a tecnologia estejam a servi\u00e7o deles \u2013 e n\u00e3o o contr\u00e1rio, como aconteceu at\u00e9 hoje.<\/p>\n\n\n\n<p>No mundo que eu espero depois da trag\u00e9dia do coronav\u00edrus, o coletivo haver\u00e1 de triunfar sobre o individual, a solidariedade e a generosidade triunfar\u00e3o sobre o lucro.<\/p>\n\n\n\n<p>Um mundo em que ningu\u00e9m explore o trabalho de ningu\u00e9m, um mundo em que se respeitem as diferen\u00e7as entre um e outro, um mundo em que todos, absolutamente todos, disponham de ferramentas para se emancipar de qualquer tipo de domina\u00e7\u00e3o ou de controle.<\/p>\n\n\n\n<p>Mas as grandes trag\u00e9dias s\u00e3o tamb\u00e9m reveladoras do verdadeiro car\u00e1ter das pessoas e das coisas. N\u00e3o me refiro apenas ao deboche do presidente da Rep\u00fablica com a mem\u00f3ria de mais de cinco mil brasileiros mortos pela covid.<\/p>\n\n\n\n<p>A pandemia deixou o capitalismo nu. Foram necess\u00e1rios trezentos mil cad\u00e1veres para a humanidade ver uma verdade que n\u00f3s, trabalhadores, conhecemos desde o dia que nascemos. A trag\u00e9dia do Coronav\u00edrus exp\u00f4s \u00e0 luz do sol uma verdade inquestion\u00e1vel: o que sustenta o capitalismo n\u00e3o \u00e9 o capital.<\/p>\n\n\n\n<p>Somos n\u00f3s, os trabalhadores. \u00c9 essa verdade, nossa velha conhecida, que est\u00e1 levando os principais jornais econ\u00f4micos do mundo, as b\u00edblias da elite mundial, a anunciarem que o Capitalismo est\u00e1 com os dias contados. E est\u00e1 mesmo. Est\u00e1 moribundo. E est\u00e1 nas nossas m\u00e3os, nas m\u00e3os dos trabalhadores, a tarefa de construir esse novo mundo que vem a\u00ed.<\/p>\n\n\n\n<p>O Brasil sempre foi uma terra de esperan\u00e7as. Apesar das extremas dificuldades, n\u00f3s que nascemos e vivemos aqui soubemos enfrent\u00e1-las e soubemos nos reinventar para crescer. O \u00f3dio e a ignor\u00e2ncia se alimentam um do outro e s\u00e3o o oposto do que vai na alma brasileira. Como brasileiro, tenho a certeza que sairemos desta trag\u00e9dia para um mundo melhor, para um Brasil melhor.<\/p>\n\n\n\n<p>E \u00e9 agora, em plena tempestade, que os brasileiros revelam o que s\u00e3o, o que somos: generosos, tolerantes, solid\u00e1rios. E \u00e9 com esse esp\u00edrito, essa alegria e essa criatividade que estamos todos lutando para sair das trevas e fazer chegar, o mais depressa poss\u00edvel, o amanhecer da justi\u00e7a social, da igualdade e da liberdade.<\/p>\n\n\n\n<p>Espero que a trag\u00e9dia do Coronav\u00edrus seja a parteira do verdadeiro mundo novo que sonhamos.<\/p>\n\n\n\n<p>Viva o povo trabalhador. Viva o Primeiro de Maio.\u201d<\/p>\n\n\n\n<p>Luiz In\u00e1cio Lula da Silva<\/p>\n\n\n\n<p>Edi\u00e7\u00e3o: Camila Maciel<\/p>\n","protected":false},"excerpt":{"rendered":"<p>Em mensagem no Dia do Trabalhador, ex-presidente destacou tamb\u00e9m atua\u00e7\u00e3o dos profissionais de sa\u00fade&nbsp;<\/p>\n","protected":false},"author":1,"featured_media":0,"comment_status":"closed","ping_status":"open","sticky":false,"template":"","format":"standard","meta":{"_exactmetrics_skip_tracking":false,"_exactmetrics_sitenote_active":false,"_exactmetrics_sitenote_note":"","_exactmetrics_sitenote_category":0,"jetpack_post_was_ever_published":false,"_jetpack_newsletter_access":"","_jetpack_dont_email_post_to_subs":false,"_jetpack_newsletter_tier_id":0,"_jetpack_memberships_contains_paywalled_content":false,"_jetpack_memberships_contains_paid_content":false,"footnotes":"","jetpack_publicize_message":"","jetpack_publicize_feature_enabled":true,"jetpack_social_post_already_shared":true,"jetpack_social_options":{"image_generator_settings":{"template":"highway","enabled":false},"version":2}},"categories":[1],"tags":[],"class_list":["post-27870","post","type-post","status-publish","format-standard","hentry","category-notas"],"jetpack_publicize_connections":[],"jetpack_sharing_enabled":true,"jetpack_featured_media_url":"","jetpack_shortlink":"https:\/\/wp.me\/p7wKYW-7fw","jetpack-related-posts":[],"_links":{"self":[{"href":"http:\/\/blogdalucianaoliveira.com.br\/blog\/wp-json\/wp\/v2\/posts\/27870","targetHints":{"allow":["GET"]}}],"collection":[{"href":"http:\/\/blogdalucianaoliveira.com.br\/blog\/wp-json\/wp\/v2\/posts"}],"about":[{"href":"http:\/\/blogdalucianaoliveira.com.br\/blog\/wp-json\/wp\/v2\/types\/post"}],"author":[{"embeddable":true,"href":"http:\/\/blogdalucianaoliveira.com.br\/blog\/wp-json\/wp\/v2\/users\/1"}],"replies":[{"embeddable":true,"href":"http:\/\/blogdalucianaoliveira.com.br\/blog\/wp-json\/wp\/v2\/comments?post=27870"}],"version-history":[{"count":1,"href":"http:\/\/blogdalucianaoliveira.com.br\/blog\/wp-json\/wp\/v2\/posts\/27870\/revisions"}],"predecessor-version":[{"id":27872,"href":"http:\/\/blogdalucianaoliveira.com.br\/blog\/wp-json\/wp\/v2\/posts\/27870\/revisions\/27872"}],"wp:attachment":[{"href":"http:\/\/blogdalucianaoliveira.com.br\/blog\/wp-json\/wp\/v2\/media?parent=27870"}],"wp:term":[{"taxonomy":"category","embeddable":true,"href":"http:\/\/blogdalucianaoliveira.com.br\/blog\/wp-json\/wp\/v2\/categories?post=27870"},{"taxonomy":"post_tag","embeddable":true,"href":"http:\/\/blogdalucianaoliveira.com.br\/blog\/wp-json\/wp\/v2\/tags?post=27870"}],"curies":[{"name":"wp","href":"https:\/\/api.w.org\/{rel}","templated":true}]}}