{"id":27874,"date":"2020-05-01T16:42:21","date_gmt":"2020-05-01T20:42:21","guid":{"rendered":"http:\/\/blogdalucianaoliveira.com.br\/blog\/?p=27874"},"modified":"2020-05-01T16:42:24","modified_gmt":"2020-05-01T20:42:24","slug":"veja-mensagens-gravadas-por-lula-fhc-ciro-e-outros-politicos-para-1o-de-maio-das-centrais-sindicais","status":"publish","type":"post","link":"http:\/\/blogdalucianaoliveira.com.br\/blog\/2020\/05\/01\/veja-mensagens-gravadas-por-lula-fhc-ciro-e-outros-politicos-para-1o-de-maio-das-centrais-sindicais\/","title":{"rendered":"Veja mensagens gravadas por Lula, FHC, Ciro e outros pol\u00edticos para 1\u00ba de Maio das centrais sindicais"},"content":{"rendered":"\n<figure class=\"wp-block-image size-large\"><img data-recalc-dims=\"1\" loading=\"lazy\" decoding=\"async\" width=\"600\" height=\"420\" data-attachment-id=\"27877\" data-permalink=\"http:\/\/blogdalucianaoliveira.com.br\/blog\/2020\/05\/01\/veja-mensagens-gravadas-por-lula-fhc-ciro-e-outros-politicos-para-1o-de-maio-das-centrais-sindicais\/97b2adb8-141e-45c1-920e-a0985663f521\/\" data-orig-file=\"https:\/\/i0.wp.com\/blogdalucianaoliveira.com.br\/blog\/wp-content\/uploads\/2020\/05\/97B2ADB8-141E-45C1-920E-A0985663F521.jpeg?fit=828%2C580\" data-orig-size=\"828,580\" data-comments-opened=\"0\" data-image-meta=\"{&quot;aperture&quot;:&quot;0&quot;,&quot;credit&quot;:&quot;&quot;,&quot;camera&quot;:&quot;&quot;,&quot;caption&quot;:&quot;&quot;,&quot;created_timestamp&quot;:&quot;0&quot;,&quot;copyright&quot;:&quot;&quot;,&quot;focal_length&quot;:&quot;0&quot;,&quot;iso&quot;:&quot;0&quot;,&quot;shutter_speed&quot;:&quot;0&quot;,&quot;title&quot;:&quot;&quot;,&quot;orientation&quot;:&quot;0&quot;}\" data-image-title=\"97B2ADB8-141E-45C1-920E-A0985663F521\" data-image-description=\"\" data-image-caption=\"\" data-medium-file=\"https:\/\/i0.wp.com\/blogdalucianaoliveira.com.br\/blog\/wp-content\/uploads\/2020\/05\/97B2ADB8-141E-45C1-920E-A0985663F521.jpeg?fit=300%2C210\" data-large-file=\"https:\/\/i0.wp.com\/blogdalucianaoliveira.com.br\/blog\/wp-content\/uploads\/2020\/05\/97B2ADB8-141E-45C1-920E-A0985663F521.jpeg?fit=600%2C420\" src=\"https:\/\/i0.wp.com\/blogdalucianaoliveira.com.br\/blog\/wp-content\/uploads\/2020\/05\/97B2ADB8-141E-45C1-920E-A0985663F521.jpeg?resize=600%2C420\" alt=\"\" class=\"wp-image-27877\" srcset=\"https:\/\/i0.wp.com\/blogdalucianaoliveira.com.br\/blog\/wp-content\/uploads\/2020\/05\/97B2ADB8-141E-45C1-920E-A0985663F521.jpeg?w=828 828w, https:\/\/i0.wp.com\/blogdalucianaoliveira.com.br\/blog\/wp-content\/uploads\/2020\/05\/97B2ADB8-141E-45C1-920E-A0985663F521.jpeg?resize=300%2C210 300w, https:\/\/i0.wp.com\/blogdalucianaoliveira.com.br\/blog\/wp-content\/uploads\/2020\/05\/97B2ADB8-141E-45C1-920E-A0985663F521.jpeg?resize=768%2C538 768w, https:\/\/i0.wp.com\/blogdalucianaoliveira.com.br\/blog\/wp-content\/uploads\/2020\/05\/97B2ADB8-141E-45C1-920E-A0985663F521.jpeg?resize=428%2C300 428w\" sizes=\"auto, (max-width: 600px) 100vw, 600px\" \/><\/figure>\n\n\n\n<p>A t\u00f4nica dos discursos ser\u00e1 de solidariedade ao trabalhador e de coes\u00e3o para&nbsp;<a href=\"https:\/\/www1.folha.uol.com.br\/mercado\/coronavirus-o-debate-economico\/\">enfrentamento da crise em tempos de coronav\u00edrus<\/a>.\u200b<\/p>\n\n\n\n<p>O ato, planejado para simbolizar uni\u00e3o neste momento de crise,&nbsp;<a href=\"https:\/\/www1.folha.uol.com.br\/mercado\/2020\/05\/ato-unificado-do-1o-de-maio-da-centrais-sofre-desfalques-na-vespera.shtml\">sofreu dissid\u00eancias<\/a>.<\/p>\n\n\n\n<p>Convidados pela organiza\u00e7\u00e3o do ato, os presidentes da C\u00e2mara, Rodrigo Maia (DEM-RJ), do Senado, Davi Alcolumbre (DEM-AP), e do STF (Supremo Tribunal Federal), Dias Toffoli, no entanto, desistiram de mandar recado aos trabalhadores, embora seus nomes j\u00e1 constassem da grade de programa\u00e7\u00e3o.<\/p>\n\n\n\n<p>Veja abaixo algumas mensagens gravadas pelos pol\u00edticos.<\/p>\n\n\n\n<h3 class=\"wp-block-heading\">FERNANDO HENRIQUE CARDOSO (PSDB)<\/h3>\n\n\n\n<blockquote class=\"wp-block-quote is-layout-flow wp-block-quote-is-layout-flow\"><p><em>N\u00e3o \u00e9 hora de nos desunirmos. \u00c9 hora de nos juntarmos porque temos que construir um futuro. O futuro tem que ser constru\u00eddo a partir das condi\u00e7\u00f5es do presente. S\u00e3o negativas, eu sei, mas s\u00e3o as que n\u00f3s temos.<\/em><\/p><\/blockquote>\n\n\n\n<figure><iframe src=\"https:\/\/player.mais.uol.com.br\/?mediaId=16789397&amp;onDemand=true\" allowfullscreen=\"\"><\/iframe><\/figure>\n\n\n\n<h3 class=\"wp-block-heading\">LUIZ IN\u00c1CIO LULA DA SILVA (PT)<\/h3>\n\n\n\n<blockquote class=\"wp-block-quote is-layout-flow wp-block-quote-is-layout-flow\"><p><em>As grandes trag\u00e9dias tamb\u00e9m s\u00e3o reveladoras do verdadeiro car\u00e1ter das pessoas e das coisas. N\u00e3o me refiro apenas ao deboche do presidente da Rep\u00fablica com a mem\u00f3ria de mais de cinco mil brasileiros mortos pela Covid-19. A pandemia deixou o capitalismo nu.&nbsp;<\/em><\/p><\/blockquote>\n\n\n\n<figure><iframe src=\"https:\/\/player.mais.uol.com.br\/?mediaId=16789400&amp;onDemand=true\" allowfullscreen=\"\"><\/iframe><\/figure>\n\n\n\n<h3 class=\"wp-block-heading\">DILMA ROUSSEFF (PT)<\/h3>\n\n\n\n<blockquote class=\"wp-block-quote is-layout-flow wp-block-quote-is-layout-flow\"><p><em>A data deste 1\u00ba de Maio \u00e9 especialmente grave, diante da morte de mais de 5.000 brasileiros v\u00edtimas da neglig\u00eancia e da omiss\u00e3o de um governo liderado pelo mais brutal e desalmado chefe de estado entre todas as na\u00e7\u00f5es do planeta. Irresponsavelmente, Jair Bolsonaro desdenha da doen\u00e7a, zomba dos mortos e avilta a cadeira de Presidente da Rep\u00fablica.<\/em><\/p><\/blockquote>\n\n\n\n<figure><iframe src=\"https:\/\/player.mais.uol.com.br\/?mediaId=16789415&amp;onDemand=true\" allowfullscreen=\"\"><\/iframe><\/figure>\n\n\n\n<h3 class=\"wp-block-heading\">CIRO GOMES (PDT)<\/h3>\n\n\n\n<blockquote class=\"wp-block-quote is-layout-flow wp-block-quote-is-layout-flow\"><p><em>Desejo que esse 1\u00ba de Maio, apesar de tanta afli\u00e7\u00e3o e ang\u00fastia, ajude a levantar o nosso querido povo brasileiro e possamos ser capazes de organizar essa luta e reconquistar os nossos direitos.&nbsp;<\/em><\/p><\/blockquote>\n\n\n\n<figure><iframe src=\"https:\/\/player.mais.uol.com.br\/?mediaId=16789401&amp;onDemand=true\" allowfullscreen=\"\"><\/iframe><\/figure>\n\n\n\n<h3 class=\"wp-block-heading\">WILSON WITZEL (PSC)<\/h3>\n\n\n\n<blockquote class=\"wp-block-quote is-layout-flow wp-block-quote-is-layout-flow\"><p><em>Aproveito para pedir desculpas ao povo, por que eu errei. Erramos. Escolhemos um presidente que \u00e9 irrespons\u00e1vel e que n\u00e3o entendeu a responsabilidade do cargo que ocupa. Ele hoje s\u00f3 pensa nas elei\u00e7\u00f5es de 2022 e n\u00e3o exerce aquilo que n\u00f3s esper\u00e1vamos que ele exercesse, que \u00e9 governar. Que \u00e9 fazer as reformas necess\u00e1rias que o Brasil precisa.<\/em><\/p><\/blockquote>\n\n\n\n<figure><iframe src=\"https:\/\/player.mais.uol.com.br\/?mediaId=16789405&amp;onDemand=true\" allowfullscreen=\"\"><\/iframe><\/figure>\n\n\n\n<h3 class=\"wp-block-heading\">MARINA SILVA (REDE)<\/h3>\n\n\n\n<blockquote class=\"wp-block-quote is-layout-flow wp-block-quote-is-layout-flow\"><p><em>\u00c9 fundamental que estejamos unidos em torno daquilo que \u00e9 essencial: a defesa da vida, a prote\u00e7\u00e3o dos direitos e a defesa da nossa democracia.<\/em><\/p><\/blockquote>\n\n\n\n<figure><iframe src=\"https:\/\/player.mais.uol.com.br\/?mediaId=16789402&amp;onDemand=true\" allowfullscreen=\"\"><\/iframe><\/figure>\n\n\n\n<h3 class=\"wp-block-heading\">CARLOS LUPI (PDT)<\/h3>\n\n\n\n<blockquote class=\"wp-block-quote is-layout-flow wp-block-quote-is-layout-flow\"><p><em>Hoje vemos a destrui\u00e7\u00e3o pelo governo Jair Bolsonaro de tudo o que \u00e9 direto do trabalhador, de aumento real de sal\u00e1rio, destrui\u00e7\u00e3o de postos de emprego. Um verdadeiro descomando da na\u00e7\u00e3o brasileiro. E \u00e9 mais do que isso: a ignor\u00e2ncia tentando vencer a ci\u00eancia.<\/em><\/p><\/blockquote>\n\n\n\n<figure><iframe src=\"https:\/\/player.mais.uol.com.br\/?mediaId=16789404&amp;onDemand=true\" allowfullscreen=\"\"><\/iframe><\/figure>\n\n\n\n<h3 class=\"wp-block-heading\">FL\u00c1VIO DINO (PCDOB)<\/h3>\n\n\n\n<blockquote class=\"wp-block-quote is-layout-flow wp-block-quote-is-layout-flow\"><p><em>Que n\u00e3o se permita que qualquer governo com del\u00edrios autorit\u00e1rios queira retomar o processo de ditadura e de autoritarismo no nosso pa\u00eds.<\/em><\/p><\/blockquote>\n\n\n\n<figure><iframe src=\"https:\/\/player.mais.uol.com.br\/?mediaId=16789412&amp;onDemand=true\" allowfullscreen=\"\"><\/iframe><\/figure>\n\n\n\n<p><\/p>\n\n\n\n<p><a href=\"https:\/\/www1.folha.uol.com.br\/mercado\/2020\/05\/veja-mensagens-gravadas-por-lula-fhc-ciro-e-outros-politicos-para-1o-de-maio-das-centrais-sindicais.shtml#\"><\/a><a href=\"https:\/\/www1.folha.uol.com.br\/mercado\/2020\/05\/veja-mensagens-gravadas-por-lula-fhc-ciro-e-outros-politicos-para-1o-de-maio-das-centrais-sindicais.shtml#\"><\/a><\/p>\n\n\n\n<p><\/p>\n","protected":false},"excerpt":{"rendered":"<p>A t\u00f4nica dos discursos ser\u00e1 de solidariedade ao trabalhador e de coes\u00e3o para&nbsp;enfrentamento da crise em tempos de coronav\u00edrus.\u200b O ato, planejado para simbolizar uni\u00e3o neste momento de crise,&nbsp;sofreu dissid\u00eancias. Convidados pela organiza\u00e7\u00e3o do ato, os presidentes da C\u00e2mara, Rodrigo Maia (DEM-RJ), do Senado, Davi Alcolumbre (DEM-AP), e do STF (Supremo Tribunal Federal), Dias Toffoli,&#8230;<a class=\"more-link\" href=\"http:\/\/blogdalucianaoliveira.com.br\/blog\/2020\/05\/01\/veja-mensagens-gravadas-por-lula-fhc-ciro-e-outros-politicos-para-1o-de-maio-das-centrais-sindicais\/\">Continue a leitura <span class=\"meta-nav\">&raquo;<\/span><\/a><\/p>\n","protected":false},"author":1,"featured_media":0,"comment_status":"closed","ping_status":"open","sticky":false,"template":"","format":"standard","meta":{"_exactmetrics_skip_tracking":false,"_exactmetrics_sitenote_active":false,"_exactmetrics_sitenote_note":"","_exactmetrics_sitenote_category":0,"jetpack_post_was_ever_published":false,"_jetpack_newsletter_access":"","_jetpack_dont_email_post_to_subs":false,"_jetpack_newsletter_tier_id":0,"_jetpack_memberships_contains_paywalled_content":false,"_jetpack_memberships_contains_paid_content":false,"footnotes":"","jetpack_publicize_message":"","jetpack_publicize_feature_enabled":true,"jetpack_social_post_already_shared":true,"jetpack_social_options":{"image_generator_settings":{"template":"highway","enabled":false},"version":2}},"categories":[1],"tags":[],"class_list":["post-27874","post","type-post","status-publish","format-standard","hentry","category-notas"],"jetpack_publicize_connections":[],"jetpack_sharing_enabled":true,"jetpack_featured_media_url":"","jetpack_shortlink":"https:\/\/wp.me\/p7wKYW-7fA","jetpack-related-posts":[],"_links":{"self":[{"href":"http:\/\/blogdalucianaoliveira.com.br\/blog\/wp-json\/wp\/v2\/posts\/27874","targetHints":{"allow":["GET"]}}],"collection":[{"href":"http:\/\/blogdalucianaoliveira.com.br\/blog\/wp-json\/wp\/v2\/posts"}],"about":[{"href":"http:\/\/blogdalucianaoliveira.com.br\/blog\/wp-json\/wp\/v2\/types\/post"}],"author":[{"embeddable":true,"href":"http:\/\/blogdalucianaoliveira.com.br\/blog\/wp-json\/wp\/v2\/users\/1"}],"replies":[{"embeddable":true,"href":"http:\/\/blogdalucianaoliveira.com.br\/blog\/wp-json\/wp\/v2\/comments?post=27874"}],"version-history":[{"count":2,"href":"http:\/\/blogdalucianaoliveira.com.br\/blog\/wp-json\/wp\/v2\/posts\/27874\/revisions"}],"predecessor-version":[{"id":27879,"href":"http:\/\/blogdalucianaoliveira.com.br\/blog\/wp-json\/wp\/v2\/posts\/27874\/revisions\/27879"}],"wp:attachment":[{"href":"http:\/\/blogdalucianaoliveira.com.br\/blog\/wp-json\/wp\/v2\/media?parent=27874"}],"wp:term":[{"taxonomy":"category","embeddable":true,"href":"http:\/\/blogdalucianaoliveira.com.br\/blog\/wp-json\/wp\/v2\/categories?post=27874"},{"taxonomy":"post_tag","embeddable":true,"href":"http:\/\/blogdalucianaoliveira.com.br\/blog\/wp-json\/wp\/v2\/tags?post=27874"}],"curies":[{"name":"wp","href":"https:\/\/api.w.org\/{rel}","templated":true}]}}