{"id":27880,"date":"2020-05-01T17:05:08","date_gmt":"2020-05-01T21:05:08","guid":{"rendered":"http:\/\/blogdalucianaoliveira.com.br\/blog\/?p=27880"},"modified":"2020-05-01T17:05:15","modified_gmt":"2020-05-01T21:05:15","slug":"brasil-registra-mais-de-6-000-mortes-por-coronavirus-com-428-novos-obitos-em-24-h","status":"publish","type":"post","link":"http:\/\/blogdalucianaoliveira.com.br\/blog\/2020\/05\/01\/brasil-registra-mais-de-6-000-mortes-por-coronavirus-com-428-novos-obitos-em-24-h\/","title":{"rendered":"Brasil registra mais de 6.000 mortes por coronav\u00edrus, com 428 novos \u00f3bitos em 24 h"},"content":{"rendered":"\n<figure class=\"wp-block-image size-large\"><img data-recalc-dims=\"1\" loading=\"lazy\" decoding=\"async\" width=\"600\" height=\"400\" data-attachment-id=\"27881\" data-permalink=\"http:\/\/blogdalucianaoliveira.com.br\/blog\/2020\/05\/01\/brasil-registra-mais-de-6-000-mortes-por-coronavirus-com-428-novos-obitos-em-24-h\/image-1-10\/\" data-orig-file=\"https:\/\/i0.wp.com\/blogdalucianaoliveira.com.br\/blog\/wp-content\/uploads\/2020\/05\/image-1.jpeg?fit=1024%2C683\" data-orig-size=\"1024,683\" data-comments-opened=\"0\" data-image-meta=\"{&quot;aperture&quot;:&quot;0&quot;,&quot;credit&quot;:&quot;&quot;,&quot;camera&quot;:&quot;&quot;,&quot;caption&quot;:&quot;&quot;,&quot;created_timestamp&quot;:&quot;0&quot;,&quot;copyright&quot;:&quot;&quot;,&quot;focal_length&quot;:&quot;0&quot;,&quot;iso&quot;:&quot;0&quot;,&quot;shutter_speed&quot;:&quot;0&quot;,&quot;title&quot;:&quot;&quot;,&quot;orientation&quot;:&quot;0&quot;}\" data-image-title=\"image-1\" data-image-description=\"\" data-image-caption=\"\" data-medium-file=\"https:\/\/i0.wp.com\/blogdalucianaoliveira.com.br\/blog\/wp-content\/uploads\/2020\/05\/image-1.jpeg?fit=300%2C200\" data-large-file=\"https:\/\/i0.wp.com\/blogdalucianaoliveira.com.br\/blog\/wp-content\/uploads\/2020\/05\/image-1.jpeg?fit=600%2C400\" src=\"https:\/\/i0.wp.com\/blogdalucianaoliveira.com.br\/blog\/wp-content\/uploads\/2020\/05\/image-1.jpeg?resize=600%2C400\" alt=\"\" class=\"wp-image-27881\" srcset=\"https:\/\/i0.wp.com\/blogdalucianaoliveira.com.br\/blog\/wp-content\/uploads\/2020\/05\/image-1.jpeg?w=1024 1024w, https:\/\/i0.wp.com\/blogdalucianaoliveira.com.br\/blog\/wp-content\/uploads\/2020\/05\/image-1.jpeg?resize=300%2C200 300w, https:\/\/i0.wp.com\/blogdalucianaoliveira.com.br\/blog\/wp-content\/uploads\/2020\/05\/image-1.jpeg?resize=768%2C512 768w, https:\/\/i0.wp.com\/blogdalucianaoliveira.com.br\/blog\/wp-content\/uploads\/2020\/05\/image-1.jpeg?resize=450%2C300 450w\" sizes=\"auto, (max-width: 600px) 100vw, 600px\" \/><\/figure>\n\n\n\n<p>Total de pessoas infectadas pelo v\u00edrus no pa\u00eds sobe 7% e chega a 91.589.<\/p>\n\n\n\n<!--more-->\n\n\n\n<p>Na FSP<\/p>\n\n\n\n<p>O Brasil registrou 428 novas mortes e 6.209 novos casos confirmados de coronav\u00edrus nas \u00faltimas 24 horas, segundo boletim do Minist\u00e9rio da Sa\u00fade divulgado nesta sexta-feira (1).<\/p>\n\n\n\n<p>Agora, o pa\u00eds tem ao todo 6.329 \u00f3bitos e 91.589 casos de infec\u00e7\u00e3o por coronav\u00edrus.<\/p>\n\n\n\n<p>O\u00a0<a href=\"https:\/\/www1.folha.uol.com.br\/equilibrioesaude\/2020\/04\/taxa-de-ocupacao-de-leitos-de-uti-faz-sp-buscar-vagas-para-pacientes-no-interior-de-sp.shtml\">estado mais afetado \u00e9 S\u00e3o Paulo,<\/a>\u00a0com 2.511 mortes e 30.374 casos. Na sequ\u00eancia aparece o Rio de Janeiro, que registra 921 mortes e 10.166 casos.<\/p>\n\n\n\n<p>Em rela\u00e7\u00e3o ao n\u00famero de mortes, Pernambuco tem 603, o Cear\u00e1, 505, e o<a href=\"https:\/\/www1.folha.uol.com.br\/cotidiano\/2020\/04\/sem-espaco-para-enterrar-as-vitimas-da-covid-19-manaus-empilha-caixoes.shtml\">&nbsp;Amazonas registra 505 \u00f3bitos<\/a>.<\/p>\n\n\n\n<p>Segundo o Minist\u00e9rio da Sa\u00fade, 1.642 \u00f3bitos est\u00e3o sob investiga\u00e7\u00e3o para o Covid-19. A pasta j\u00e1 ressaltou que os dados sobre o coronav\u00edrus capturam uma parte da realidade, uma vez que h\u00e1 subnotifica\u00e7\u00e3o da doen\u00e7a.<\/p>\n\n\n\n<p>Na quinta-feira (30), o Brasil havia\u00a0<a href=\"https:\/\/www1.folha.uol.com.br\/equilibrioesaude\/2020\/04\/brasil-ultrapassa-a-china-em-numero-de-casos-de-coronavirus-e-e-o-10o-no-ranking-mundial.shtml\">ultrapassado a China em n\u00famero de pessoas infectadas<\/a>. O Brasil \u00e9 hoje o 10\u00ba pa\u00eds no ranking mundial nesse quesito \u2014os Estados Unidos s\u00e3o o local onde h\u00e1 mais casos, com mais de 1 milh\u00e3o registrados, seguido pela Espanha, com mais de 213 mil infectados.<\/p>\n\n\n\n<p>J\u00e1 a China tem 83.958 casos confirmados. Os dados dos pa\u00edses s\u00e3o da&nbsp;<a href=\"https:\/\/gisanddata.maps.arcgis.com\/apps\/opsdashboard\/index.html#\/bda7594740fd40299423467b48e9ecf6\">Universidade Johns Hopkins, nos EUA,<\/a>&nbsp;que monitora a pandemia.<\/p>\n\n\n\n<p>O Brasil j\u00e1 tinha passado a China, onde o v\u00edrus surgiu, em n\u00famero total de mortes na ter\u00e7a-feira (28), quando o total passou a\u00a0<a href=\"https:\/\/covid.saude.gov.br\/\">5.017 mortes por Covid-19<\/a>.<\/p>\n\n\n\n<figure class=\"wp-block-image size-large\"><img data-recalc-dims=\"1\" loading=\"lazy\" decoding=\"async\" width=\"600\" height=\"685\" data-attachment-id=\"27882\" data-permalink=\"http:\/\/blogdalucianaoliveira.com.br\/blog\/2020\/05\/01\/brasil-registra-mais-de-6-000-mortes-por-coronavirus-com-428-novos-obitos-em-24-h\/0eb5dc8d-e742-4294-a2b0-365f4e332c09\/\" data-orig-file=\"https:\/\/i0.wp.com\/blogdalucianaoliveira.com.br\/blog\/wp-content\/uploads\/2020\/05\/0EB5DC8D-E742-4294-A2B0-365F4E332C09.jpeg?fit=828%2C945\" data-orig-size=\"828,945\" data-comments-opened=\"0\" data-image-meta=\"{&quot;aperture&quot;:&quot;0&quot;,&quot;credit&quot;:&quot;&quot;,&quot;camera&quot;:&quot;&quot;,&quot;caption&quot;:&quot;&quot;,&quot;created_timestamp&quot;:&quot;0&quot;,&quot;copyright&quot;:&quot;&quot;,&quot;focal_length&quot;:&quot;0&quot;,&quot;iso&quot;:&quot;0&quot;,&quot;shutter_speed&quot;:&quot;0&quot;,&quot;title&quot;:&quot;&quot;,&quot;orientation&quot;:&quot;0&quot;}\" data-image-title=\"0EB5DC8D-E742-4294-A2B0-365F4E332C09\" data-image-description=\"\" data-image-caption=\"\" data-medium-file=\"https:\/\/i0.wp.com\/blogdalucianaoliveira.com.br\/blog\/wp-content\/uploads\/2020\/05\/0EB5DC8D-E742-4294-A2B0-365F4E332C09.jpeg?fit=263%2C300\" data-large-file=\"https:\/\/i0.wp.com\/blogdalucianaoliveira.com.br\/blog\/wp-content\/uploads\/2020\/05\/0EB5DC8D-E742-4294-A2B0-365F4E332C09.jpeg?fit=600%2C685\" src=\"https:\/\/i0.wp.com\/blogdalucianaoliveira.com.br\/blog\/wp-content\/uploads\/2020\/05\/0EB5DC8D-E742-4294-A2B0-365F4E332C09.jpeg?resize=600%2C685\" alt=\"\" class=\"wp-image-27882\" srcset=\"https:\/\/i0.wp.com\/blogdalucianaoliveira.com.br\/blog\/wp-content\/uploads\/2020\/05\/0EB5DC8D-E742-4294-A2B0-365F4E332C09.jpeg?w=828 828w, https:\/\/i0.wp.com\/blogdalucianaoliveira.com.br\/blog\/wp-content\/uploads\/2020\/05\/0EB5DC8D-E742-4294-A2B0-365F4E332C09.jpeg?resize=263%2C300 263w, https:\/\/i0.wp.com\/blogdalucianaoliveira.com.br\/blog\/wp-content\/uploads\/2020\/05\/0EB5DC8D-E742-4294-A2B0-365F4E332C09.jpeg?resize=768%2C877 768w\" sizes=\"auto, (max-width: 600px) 100vw, 600px\" \/><\/figure>\n\n\n\n<figure class=\"wp-block-image size-large\"><img data-recalc-dims=\"1\" loading=\"lazy\" decoding=\"async\" width=\"600\" height=\"525\" data-attachment-id=\"27883\" data-permalink=\"http:\/\/blogdalucianaoliveira.com.br\/blog\/2020\/05\/01\/brasil-registra-mais-de-6-000-mortes-por-coronavirus-com-428-novos-obitos-em-24-h\/864ddb4f-29a3-4a73-b548-1a751c67bee0\/\" data-orig-file=\"https:\/\/i0.wp.com\/blogdalucianaoliveira.com.br\/blog\/wp-content\/uploads\/2020\/05\/864DDB4F-29A3-4A73-B548-1A751C67BEE0.jpeg?fit=828%2C724\" data-orig-size=\"828,724\" data-comments-opened=\"0\" data-image-meta=\"{&quot;aperture&quot;:&quot;0&quot;,&quot;credit&quot;:&quot;&quot;,&quot;camera&quot;:&quot;&quot;,&quot;caption&quot;:&quot;&quot;,&quot;created_timestamp&quot;:&quot;0&quot;,&quot;copyright&quot;:&quot;&quot;,&quot;focal_length&quot;:&quot;0&quot;,&quot;iso&quot;:&quot;0&quot;,&quot;shutter_speed&quot;:&quot;0&quot;,&quot;title&quot;:&quot;&quot;,&quot;orientation&quot;:&quot;0&quot;}\" data-image-title=\"864DDB4F-29A3-4A73-B548-1A751C67BEE0\" data-image-description=\"\" data-image-caption=\"\" data-medium-file=\"https:\/\/i0.wp.com\/blogdalucianaoliveira.com.br\/blog\/wp-content\/uploads\/2020\/05\/864DDB4F-29A3-4A73-B548-1A751C67BEE0.jpeg?fit=300%2C262\" data-large-file=\"https:\/\/i0.wp.com\/blogdalucianaoliveira.com.br\/blog\/wp-content\/uploads\/2020\/05\/864DDB4F-29A3-4A73-B548-1A751C67BEE0.jpeg?fit=600%2C525\" src=\"https:\/\/i0.wp.com\/blogdalucianaoliveira.com.br\/blog\/wp-content\/uploads\/2020\/05\/864DDB4F-29A3-4A73-B548-1A751C67BEE0.jpeg?resize=600%2C525\" alt=\"\" class=\"wp-image-27883\" srcset=\"https:\/\/i0.wp.com\/blogdalucianaoliveira.com.br\/blog\/wp-content\/uploads\/2020\/05\/864DDB4F-29A3-4A73-B548-1A751C67BEE0.jpeg?w=828 828w, https:\/\/i0.wp.com\/blogdalucianaoliveira.com.br\/blog\/wp-content\/uploads\/2020\/05\/864DDB4F-29A3-4A73-B548-1A751C67BEE0.jpeg?resize=300%2C262 300w, https:\/\/i0.wp.com\/blogdalucianaoliveira.com.br\/blog\/wp-content\/uploads\/2020\/05\/864DDB4F-29A3-4A73-B548-1A751C67BEE0.jpeg?resize=768%2C672 768w, https:\/\/i0.wp.com\/blogdalucianaoliveira.com.br\/blog\/wp-content\/uploads\/2020\/05\/864DDB4F-29A3-4A73-B548-1A751C67BEE0.jpeg?resize=343%2C300 343w\" sizes=\"auto, (max-width: 600px) 100vw, 600px\" \/><\/figure>\n","protected":false},"excerpt":{"rendered":"<p>Total de pessoas infectadas pelo v\u00edrus no pa\u00eds sobe 7% e chega a 91.589.<\/p>\n","protected":false},"author":1,"featured_media":0,"comment_status":"closed","ping_status":"open","sticky":false,"template":"","format":"standard","meta":{"_exactmetrics_skip_tracking":false,"_exactmetrics_sitenote_active":false,"_exactmetrics_sitenote_note":"","_exactmetrics_sitenote_category":0,"jetpack_post_was_ever_published":false,"_jetpack_newsletter_access":"","_jetpack_dont_email_post_to_subs":false,"_jetpack_newsletter_tier_id":0,"_jetpack_memberships_contains_paywalled_content":false,"_jetpack_memberships_contains_paid_content":false,"footnotes":"","jetpack_publicize_message":"","jetpack_publicize_feature_enabled":true,"jetpack_social_post_already_shared":true,"jetpack_social_options":{"image_generator_settings":{"template":"highway","enabled":false},"version":2}},"categories":[1],"tags":[],"class_list":["post-27880","post","type-post","status-publish","format-standard","hentry","category-notas"],"jetpack_publicize_connections":[],"jetpack_sharing_enabled":true,"jetpack_featured_media_url":"","jetpack_shortlink":"https:\/\/wp.me\/p7wKYW-7fG","jetpack-related-posts":[],"_links":{"self":[{"href":"http:\/\/blogdalucianaoliveira.com.br\/blog\/wp-json\/wp\/v2\/posts\/27880","targetHints":{"allow":["GET"]}}],"collection":[{"href":"http:\/\/blogdalucianaoliveira.com.br\/blog\/wp-json\/wp\/v2\/posts"}],"about":[{"href":"http:\/\/blogdalucianaoliveira.com.br\/blog\/wp-json\/wp\/v2\/types\/post"}],"author":[{"embeddable":true,"href":"http:\/\/blogdalucianaoliveira.com.br\/blog\/wp-json\/wp\/v2\/users\/1"}],"replies":[{"embeddable":true,"href":"http:\/\/blogdalucianaoliveira.com.br\/blog\/wp-json\/wp\/v2\/comments?post=27880"}],"version-history":[{"count":1,"href":"http:\/\/blogdalucianaoliveira.com.br\/blog\/wp-json\/wp\/v2\/posts\/27880\/revisions"}],"predecessor-version":[{"id":27884,"href":"http:\/\/blogdalucianaoliveira.com.br\/blog\/wp-json\/wp\/v2\/posts\/27880\/revisions\/27884"}],"wp:attachment":[{"href":"http:\/\/blogdalucianaoliveira.com.br\/blog\/wp-json\/wp\/v2\/media?parent=27880"}],"wp:term":[{"taxonomy":"category","embeddable":true,"href":"http:\/\/blogdalucianaoliveira.com.br\/blog\/wp-json\/wp\/v2\/categories?post=27880"},{"taxonomy":"post_tag","embeddable":true,"href":"http:\/\/blogdalucianaoliveira.com.br\/blog\/wp-json\/wp\/v2\/tags?post=27880"}],"curies":[{"name":"wp","href":"https:\/\/api.w.org\/{rel}","templated":true}]}}